{"id":30817,"date":"2021-01-02T21:20:44","date_gmt":"2021-01-02T20:20:44","guid":{"rendered":"https:\/\/batitrakya.live\/?p=30817"},"modified":"2021-01-02T21:20:44","modified_gmt":"2021-01-02T20:20:44","slug":"yunanistanda-ocak-kirasi-odenmeyecek","status":"publish","type":"post","link":"https:\/\/batitrakya.live\/index.php\/yunanistanda-ocak-kirasi-odenmeyecek\/","title":{"rendered":"Yunanistan&#8217;da Ocak ay\u0131 kiras\u0131 \u00f6denmeyecek&#8230;"},"content":{"rendered":"<p>Pandemi nedeniyle al\u0131nan \u00f6nlemler \u00e7er\u00e7evesinde, 11 Ocak tarihine kadar kapal\u0131 kalacak i\u015f yerleri i\u00e7in Ocak ay\u0131nda kira \u00f6denmeyecek. M\u00fclk sahiplerinin kayb\u0131 ise devlet taraf\u0131ndan y\u00fczde 80 oran\u0131nda kar\u015f\u0131lanacak.<\/p>\n<p>Pandemi nedeniyle al\u0131nan \u00f6nlemler \u00e7er\u00e7evesinde, 11 Ocak tarihine kadar kapal\u0131 kalacak i\u015f yerleri i\u00e7in Ocak ay\u0131nda kira \u00f6denmeyecek. M\u00fclk sahiplerinin kayb\u0131 ise devlet taraf\u0131ndan y\u00fczde 80 oran\u0131nda kar\u015f\u0131lanacak.<\/p>\n<p>Maliye Bakanl\u0131\u011f\u0131\u2019ndan yap\u0131lan a\u00e7\u0131klamaya g\u00f6re, perakende sat\u0131\u015f ma\u011fazalar\u0131, restoran &#8211; kafeler, spor salonlar\u0131, kuaf\u00f6rler, g\u00fczellik salonlar\u0131 vs. gibi \u00f6n\u00fcm\u00fczdeki hafta kapal\u0131 kalacak i\u015f yerleri sahipleri ocak ay\u0131 kiras\u0131n\u0131 \u00f6demeyecek.<\/p>\n<p>M\u00fclk sahiplerine, devlet b\u00fct\u00e7esinden kira bedelinin y\u00fczde 80\u2019i verilecek.<\/p>\n<p>S\u00f6z konusu destek, 11 Ocak tarihine kadar devlet karar\u0131yla kapal\u0131 t\u00fcm i\u015fletmeleri kaps\u0131yor.<\/p>\n","protected":false},"excerpt":{"rendered":"<p>Pandemi nedeniyle al\u0131nan \u00f6nlemler \u00e7er\u00e7evesinde, 11 Ocak tarihine kadar kapal\u0131 kalacak i\u015f yerleri i\u00e7in Ocak ay\u0131nda kira \u00f6denmeyecek. M\u00fclk sahiplerinin kayb\u0131 ise devlet taraf\u0131ndan y\u00fczde 80 oran\u0131nda kar\u015f\u0131lanacak. Pandemi nedeniyle al\u0131nan \u00f6nlemler \u00e7er\u00e7evesinde, 11 Ocak tarihine kadar kapal\u0131 kalacak i\u015f yerleri i\u00e7in Ocak ay\u0131nda kira \u00f6denmeyecek. M\u00fclk sahiplerinin kayb\u0131 ise devlet taraf\u0131ndan y\u00fczde 80 oran\u0131nda &hellip;<\/p>\n","protected":false},"author":1,"featured_media":30818,"comment_status":"open","ping_status":"open","sticky":false,"template":"","format":"standard","meta":{"footnotes":""},"categories":[57],"tags":[48,119],"class_list":["post-30817","post","type-post","status-publish","format-standard","has-post-thumbnail","hentry","category-yunanistan","tag-bati-trakya","tag-yardim"],"yoast_head":"<!-- This site is optimized with the Yoast SEO Premium plugin v26.3 (Yoast SEO v27.3) - https:\/\/yoast.com\/product\/yoast-seo-premium-wordpress\/ -->\n<title>Yunanistan&#039;da Ocak ay\u0131 kiras\u0131 \u00f6denmeyecek... - Bat\u0131 Trakya Haber<\/title>\n<meta name=\"robots\" content=\"index, follow, max-snippet:-1, max-image-preview:large, max-video-preview:-1\" \/>\n<link rel=\"canonical\" href=\"https:\/\/batitrakya.live\/index.php\/yunanistanda-ocak-kirasi-odenmeyecek\/\" \/>\n<meta property=\"og:locale\" content=\"tr_TR\" \/>\n<meta property=\"og:type\" content=\"article\" \/>\n<meta property=\"og:title\" content=\"Yunanistan&#039;da Ocak ay\u0131 kiras\u0131 \u00f6denmeyecek...\" \/>\n<meta property=\"og:description\" content=\"Pandemi nedeniyle al\u0131nan \u00f6nlemler \u00e7er\u00e7evesinde, 11 Ocak tarihine kadar kapal\u0131 kalacak i\u015f yerleri i\u00e7in Ocak ay\u0131nda kira \u00f6denmeyecek. M\u00fclk sahiplerinin kayb\u0131 ise devlet taraf\u0131ndan y\u00fczde 80 oran\u0131nda kar\u015f\u0131lanacak. Pandemi nedeniyle al\u0131nan \u00f6nlemler \u00e7er\u00e7evesinde, 11 Ocak tarihine kadar kapal\u0131 kalacak i\u015f yerleri i\u00e7in Ocak ay\u0131nda kira \u00f6denmeyecek. M\u00fclk sahiplerinin kayb\u0131 ise devlet taraf\u0131ndan y\u00fczde 80 oran\u0131nda &hellip;\" \/>\n<meta property=\"og:url\" content=\"https:\/\/batitrakya.live\/index.php\/yunanistanda-ocak-kirasi-odenmeyecek\/\" \/>\n<meta property=\"og:site_name\" content=\"Bat\u0131 Trakya Haber\" \/>\n<meta property=\"article:published_time\" content=\"2021-01-02T20:20:44+00:00\" \/>\n<meta property=\"og:image\" content=\"https:\/\/batitrakya.live\/wp-content\/uploads\/2021\/01\/selanik.jpg\" \/>\n\t<meta property=\"og:image:width\" content=\"617\" \/>\n\t<meta property=\"og:image:height\" content=\"348\" \/>\n\t<meta property=\"og:image:type\" content=\"image\/jpeg\" \/>\n<meta name=\"author\" content=\"tamer\" \/>\n<meta name=\"twitter:card\" content=\"summary_large_image\" \/>\n<meta name=\"twitter:label1\" content=\"Yazan:\" \/>\n\t<meta name=\"twitter:data1\" content=\"tamer\" \/>\n\t<meta name=\"twitter:label2\" content=\"Tahmini okuma s\u00fcresi\" \/>\n\t<meta name=\"twitter:data2\" content=\"1 dakika\" \/>\n<script type=\"application\/ld+json\" class=\"yoast-schema-graph\">{\"@context\":\"https:\\\/\\\/schema.org\",\"@graph\":[{\"@type\":\"Article\",\"@id\":\"https:\\\/\\\/batitrakya.live\\\/index.php\\\/yunanistanda-ocak-kirasi-odenmeyecek\\\/#article\",\"isPartOf\":{\"@id\":\"https:\\\/\\\/batitrakya.live\\\/index.php\\\/yunanistanda-ocak-kirasi-odenmeyecek\\\/\"},\"author\":{\"name\":\"tamer\",\"@id\":\"https:\\\/\\\/batitrakya.live\\\/#\\\/schema\\\/person\\\/61b86abbc19e5fa0bbc3059670546fe5\"},\"headline\":\"Yunanistan&#8217;da Ocak ay\u0131 kiras\u0131 \u00f6denmeyecek&#8230;\",\"datePublished\":\"2021-01-02T20:20:44+00:00\",\"mainEntityOfPage\":{\"@id\":\"https:\\\/\\\/batitrakya.live\\\/index.php\\\/yunanistanda-ocak-kirasi-odenmeyecek\\\/\"},\"wordCount\":145,\"commentCount\":0,\"image\":{\"@id\":\"https:\\\/\\\/batitrakya.live\\\/index.php\\\/yunanistanda-ocak-kirasi-odenmeyecek\\\/#primaryimage\"},\"thumbnailUrl\":\"https:\\\/\\\/batitrakya.live\\\/wp-content\\\/uploads\\\/2021\\\/01\\\/selanik.jpg\",\"keywords\":[\"Bat\u0131 Trakya\",\"Yard\u0131m\"],\"articleSection\":[\"Yunanistan Haber\"],\"inLanguage\":\"tr\",\"potentialAction\":[{\"@type\":\"CommentAction\",\"name\":\"Comment\",\"target\":[\"https:\\\/\\\/batitrakya.live\\\/index.php\\\/yunanistanda-ocak-kirasi-odenmeyecek\\\/#respond\"]}],\"copyrightYear\":\"2021\",\"copyrightHolder\":{\"@id\":\"https:\\\/\\\/batitrakya.live\\\/#organization\"}},{\"@type\":\"WebPage\",\"@id\":\"https:\\\/\\\/batitrakya.live\\\/index.php\\\/yunanistanda-ocak-kirasi-odenmeyecek\\\/\",\"url\":\"https:\\\/\\\/batitrakya.live\\\/index.php\\\/yunanistanda-ocak-kirasi-odenmeyecek\\\/\",\"name\":\"Yunanistan'da Ocak ay\u0131 kiras\u0131 \u00f6denmeyecek... - Bat\u0131 Trakya Haber\",\"isPartOf\":{\"@id\":\"https:\\\/\\\/batitrakya.live\\\/#website\"},\"primaryImageOfPage\":{\"@id\":\"https:\\\/\\\/batitrakya.live\\\/index.php\\\/yunanistanda-ocak-kirasi-odenmeyecek\\\/#primaryimage\"},\"image\":{\"@id\":\"https:\\\/\\\/batitrakya.live\\\/index.php\\\/yunanistanda-ocak-kirasi-odenmeyecek\\\/#primaryimage\"},\"thumbnailUrl\":\"https:\\\/\\\/batitrakya.live\\\/wp-content\\\/uploads\\\/2021\\\/01\\\/selanik.jpg\",\"datePublished\":\"2021-01-02T20:20:44+00:00\",\"author\":{\"@id\":\"https:\\\/\\\/batitrakya.live\\\/#\\\/schema\\\/person\\\/61b86abbc19e5fa0bbc3059670546fe5\"},\"breadcrumb\":{\"@id\":\"https:\\\/\\\/batitrakya.live\\\/index.php\\\/yunanistanda-ocak-kirasi-odenmeyecek\\\/#breadcrumb\"},\"inLanguage\":\"tr\",\"potentialAction\":[{\"@type\":\"ReadAction\",\"target\":[\"https:\\\/\\\/batitrakya.live\\\/index.php\\\/yunanistanda-ocak-kirasi-odenmeyecek\\\/\"]}]},{\"@type\":\"ImageObject\",\"inLanguage\":\"tr\",\"@id\":\"https:\\\/\\\/batitrakya.live\\\/index.php\\\/yunanistanda-ocak-kirasi-odenmeyecek\\\/#primaryimage\",\"url\":\"https:\\\/\\\/batitrakya.live\\\/wp-content\\\/uploads\\\/2021\\\/01\\\/selanik.jpg\",\"contentUrl\":\"https:\\\/\\\/batitrakya.live\\\/wp-content\\\/uploads\\\/2021\\\/01\\\/selanik.jpg\",\"width\":617,\"height\":348},{\"@type\":\"BreadcrumbList\",\"@id\":\"https:\\\/\\\/batitrakya.live\\\/index.php\\\/yunanistanda-ocak-kirasi-odenmeyecek\\\/#breadcrumb\",\"itemListElement\":[{\"@type\":\"ListItem\",\"position\":1,\"name\":\"Anasayfa\",\"item\":\"https:\\\/\\\/batitrakya.live\\\/\"},{\"@type\":\"ListItem\",\"position\":2,\"name\":\"Yunanistan&#8217;da Ocak ay\u0131 kiras\u0131 \u00f6denmeyecek&#8230;\"}]},{\"@type\":\"WebSite\",\"@id\":\"https:\\\/\\\/batitrakya.live\\\/#website\",\"url\":\"https:\\\/\\\/batitrakya.live\\\/\",\"name\":\"Bat\u0131 Trakya Haber\",\"description\":\"Bat\u0131 Trakyan\u0131n internetteki sesi..\",\"potentialAction\":[{\"@type\":\"SearchAction\",\"target\":{\"@type\":\"EntryPoint\",\"urlTemplate\":\"https:\\\/\\\/batitrakya.live\\\/?s={search_term_string}\"},\"query-input\":{\"@type\":\"PropertyValueSpecification\",\"valueRequired\":true,\"valueName\":\"search_term_string\"}}],\"inLanguage\":\"tr\"},{\"@type\":\"Person\",\"@id\":\"https:\\\/\\\/batitrakya.live\\\/#\\\/schema\\\/person\\\/61b86abbc19e5fa0bbc3059670546fe5\",\"name\":\"tamer\",\"image\":{\"@type\":\"ImageObject\",\"inLanguage\":\"tr\",\"@id\":\"https:\\\/\\\/secure.gravatar.com\\\/avatar\\\/60b0ff14c4376999cea9565d28b91fc61ff0f727c28cd083506a6d83ad6df9c9?s=96&d=mm&r=g\",\"url\":\"https:\\\/\\\/secure.gravatar.com\\\/avatar\\\/60b0ff14c4376999cea9565d28b91fc61ff0f727c28cd083506a6d83ad6df9c9?s=96&d=mm&r=g\",\"contentUrl\":\"https:\\\/\\\/secure.gravatar.com\\\/avatar\\\/60b0ff14c4376999cea9565d28b91fc61ff0f727c28cd083506a6d83ad6df9c9?s=96&d=mm&r=g\",\"caption\":\"tamer\"},\"sameAs\":[\"https:\\\/\\\/batitrakya.live\"],\"url\":\"https:\\\/\\\/batitrakya.live\\\/index.php\\\/author\\\/tamer\\\/\"}]}<\/script>\n<!-- \/ Yoast SEO Premium plugin. -->","yoast_head_json":{"title":"Yunanistan'da Ocak ay\u0131 kiras\u0131 \u00f6denmeyecek... - Bat\u0131 Trakya Haber","robots":{"index":"index","follow":"follow","max-snippet":"max-snippet:-1","max-image-preview":"max-image-preview:large","max-video-preview":"max-video-preview:-1"},"canonical":"https:\/\/batitrakya.live\/index.php\/yunanistanda-ocak-kirasi-odenmeyecek\/","og_locale":"tr_TR","og_type":"article","og_title":"Yunanistan'da Ocak ay\u0131 kiras\u0131 \u00f6denmeyecek...","og_description":"Pandemi nedeniyle al\u0131nan \u00f6nlemler \u00e7er\u00e7evesinde, 11 Ocak tarihine kadar kapal\u0131 kalacak i\u015f yerleri i\u00e7in Ocak ay\u0131nda kira \u00f6denmeyecek. M\u00fclk sahiplerinin kayb\u0131 ise devlet taraf\u0131ndan y\u00fczde 80 oran\u0131nda kar\u015f\u0131lanacak. Pandemi nedeniyle al\u0131nan \u00f6nlemler \u00e7er\u00e7evesinde, 11 Ocak tarihine kadar kapal\u0131 kalacak i\u015f yerleri i\u00e7in Ocak ay\u0131nda kira \u00f6denmeyecek. M\u00fclk sahiplerinin kayb\u0131 ise devlet taraf\u0131ndan y\u00fczde 80 oran\u0131nda &hellip;","og_url":"https:\/\/batitrakya.live\/index.php\/yunanistanda-ocak-kirasi-odenmeyecek\/","og_site_name":"Bat\u0131 Trakya Haber","article_published_time":"2021-01-02T20:20:44+00:00","og_image":[{"width":617,"height":348,"url":"https:\/\/batitrakya.live\/wp-content\/uploads\/2021\/01\/selanik.jpg","type":"image\/jpeg"}],"author":"tamer","twitter_card":"summary_large_image","twitter_misc":{"Yazan:":"tamer","Tahmini okuma s\u00fcresi":"1 dakika"},"schema":{"@context":"https:\/\/schema.org","@graph":[{"@type":"Article","@id":"https:\/\/batitrakya.live\/index.php\/yunanistanda-ocak-kirasi-odenmeyecek\/#article","isPartOf":{"@id":"https:\/\/batitrakya.live\/index.php\/yunanistanda-ocak-kirasi-odenmeyecek\/"},"author":{"name":"tamer","@id":"https:\/\/batitrakya.live\/#\/schema\/person\/61b86abbc19e5fa0bbc3059670546fe5"},"headline":"Yunanistan&#8217;da Ocak ay\u0131 kiras\u0131 \u00f6denmeyecek&#8230;","datePublished":"2021-01-02T20:20:44+00:00","mainEntityOfPage":{"@id":"https:\/\/batitrakya.live\/index.php\/yunanistanda-ocak-kirasi-odenmeyecek\/"},"wordCount":145,"commentCount":0,"image":{"@id":"https:\/\/batitrakya.live\/index.php\/yunanistanda-ocak-kirasi-odenmeyecek\/#primaryimage"},"thumbnailUrl":"https:\/\/batitrakya.live\/wp-content\/uploads\/2021\/01\/selanik.jpg","keywords":["Bat\u0131 Trakya","Yard\u0131m"],"articleSection":["Yunanistan Haber"],"inLanguage":"tr","potentialAction":[{"@type":"CommentAction","name":"Comment","target":["https:\/\/batitrakya.live\/index.php\/yunanistanda-ocak-kirasi-odenmeyecek\/#respond"]}],"copyrightYear":"2021","copyrightHolder":{"@id":"https:\/\/batitrakya.live\/#organization"}},{"@type":"WebPage","@id":"https:\/\/batitrakya.live\/index.php\/yunanistanda-ocak-kirasi-odenmeyecek\/","url":"https:\/\/batitrakya.live\/index.php\/yunanistanda-ocak-kirasi-odenmeyecek\/","name":"Yunanistan'da Ocak ay\u0131 kiras\u0131 \u00f6denmeyecek... - Bat\u0131 Trakya Haber","isPartOf":{"@id":"https:\/\/batitrakya.live\/#website"},"primaryImageOfPage":{"@id":"https:\/\/batitrakya.live\/index.php\/yunanistanda-ocak-kirasi-odenmeyecek\/#primaryimage"},"image":{"@id":"https:\/\/batitrakya.live\/index.php\/yunanistanda-ocak-kirasi-odenmeyecek\/#primaryimage"},"thumbnailUrl":"https:\/\/batitrakya.live\/wp-content\/uploads\/2021\/01\/selanik.jpg","datePublished":"2021-01-02T20:20:44+00:00","author":{"@id":"https:\/\/batitrakya.live\/#\/schema\/person\/61b86abbc19e5fa0bbc3059670546fe5"},"breadcrumb":{"@id":"https:\/\/batitrakya.live\/index.php\/yunanistanda-ocak-kirasi-odenmeyecek\/#breadcrumb"},"inLanguage":"tr","potentialAction":[{"@type":"ReadAction","target":["https:\/\/batitrakya.live\/index.php\/yunanistanda-ocak-kirasi-odenmeyecek\/"]}]},{"@type":"ImageObject","inLanguage":"tr","@id":"https:\/\/batitrakya.live\/index.php\/yunanistanda-ocak-kirasi-odenmeyecek\/#primaryimage","url":"https:\/\/batitrakya.live\/wp-content\/uploads\/2021\/01\/selanik.jpg","contentUrl":"https:\/\/batitrakya.live\/wp-content\/uploads\/2021\/01\/selanik.jpg","width":617,"height":348},{"@type":"BreadcrumbList","@id":"https:\/\/batitrakya.live\/index.php\/yunanistanda-ocak-kirasi-odenmeyecek\/#breadcrumb","itemListElement":[{"@type":"ListItem","position":1,"name":"Anasayfa","item":"https:\/\/batitrakya.live\/"},{"@type":"ListItem","position":2,"name":"Yunanistan&#8217;da Ocak ay\u0131 kiras\u0131 \u00f6denmeyecek&#8230;"}]},{"@type":"WebSite","@id":"https:\/\/batitrakya.live\/#website","url":"https:\/\/batitrakya.live\/","name":"Bat\u0131 Trakya Haber","description":"Bat\u0131 Trakyan\u0131n internetteki sesi..","potentialAction":[{"@type":"SearchAction","target":{"@type":"EntryPoint","urlTemplate":"https:\/\/batitrakya.live\/?s={search_term_string}"},"query-input":{"@type":"PropertyValueSpecification","valueRequired":true,"valueName":"search_term_string"}}],"inLanguage":"tr"},{"@type":"Person","@id":"https:\/\/batitrakya.live\/#\/schema\/person\/61b86abbc19e5fa0bbc3059670546fe5","name":"tamer","image":{"@type":"ImageObject","inLanguage":"tr","@id":"https:\/\/secure.gravatar.com\/avatar\/60b0ff14c4376999cea9565d28b91fc61ff0f727c28cd083506a6d83ad6df9c9?s=96&d=mm&r=g","url":"https:\/\/secure.gravatar.com\/avatar\/60b0ff14c4376999cea9565d28b91fc61ff0f727c28cd083506a6d83ad6df9c9?s=96&d=mm&r=g","contentUrl":"https:\/\/secure.gravatar.com\/avatar\/60b0ff14c4376999cea9565d28b91fc61ff0f727c28cd083506a6d83ad6df9c9?s=96&d=mm&r=g","caption":"tamer"},"sameAs":["https:\/\/batitrakya.live"],"url":"https:\/\/batitrakya.live\/index.php\/author\/tamer\/"}]}},"_links":{"self":[{"href":"https:\/\/batitrakya.live\/index.php\/wp-json\/wp\/v2\/posts\/30817","targetHints":{"allow":["GET"]}}],"collection":[{"href":"https:\/\/batitrakya.live\/index.php\/wp-json\/wp\/v2\/posts"}],"about":[{"href":"https:\/\/batitrakya.live\/index.php\/wp-json\/wp\/v2\/types\/post"}],"author":[{"embeddable":true,"href":"https:\/\/batitrakya.live\/index.php\/wp-json\/wp\/v2\/users\/1"}],"replies":[{"embeddable":true,"href":"https:\/\/batitrakya.live\/index.php\/wp-json\/wp\/v2\/comments?post=30817"}],"version-history":[{"count":0,"href":"https:\/\/batitrakya.live\/index.php\/wp-json\/wp\/v2\/posts\/30817\/revisions"}],"wp:featuredmedia":[{"embeddable":true,"href":"https:\/\/batitrakya.live\/index.php\/wp-json\/wp\/v2\/media\/30818"}],"wp:attachment":[{"href":"https:\/\/batitrakya.live\/index.php\/wp-json\/wp\/v2\/media?parent=30817"}],"wp:term":[{"taxonomy":"category","embeddable":true,"href":"https:\/\/batitrakya.live\/index.php\/wp-json\/wp\/v2\/categories?post=30817"},{"taxonomy":"post_tag","embeddable":true,"href":"https:\/\/batitrakya.live\/index.php\/wp-json\/wp\/v2\/tags?post=30817"}],"curies":[{"name":"wp","href":"https:\/\/api.w.org\/{rel}","templated":true}]}}