{"id":30789,"date":"2020-12-31T17:32:05","date_gmt":"2020-12-31T16:32:05","guid":{"rendered":"https:\/\/batitrakya.live\/?p=30789"},"modified":"2020-12-31T17:32:05","modified_gmt":"2020-12-31T16:32:05","slug":"bati-trakyada-insanlar-covid-19un-gercek-oldugunu-anladi","status":"publish","type":"post","link":"https:\/\/batitrakya.live\/index.php\/bati-trakyada-insanlar-covid-19un-gercek-oldugunu-anladi\/","title":{"rendered":"2020 y\u0131l\u0131nda Bat\u0131 Trakya, Yunanistan ve d\u00fcnyada neler ya\u015fand\u0131&#8230;"},"content":{"rendered":"<p>Korona vir\u00fcs salg\u0131n\u0131 d\u00fcnyan\u0131n g\u00fcndeminde tart\u0131\u015fmas\u0131z 1 numaral\u0131 g\u00fcndem maddesi olurken, gerek \u00fclke genelinde gerekse Yunanistan-T\u00fcrkiye ili\u015fkileri a\u00e7\u0131s\u0131ndan da \u00f6nemli geli\u015fmeler ya\u015fand\u0131. Yunanistan ile T\u00fcrkiye aras\u0131ndaki Do\u011fu Akdeniz gerginli\u011fi hi\u00e7 \u015f\u00fcphesiz 2020 y\u0131l\u0131nda iki \u00fclke ili\u015fkileri ba\u011flam\u0131nda en \u00e7ok g\u00fcndeme gelen ba\u015fl\u0131klardan biri oldu.<\/p>\n<p>Ayasofya&#8217;n\u0131n yeniden ibadete a\u00e7\u0131lmas\u0131, Amerika&#8217;da siyahi bir vatanda\u015f\u0131n polis taraf\u0131ndan \u00f6ld\u00fcr\u00fclmesi, Beyrut liman\u0131ndaki patlama, Azerbaycan&#8217;\u0131n i\u015fgal alt\u0131ndaki Da\u011fl\u0131k Karaba\u011f topraklar\u0131n\u0131 y\u0131llar sonra Ermenilerden kurtarmas\u0131 gibi ba\u015fl\u0131klar da 2020 y\u0131l\u0131nda meydana gelen \u00f6nemli hadiseler aras\u0131nda yer ald\u0131.<\/p>\n<p>Bat\u0131 Trakya T\u00fcrkleri \u00f6zelinde de 2020 y\u0131l\u0131 daha \u00f6nce g\u00f6r\u00fclmemi\u015f olaylara sahne oldu. Bunlar\u0131n ba\u015fl\u0131calar\u0131ndan biri hi\u00e7 \u015f\u00fcphesiz d\u0131\u015far\u0131 \u00e7\u0131kma k\u0131s\u0131tlamalar\u0131n\u0131n uyguland\u0131\u011f\u0131 bahar d\u00f6neminde Kovid bahanesiyle ezan sesini k\u0131smaya y\u00f6nelik bask\u0131 ve uygulamalar oldu. Bunun yan\u0131 s\u0131ra&nbsp; \u00f6zellikle medreselere y\u00f6nelik operasyonlar ise g\u00fcndemdeki canl\u0131l\u0131\u011f\u0131n\u0131 korumaya devam ediyor. \u0130ske\u00e7e&#8217;nin G\u00f6k\u00e7ep\u0131nar k\u00f6y\u00fcnde mezarl\u0131\u011f\u0131n yan\u0131 ba\u015f\u0131nda, oyun oynayan \u00e7ocuklar\u0131n g\u00f6z\u00fc \u00f6n\u00fcnde Yunan askerlerinin ellerinde silahlarla tam te\u00e7hizatl\u0131 olarak tatbikat yapmas\u0131 ise T\u00fcrkiye ile Yunanistan aras\u0131nda gerginlik ya\u015fanan bir d\u00f6nemde Bat\u0131 Trakya T\u00fcrklerine y\u00f6nelik bir &#8220;tehdit ve g\u00f6zda\u011f\u0131&#8221; olarak kay\u0131tlara ge\u00e7ti.<\/p>\n<p>2020 y\u0131l\u0131 bir\u00e7ok insan i\u00e7in h\u00fcz\u00fcnl\u00fc bir y\u0131l olarak kay\u0131tlara ge\u00e7erken, bizler de Millet gazetesi olarak gazetemizin kurucusu de\u011ferli b\u00fcy\u00fc\u011f\u00fcm\u00fcz, dava insan\u0131 Feyzullah Hasank\u00e2hya&#8217;y\u0131 kaybetmenin h\u00fczn\u00fcn\u00fc ya\u015fad\u0131k.<\/p>\n<p>Y\u0131l boyunca ya\u015fananlar\u0131 siz de\u011ferli Millet okurlar\u0131 i\u00e7in Millet fark\u0131yla ortaya koymaya ve haf\u0131zam\u0131z\u0131 canl\u0131 tutmaya gayret g\u00f6sterdik.<\/p>\n<p><strong>2020 PANORAMA<\/strong><\/p>\n<p><strong>OCAK<\/strong><\/p>\n<p><strong>02 Ocak &#8211;&nbsp;<\/strong>T\u00fcrkiye&#8217;nin Libya ile imzalad\u0131\u011f\u0131 Deniz Yetki Alanlar\u0131 Mutabakat\u0131&#8217;n\u0131n ard\u0131ndan \u0130srail, Yunanistan ve K\u0131br\u0131s Rum y\u00f6netiminden ilgili bakanlar, Atina&#8217;da, Do\u011fu Akdeniz Boru Hatt\u0131 Projesi&#8217;ne (EastMed) imza koydu.<\/p>\n<p><strong>05 Ocak &#8211;<\/strong>&nbsp;<strong>Patrikhanenin metropolitinden tutars\u0131z ifadeler.<\/strong>&nbsp;Fener Rum Patrikhanesi&#8217;nin Tekirda\u011f&#8217;\u0131n \u015eark\u00f6y il\u00e7esine atad\u0131\u011f\u0131 metropolit Amfilohios, Yunanistan&#8217;da Osmanl\u0131 eserlerinin yok olmaya terk edildi\u011fini g\u00f6rmezden gelerek, Yunanistan ve T\u00fcrkiye aras\u0131ndaki turizm ve ekonomik a\u00e7\u0131dan geli\u015fme sa\u011flamak amac\u0131yla \u015eark\u00f6y&#8217;deki eski manast\u0131r ve kiliselerin tekrar tamir edilmesinin iki \u00fclke aras\u0131nda \u00e7ok g\u00fczel bir k\u00f6pr\u00fc olaca\u011f\u0131n\u0131 iddia etti.<\/p>\n<p><strong>06 Ocak &#8211;&nbsp;<\/strong><strong>Irak Meclisi ABD g\u00fc\u00e7lerinin \u00fclkeden \u00e7\u0131kar\u0131lmas\u0131na karar verdi.<\/strong>&nbsp;<strong>Irak Meclisi<\/strong>, oy \u00e7oklu\u011fuyla, ABD g\u00fc\u00e7lerinin \u00fclkeden \u00e7\u0131kar\u0131lmas\u0131 karar\u0131 ald\u0131. Mecliste yap\u0131lan ola\u011fan\u00fcst\u00fc oturumda, oy \u00e7oklu\u011fuyla ABD ve di\u011fer yabanc\u0131 g\u00fc\u00e7lerin \u00fclkeden \u00e7\u0131kar\u0131lmas\u0131na karar verildi.<\/p>\n<p><strong>07 Ocak &#8211;&nbsp;<\/strong><strong>Rodop b\u00f6lgesinde 5 Ocak pazar g\u00fcn\u00fcnden itibaren etkili olan \u015fiddetli r\u00fczgar zararlara neden oldu.<\/strong>&nbsp;G\u00fcm\u00fclcine \u015fehir merkezinde bir \u00e7ok yerde yolun kenar\u0131nda bulunan \u00e7\u00f6p kutular\u0131 yerlere savrulurken, \u015fehrin baz\u0131&nbsp;noktalar\u0131nda a\u011fa\u00e7lar y\u0131k\u0131ld\u0131, belediye park\u0131nda&nbsp;bulunan a\u011fa\u00e7lardan baz\u0131lar\u0131n\u0131n dallar\u0131 k\u0131r\u0131ld\u0131. Baz\u0131 k\u00f6ylerde elektrik kesintisi ya\u015fan\u0131rken elektrik direklerinin de devrildi\u011fi bildirildi.<\/p>\n<p><strong>07 Ocak &#8211;&nbsp;<\/strong>Avustralya&#8217;daki korkun\u00e7 yang\u0131nda 480 milyon hayvan\u0131n \u00f6ld\u00fc\u011f\u00fc bildirildi. Haftalar s\u00fcren yang\u0131nda 24 ki\u015fi de hayat\u0131n\u0131 kaybetti.<\/p>\n<p><strong>07 Ocak &#8211;&nbsp;<\/strong>Ba\u015fbakan Mi\u00e7otakis Yunanistan&#8217;\u0131n en b\u00fcy\u00fck sorununun T\u00fcrkiye oldu\u011funu s\u00f6yledi. ABD Ba\u015fkan\u0131 Donald Trump ile g\u00f6r\u00fc\u015fmek i\u00e7in Amerika\u2019da bulunan Ba\u015fbakan Kiriakos Mi\u00e7otakis, Yunanistan\u2019\u0131n \u015fu andaki en b\u00fcy\u00fck sorununun T\u00fcrkiye oldu\u011funu s\u00f6yledi.<\/p>\n<p><strong>07 Ocak &#8211; &nbsp;<\/strong>Dr. Sebahattin Abdurrahman&#8217;\u0131n &#8220;Lozan&#8217;dan G\u00fcn\u00fcm\u00fcze Bat\u0131 Trakya Az\u0131nl\u0131k Okullar\u0131&#8221; adl\u0131 kitab\u0131 G\u00fcm\u00fclcine&#8217;de tan\u0131t\u0131ld\u0131.<\/p>\n<p><strong>09 Ocak &#8211; &nbsp;<\/strong>Celal Bayar Lisesi \u00f6\u011frencileri Sudan\u2019da su kuyusu a\u00e7t\u0131rd\u0131. Bat\u0131 Trakya\u2019da e\u011fitim veren iki az\u0131nl\u0131k lisesinden biri olan G\u00fcm\u00fclcine Celal Bayar Az\u0131nl\u0131k Lisesi\u2019nin \u00f6\u011frencileri \u00f6rnek bir davran\u0131\u015fa imza atarak Sudanl\u0131 karde\u015fleri i\u00e7in su kuyusu a\u00e7t\u0131rd\u0131lar.<\/p>\n<p><strong>15 Ocak &#8211;&nbsp;&nbsp;<\/strong>Ba\u015fbakan Mi\u00e7otakis, cumhurba\u015fkan\u0131 aday\u0131n\u0131 a\u00e7\u0131klad\u0131. \u0130ktidar\u0131n aday\u0131 Dan\u0131\u015ftay Ba\u015fkan\u0131 Aikaterini Sakellaropulu&nbsp;oldu.<\/p>\n<p><strong>18 Ocak &#8211;&nbsp;&nbsp;<\/strong>Ba\u015fbakan Mit\u00e7otakis darbeci general Hafter\u2019i kabul etti. Yunanistan\u2019\u0131 ziyaret ederek D\u0131\u015fi\u015fleri Bakan\u0131 Nikos Dendias ile g\u00f6r\u00fc\u015fen&nbsp; Libya\u2019n\u0131n darbeci generali Halife Hafter&#8217;i&nbsp;Ba\u015fbakan Kiryakos Mit\u00e7otakis&nbsp;parlamento binas\u0131ndaki ofisinde kabul etti.<\/p>\n<p><strong>22 Ocak &#8211;&nbsp;&nbsp;<\/strong><strong>Yunanistan&#8217;\u0131n ilk kad\u0131n cumhurba\u015fkan\u0131 Ekaterini Sakellaropulu oldu.&nbsp;<\/strong>Ba\u015fbakan Kiryakos Mi\u00e7otakis ba\u015fkanl\u0131\u011f\u0131ndaki Yeni Demokrasi Partisi (ND) h\u00fck\u00fcmetinin aday\u0131 Dan\u0131\u015ftay Ba\u015fkan\u0131 Ekaterini Sakellaropulu, Yunanistan&#8217;\u0131n ilk kad\u0131n cumhurba\u015fkan\u0131 oldu.<\/p>\n<p><strong>24 Ocak &#8211;&nbsp;&nbsp;<\/strong><strong>Milletvekillerimiz \u015fehit askerlerimiz i\u00e7in an\u0131t mezar talebinde bulundular.&nbsp;<\/strong>Milletvekillerimiz Burhan Baran, H\u00fcseyin Zeybek ve \u0130lhan Ahmet,ikinci d\u00fcnya sava\u015f\u0131nda Arnavutluk cephesinde \u015fehit d\u00fc\u015fen Bat\u0131 Trakyal\u0131 T\u00fcrk az\u0131nl\u0131k mensubu askerler i\u00e7in an\u0131t mezar talebinde bulundular. Milletvekillerimiz s\u00f6z konusu talebi iletmek \u00fczere D\u0131\u015fi\u015fleri Bakan\u0131 Nikos Dendias ve Milli Savunma Bakan\u0131 Nikos Panayotopulos\u2019a mektup g\u00f6nderdiler.<\/p>\n<p><strong>29 Ocak&nbsp;<\/strong>&#8211;&nbsp;&nbsp;<strong>Bat\u0131 Trakya T\u00fcrkleri 29 Ocaklar\u0131 unutmad\u0131.<\/strong>&nbsp;Yunanistan\u2019da, ba\u015fta T\u00fcrk kimli\u011fin ink\u00e2r\u0131 olmak \u00fczere, uluslararas\u0131 anla\u015fmalarla kazan\u0131lm\u0131\u015f Az\u0131nl\u0131k Haklar\u0131n\u0131n verilmemesine tepki g\u00f6stermek ve haks\u0131zl\u0131klara kar\u015f\u0131 topluca sesini duyurmak i\u00e7in ilk olarak 29 Ocak 1988, daha sonra da 29 Ocak 1990 y\u0131llar\u0131nda sokaklara d\u00f6k\u00fclen Bat\u0131 Trakya M\u00fcsl\u00fcman T\u00fcrkleri, milli direni\u015fin simgesi 29 Ocaklar\u0131 d\u00fczenlenen etkinlikle and\u0131.<\/p>\n<p><strong>30 Ocak&nbsp;<\/strong>&#8211;&nbsp;&nbsp; Irk\u00e7\u0131 vekil Lagos&#8217;tan AP Genel Kurulunda T\u00fcrk bayra\u011f\u0131n\u0131 y\u0131rtt\u0131. Neonazi Alt\u0131n \u015eafak partisinin \u0131rk\u00e7\u0131 milletvekili Ioannis Lagos, Avrupa Parlamentosu Genel Kurulunda skandal bir harekete imza att\u0131. G\u00f6\u00e7menlerin durumuna ili\u015fkin oturumda konu\u015fan \u0131rk\u00e7\u0131 vekil, &#8220;T\u00fcrkiye her istedi\u011fini yapabiliyor. Buna son vermeliyiz&#8221; diyerek T\u00fcrk bayra\u011f\u0131n\u0131 y\u0131rtt\u0131.<\/p>\n<p><strong>\u015eUBAT<\/strong><\/p>\n<p><strong>04 \u015eubat&nbsp;<\/strong>&#8211;&nbsp;<strong>\u0130ske\u00e7e M\u00fcft\u00fcs\u00fc Ahmet Mete&#8217;ye y\u00f6nelik mahkemeler devam ediyor.<\/strong>&nbsp;T\u00fcrk bayra\u011f\u0131 provokasyonu ile g\u00fcndeme gelen eski Alt\u0131n \u015eafak Partisi milletvekili \u0130oannis Lagos\u2019un ba\u015fkanl\u0131\u011f\u0131n\u0131 yapt\u0131\u011f\u0131 EL.A.SYN. Partisi, \u0130ske\u00e7e M\u00fcft\u00fcs\u00fc Ahmet Mete hakk\u0131nda su\u00e7 duyurusunda bulundu. Bununla birlikte M\u00fcft\u00fc Mete&#8217;ye daha \u00f6nce a\u00e7\u0131lm\u0131\u015f davalar\u0131n duru\u015fmalar\u0131n\u0131n da \u015fubat ay\u0131 i\u00e7erisinde devam edece\u011fi bildirildi.<\/p>\n<p><strong>05 \u015eubat&nbsp;<\/strong>&#8211;&nbsp;<strong>\u201cAz\u0131nl\u0131klar\u0131 Koruma Paketi\u201d giri\u015fiminin yasa \u00f6nerileri Avrupa Komisyonu\u2019na tan\u0131t\u0131ld\u0131.<\/strong>&nbsp;Avrupa\u2019da ya\u015fayan ulusal az\u0131nl\u0131klar\u0131n en b\u00fcy\u00fck \u00e7at\u0131 kurulu\u015fu Avrupa Milletleri Federal Birli\u011fi\u2019nin (FUEN) organize etti\u011fi \u201cAz\u0131nl\u0131klar\u0131 Koruma Paketi (MSPI)\u201d ba\u015fl\u0131kl\u0131 Avrupa Vatanda\u015flar\u0131 Giri\u015fimi, 5 \u015eubat 2020 tarihinde Br\u00fcksel\u2019de yap\u0131lan resmi toplant\u0131da Avrupa Birli\u011fi (AB) Komisyonu\u2019na tan\u0131t\u0131ld\u0131.<\/p>\n<p><strong>09 \u015eubat&nbsp;<\/strong>&#8211;&nbsp;<strong>Proto Thema gazetesi Atat\u00fcrk&#8217;\u00fcn hayat\u0131n\u0131 anlatan kitap da\u011f\u0131tt\u0131.<\/strong>&nbsp;Yunanistan\u2019\u0131n yayg\u0131n haftal\u0131k gazetelerinden Proto Thema &#8220;20. Asr\u0131n B\u00fcy\u00fck \u015eahsiyetleri&#8221; adl\u0131 kitap promosyonu \u00e7er\u00e7evesinde Mustafa Kemal Atat\u00fcrk\u2019\u00fcn hayat\u0131n\u0131 anlatan bir kitap\u00e7\u0131\u011f\u0131 okurlar\u0131na da\u011f\u0131tt\u0131.<\/p>\n<p><strong>10 \u015eubat &#8211;<\/strong><strong>&nbsp;Cumhurba\u015fkan\u0131 Pavlopulos Bat\u0131 Trakya T\u00fcrklerinin milli kimli\u011fini inkar siyasietini s\u00fcrd\u00fcrd\u00fc.<\/strong>&nbsp;<strong>Bat\u0131 Trakya&#8217;da bulunan Cumhurba\u015fkan\u0131 Pavlopulos Bat\u0131 Trakya T\u00fcrklerinin b\u00fct\u00fcn dayatmalara ra\u011fmen reddetti\u011fi s\u00f6ylemlerini tekrarlayarak: &#8220;Yunanistan\u2019da Bat\u0131 Trakya\u2019da ya\u015fayan Bat\u0131 Trakya (T\u00fcrk) Az\u0131nl\u0131\u011f\u0131 Yunan M\u00fcsl\u00fcmanlard\u0131r ve bu hi\u00e7bir zaman de\u011fi\u015fmeyecektir.&#8221; dedi. A\u00e7\u0131klamalar\u0131n ard\u0131ndan Bat\u0131 Trakya T\u00fcrklerinin kurumlar\u0131 Cumhurba\u015fkan\u0131 Pavlopulos&#8217;a b\u00fcy\u00fck tepki g\u00f6sterdi.<\/strong><\/p>\n<p><strong>14 \u015eubat &#8211;<\/strong>&nbsp;E\u011fitim ve Din \u0130\u015fleri Bakan\u0131 Niki Kerameos \u0130stanbul Gayrim\u00fcslim (Rum) Az\u0131nl\u0131\u011f\u0131n\u0131n dini ve e\u011fitim kurulu\u015flar\u0131n\u0131 ziyaret etti. Bakan, \u0130stanbul\u2019daki Az\u0131nl\u0131\u011f\u0131n Ba\u015fpiskopos\u2019u Bartholomeos&#8217;u ziyaretinde, &#8220;Helenizm burada kilise ve okullar\u0131m\u0131z sayesinde ayakta duruyor&#8221; dedi.<\/p>\n<p><strong>18 \u015eubat &#8211;<\/strong><strong>&nbsp;&#8220;Siz ne derseniz deyin, Bat\u0131 Trakya T\u00fcrk Az\u0131nl\u0131\u011f\u0131 y\u00fczy\u0131llard\u0131r T\u00fcrkt\u00fc, T\u00fcrk kalacak&#8221;.&nbsp;<\/strong><strong>T\u00fcrkiye D\u0131\u015fi\u015fleri Bakan\u0131 Mevl\u00fct \u00c7avu\u015fo\u011flu,&nbsp;Yunanistan Cumhurba\u015fkan\u0131 Prokopis Pavlopulos&#8217;un, Bat\u0131 Trakya&#8217;y\u0131 ziyaretinde M\u00fcsl\u00fcman T\u00fcrk Az\u0131nl\u0131\u011f\u0131n kimli\u011fine ili\u015fkin kulland\u0131\u011f\u0131 &#8220;M\u00fcsl\u00fcman Yunan Az\u0131nl\u0131k&#8221; a\u00e7\u0131klamalar\u0131na tepki g\u00f6sterdi.<\/strong><\/p>\n<p><strong>18 \u015eubat &#8211;<\/strong><strong>&nbsp;Avrupa<\/strong>&nbsp;<strong>Parlamentosunun (AP) \u0131rk\u00e7\u0131 Yunan milletvekili \u0130oannis Lagos, &#8220;vatana ihanetle&#8221; itham etti\u011fi Bat\u0131 Trakya&#8217;daki Kozlukepir (Arriana) Belediye Ba\u015fkan\u0131 R\u0131dvan Ahmet ve Yass\u0131k\u00f6y (\u0130asmos) Belediye Ba\u015fkan\u0131 \u00d6nder M\u00fcmin aleyhinde su\u00e7 duyurusunda bulundu.<\/strong>&nbsp;Lagos, Yunanistan Y\u00fcksek Mahkemesi (Arios Pagos) savc\u0131l\u0131\u011f\u0131na sundu\u011fu dava dilek\u00e7esinde, iki T\u00fcrk Az\u0131nl\u0131k mensubu belediye ba\u015fkan\u0131n\u0131n, T\u00fcrkiye&#8217;de kat\u0131ld\u0131klar\u0131, Bat\u0131 Trakyal\u0131lar Derne\u011finin Bursa \u015fubesince d\u00fczenlenen etkinliklerde Yunanistan aleyhinde s\u00f6ylemlerde bulunarak &#8220;\u00fclkenin b\u00fct\u00fcnl\u00fc\u011f\u00fcne zarar vermek&#8221; ve &#8220;g\u00f6revi k\u00f6t\u00fcye kullanmak&#8221; ile ilgili Yunan ceza hukuku maddelerini ihlal etti\u011fini ileri s\u00fcrd\u00fc.<\/p>\n<p><strong>19 \u015eubat &#8211;<\/strong>&nbsp; Yunanistan&#8217;da din \u00f6zg\u00fcrl\u00fc\u011f\u00fcne bir darbe daha. Dini \u00f6zg\u00fcrl\u00fckler \u00fclkesi oldu\u011funu dile getiren \u00fclkemiz Yunanistan&#8217;da Bat\u0131 Trakya M\u00fcsl\u00fcman T\u00fcrklerinin din \u00f6zg\u00fcrl\u00fc\u011f\u00fcne y\u00f6nelik bask\u0131lara bir yenisi daha eklendi. \u0130ske\u00e7e&#8217;nin Agnila k\u00f6y\u00fc imam\u0131 Mustafa Darmon&#8217;a \u201ctayinli imam olmad\u0131\u011f\u0131 halde imaml\u0131k yapt\u0131\u011f\u0131 (makam gasp\u0131)\u201d gerek\u00e7esiyle ceza davas\u0131 a\u00e7\u0131ld\u0131.<\/p>\n<p><strong>19 \u015eubat &#8211;<\/strong>&nbsp; Yazar Rahmi Ali&#8217;nin \u201cBu Topra\u011f\u0131n \u0130nsanlar\u0131\u201d isimli kitab\u0131 tan\u0131t\u0131ld\u0131. Bat\u0131 Trakyal\u0131 Yazar Rahmi Ali taraf\u0131ndan kaleme al\u0131nan \u201cBu Topra\u011f\u0131n \u0130nsanlar\u0131\u201d isimli roman 19 \u015eubat 2020 \u00c7ar\u015famba&nbsp;ak\u015fam\u0131 G\u00fcm\u00fclcine T\u00fcrk Gen\u00e7ler Birli\u011fi lokalinde tan\u0131t\u0131ld\u0131.<\/p>\n<p><strong>25 \u015eubat &#8211;<\/strong>&nbsp;&nbsp;<strong>Ba\u015fbakan Mi\u00e7otakis G\u00fcm\u00fclcine\u2019de sorunlar\u0131 dinledi.<\/strong>&nbsp;Dedea\u011fa\u00e7 ilinde Bulgar mevkida\u015f\u0131 Boyko Borisov ile yapaca\u011f\u0131 g\u00f6r\u00fc\u015fme i\u00e7in Bat\u0131 Trakya\u2019ya gelen Yunanistan Ba\u015fbakan\u0131 Kiryakos Mit\u00e7otakis, G\u00fcm\u00fclcine\u2019de yerel siyaset\u00e7ilerden ve sivil toplum kurulu\u015f ba\u015fkanlar\u0131ndan b\u00f6lgenin sorunlar\u0131n\u0131 dinledi.<\/p>\n<p><strong>26 \u015eubat &#8211;<\/strong>&nbsp;<strong>Korona vir\u00fcs\u00fc maalesef Yunanistan&#8217;a da s\u0131\u00e7rad\u0131.<\/strong>&nbsp;\u00c7in&#8217;in&nbsp;Hubei eyaletinin Wuhan&nbsp;\u015fehrinde ortaya \u00e7\u0131kan&nbsp;daha sonra bir \u00e7ok \u00fclkede&nbsp;g\u00f6r\u00fclen \u00f6l\u00fcmc\u00fcl Korona vir\u00fcs\u00fc ne yaz\u0131k ki Yunanistan&#8217;a da s\u0131\u00e7rad\u0131. \u0130talya&#8217;ya yolculuk yapan 38 ya\u015f\u0131nda&nbsp;oldu\u011fu belirtilen bir bayanda korona vir\u00fcs\u00fcne rastland\u0131.<\/p>\n<p><strong>26 \u015eubat &#8211;<\/strong>&nbsp;<strong>\u0130ske\u00e7e M\u00fcft\u00fcs\u00fc Ahmet Mete \u201cmakam gasp\u0131\u201d su\u00e7lamas\u0131yla Selanik\u2019te yarg\u0131land\u0131\u011f\u0131 davada 4 ay hapis cezas\u0131na \u00e7arpt\u0131r\u0131ld\u0131.&nbsp;<\/strong>Kendisine y\u00f6neltilen su\u00e7lamalar\u0131n birinden beraat eden M\u00fcft\u00fc Mete\u2019nin birinci derece mahkemeden ald\u0131\u011f\u0131 7 ay hapis cezas\u0131 istinaf mahkemesinde 4 ay olarak karara ba\u011fland\u0131. M\u00fcft\u00fc Mete&#8217;nin ald\u0131\u011f\u0131 cezan\u0131n infaz\u0131n\u0131n 3 y\u0131l s\u00fcreyle tehirine karar verildi. Ayn\u0131 davada yarg\u0131lanan G\u00f6k\u00e7ep\u0131nar k\u00f6y\u00fc imam\u0131 Erkan Azizo\u011flu ise her iki su\u00e7lamadan da beraat etti.<\/p>\n<p><strong>26 \u015eubat &#8211;<\/strong>&nbsp;&nbsp;Millet Gazetesi Ba\u015fyazar\u0131 Feyzullah Hasankahya&#8217;ya yeni bir dava a\u00e7\u0131ld\u0131. Hasankahya&#8217;n\u0131n 2017 y\u0131l\u0131n\u0131n mart ay\u0131nda kaleme ald\u0131\u011f\u0131 &#8220;25 Mart Bat\u0131 Trakya M\u00fcsl\u00fcman T\u00fcrkleri i\u00e7in bayram m\u0131d\u0131r?&#8221; ba\u015fl\u0131kl\u0131 yaz\u0131s\u0131 ile \u201cHalk\u0131 \u015fiddete veya nefrete tahrik etmesi\u201d su\u00e7lamas\u0131yla \u0130ske\u00e7e Savc\u0131l\u0131\u011f\u0131 taraf\u0131ndan ceza davas\u0131 a\u00e7\u0131ld\u0131.<\/p>\n<p><strong>28 \u015eubat &#8211;<\/strong>&nbsp;&nbsp;<strong>T\u00fcrkiye&#8217;den fla\u015f karar: M\u00fcltecilere Avrupa kap\u0131lar\u0131 a\u00e7\u0131ld\u0131!<\/strong>&nbsp;T\u00fcrkiye, \u0130dlib&#8217;den gelmesi muhtemel yeni g\u00f6\u00e7 dalgas\u0131n\u0131n kara ve deniz yoluyla Avrupa&#8217;ya ge\u00e7mesine engel olmayaca\u011f\u0131n\u0131 a\u00e7\u0131klad\u0131. A\u00e7\u0131klaman\u0131n ard\u0131ndan binlerce m\u00fclteci Edirne&#8217;de bulunan \u0130psala ve Pazarkule s\u0131n\u0131r kap\u0131lar\u0131na ak\u0131n etti.<\/p>\n<p><strong>MART<\/strong><\/p>\n<p><strong>04 Mart &#8211;<\/strong>&nbsp;&nbsp;<strong>Uluslararas\u0131 Af \u00d6rg\u00fct\u00fc, Yunanistan&#8217;\u0131n \u00fclkeye girmeye \u00e7al\u0131\u015fan s\u0131\u011f\u0131nmac\u0131lara kar\u015f\u0131 insanl\u0131k d\u0131\u015f\u0131 tedbirler ald\u0131\u011f\u0131n\u0131 bildirdi.<\/strong>&nbsp;Yunan polisinin s\u0131n\u0131rlardaki s\u0131\u011f\u0131nmac\u0131lara kar\u015f\u0131 a\u015f\u0131r\u0131 g\u00fc\u00e7 kulland\u0131\u011f\u0131 ve ayr\u0131m yapmaks\u0131z\u0131n g\u00f6z ya\u015fart\u0131c\u0131 gaz att\u0131\u011f\u0131 da vurguland\u0131.<\/p>\n<p><strong>06 Mart &#8211;<\/strong>&nbsp; T\u00fcrkiye D\u0131\u015fi\u015fleri Bakan\u0131 Mevl\u00fct \u00c7avu\u015fo\u011flu, Yunanistan D\u0131\u015fi\u015fleri Bakan\u0131 Nikos Dendias&#8217;\u0131n Avrupa&#8217;ya gitmeye \u00e7al\u0131\u015fan s\u0131\u011f\u0131nmac\u0131lara ili\u015fkin a\u00e7\u0131klamas\u0131na, &#8220;Onlara ate\u015f etmek ve \u00f6ld\u00fcrmek kabul edilebilir mi? Yunanistan, hakk\u0131m\u0131zda yalan haber yaymak yerine g\u00f6\u00e7menlere insan gibi davranmal\u0131d\u0131r&#8221; diyerek yan\u0131t verdi.<\/p>\n<p><strong>10 Mart &#8211;<\/strong>&nbsp;&nbsp;<strong>\u0130ske\u00e7e M\u00fcft\u00fcl\u00fc\u011f\u00fc koronavir\u00fcs tedbirleri kapsam\u0131nda Kur&#8217;an Kurslar\u0131n\u0131 kapatt\u0131.<\/strong>&nbsp;\u0130ske\u00e7e M\u00fcft\u00fcs\u00fc Ahmet Mete sosyal medyadan yapt\u0131\u011f\u0131 a\u00e7\u0131klamada \u00fclkemizde koronavir\u00fcs tedbirleri kapsam\u0131nda okullar\u0131n kapat\u0131lmas\u0131 sebebiyle Kur&#8217;an Kurslar\u0131n\u0131n da kapat\u0131ld\u0131\u011f\u0131n\u0131 duyurdu.<\/p>\n<p><strong>17 Mart &#8211;<\/strong><strong>&nbsp;&nbsp;<\/strong>Bat\u0131 Trakya&#8217;daki camilerde toplu ibadetler durduruldu. T\u00fcm d\u00fcnyada oldu\u011fu gibi \u00fclkemiz Yunanistan&#8217;\u0131 etkisi alt\u0131na almaya devam eden koronavir\u00fcs&nbsp; nedeniyle d\u00fcn ak\u015fam Ba\u015fbakan Mi\u00e7otakis&#8217;in t\u00fcm dinlere ait ibadethanelerde toplu ibadetlerin durdurulmas\u0131 y\u00f6n\u00fcndeki karar\u0131n\u0131n ard\u0131ndan, G\u00fcm\u00fclcine ve \u0130ske\u00e7e Se\u00e7ilmi\u015f M\u00fcft\u00fcleri \u0130brahim \u015eerif ve Ahmet Mete de yapt\u0131klar\u0131 a\u00e7\u0131klamalarla camilerde cemaatle k\u0131l\u0131nan vakit ve cuma namazlar\u0131n\u0131n 30 Mart tarihine kadar durduruldu\u011funu a\u00e7\u0131klad\u0131lar.<\/p>\n<p><strong>18 Mart &#8211;<\/strong>&nbsp;T\u00fcrkiye&#8217;nin Yunanistan ve Bulgaristan&#8217;a a\u00e7\u0131lan s\u0131n\u0131r kap\u0131lar\u0131, koronavir\u00fcs (Kovid-19) \u00f6nlemleri kapsam\u0131nda yolcu giri\u015f ve \u00e7\u0131k\u0131\u015flar\u0131na kapat\u0131ld\u0131.<\/p>\n<p><strong>20 Mart &#8211;<\/strong>&nbsp;<strong>\u0130ske\u00e7e T\u00fcrk Birli\u011fi\u2019nin (\u0130TB) Yarg\u0131tay Mahkemesi\u2019nde (Arios Pagos) 20 Mart 2020 Cuma g\u00fcn\u00fc g\u00f6r\u00fc\u015f\u00fclmesi gereken davas\u0131, Koronavir\u00fcs Salg\u0131n\u0131 nedeniyle al\u0131nan \u00f6nlemler kapsam\u0131nda Yunanistan genelindeki mahkemelerin \u00e7al\u0131\u015fmalar\u0131na ara vermesi nedeniyle ertelendi. \u00dclkenin en \u00fcst yarg\u0131 makam\u0131 olan Yarg\u0131tay Mahkemesi\u2019ndeki yeni duru\u015fma tarihi, \u0130ske\u00e7e T\u00fcrk Birli\u011fi\u2019nin yapaca\u011f\u0131 yeni ba\u015fvuru sonras\u0131nda belli olacak.<\/strong><\/p>\n<p><strong>21 Mart &#8211;<\/strong>&nbsp;<strong>Dava insan\u0131 Feyzullah Hasankahya vefat etti.<\/strong>&nbsp;Bat\u0131 Trakya&#8217;da, Millet Gazetesi\u2019nin kurucusu ve ba\u015fyazar\u0131, hayat\u0131n\u0131 M\u00fcsl\u00fcman T\u00fcrk Az\u0131nl\u0131\u011f\u0131n hakl\u0131 m\u00fccadelesine adam\u0131\u015f \u00f6nemli dava insanlar\u0131ndan Feyzullah Hasankahya, 55 ya\u015f\u0131nda ya\u015fam\u0131n\u0131 yitirdi. Bat\u0131 Trakya M\u00fcsl\u00fcman T\u00fcrk toplumuna \u0130ske\u00e7e Se\u00e7ilmi\u015f M\u00fcft\u00fcl\u00fc\u011f\u00fc b\u00fcnyesinde vaiz olarak uzun y\u0131llar ilmi ve bilgisiyle hizmet eden, Bat\u0131 Trakya M\u00fcsl\u00fcman T\u00fcrk Az\u0131nl\u0131\u011f\u0131\u2019na yap\u0131lan haks\u0131zl\u0131klar\u0131 Millet Gazetesi\u2019nde k\u00f6\u015fesinde kaleme ald\u0131\u011f\u0131 yaz\u0131larla cesurca hayk\u0131ran, m\u00fccadelesinde her zaman dik duran dava insan\u0131 gazeteci &#8211; yazar Feyzullah Hasankahya, yakla\u015f\u0131k 30 y\u0131ld\u0131r m\u00fccadele etti\u011fi hastal\u0131\u011fa kar\u015f\u0131 v\u00fccudu yenik d\u00fc\u015ft\u00fc, bug\u00fcn ikindi vaktinde hakk\u0131n rahmetine kavu\u015ftu. De\u011ferli dava insan\u0131 Hasankahya, son 20 g\u00fcnd\u00fcr \u0130ske\u00e7e Devlet Hastanesi\u2019nde yo\u011fun bak\u0131mdayd\u0131. Feyzullah Hasankahya 22 Mart Cumartesi g\u00fcn\u00fc \u00f6\u011fle vakti k\u0131l\u0131nan cenaze namaz\u0131n\u0131n ard\u0131ndan do\u011fdu\u011fu Demircik k\u00f6y\u00fcnde sevenlerinin g\u00f6zya\u015flar\u0131 ve dualar\u0131 e\u015fli\u011finde ebediyete u\u011furland\u0131.<\/p>\n<p><strong>22 Mart &#8211;<\/strong>&nbsp;Yunanistan&#8217;da koronavir\u00fcs tedbirleri kapsam\u0131nda soka\u011fa \u00e7\u0131kma k\u0131s\u0131tlamas\u0131 getirildi. Ba\u015fbakan Kiryakos Mi\u00e7otakis, bug\u00fcn saat 18.00\u2019de ulasa sesleni\u015f konu\u015fmas\u0131 yapt\u0131. Ba\u015fbakan, yar\u0131n 23 Mart 2020 Pazartesi sabah 06.00\u2019dan itibaren soka\u011fa \u00e7\u0131kmam\u0131n yasakland\u0131\u011f\u0131n\u0131 a\u00e7\u0131klad\u0131.<\/p>\n<p><strong>23 Mart &#8211;<\/strong>&nbsp;<strong>\u0130ske\u00e7e&#8217;de mikrofonla ezan yasakland\u0131.<\/strong>&nbsp;<strong>\u0130ske\u00e7e M\u00fcft\u00fcs\u00fc Ahmet Mete sosyal medya hesab\u0131ndan payla\u015ft\u0131\u011f\u0131 bilgilendirme notunda \u0130ske\u00e7e emniyet yetkililerince \u015fehir merkezi ve karma k\u00f6ylerde ezanlar\u0131n mikrofonsuz okunmas\u0131n\u0131n istendi\u011fini bildirdi.<\/strong><\/p>\n<p><strong>25 Mart &#8211;<\/strong>&nbsp;Sivil Savunma Bakan Yard\u0131mc\u0131s\u0131 Nikos Hardalias g\u00fcnl\u00fck bilgilendirme toplant\u0131s\u0131nda, Mustaf\u00e7ova Belediyesi\u2019ne ba\u011fl\u0131 \u015eahin k\u00f6y\u00fcn\u00fcn 14 g\u00fcnl\u00fc\u011f\u00fcne karantinaya al\u0131nd\u0131\u011f\u0131n\u0131 a\u00e7\u0131klad\u0131. Son g\u00fcnlerde k\u00f6yde d\u00f6rt vakan\u0131n tespit edildi\u011fini dikkate ald\u0131klar\u0131n\u0131 kaydeden Hardalias, bir ki\u015finin de hayat\u0131n\u0131 kaybetti\u011fini ifade etti.<\/p>\n<p><strong>26 Mart &#8211;<\/strong>&nbsp;<strong>&#8216;Irk\u00e7\u0131l\u0131k vir\u00fcs\u00fc&#8217; vakas\u0131 Velopulos&#8217;tan, karantinadaki \u015eahin k\u00f6y\u00fcne &#8220;Ankara&#8217;n\u0131n ajanlar\u0131&#8221; nitelemesi.<\/strong>&nbsp;<strong>T\u00fcrk ve \u0130slam kar\u015f\u0131t\u0131 \u0131rk\u00e7\u0131 a\u00e7\u0131klamalar\u0131yla g\u00fcndeme gelmeyi adet haline getiren Yunanistan&#8217;\u0131n fa\u015fist parti ba\u015fkan\u0131 Velopulos koronavir\u00fcs dinlemedi, yine i\u011fren\u00e7 y\u00fcz\u00fcn\u00fc g\u00f6sterdi. Kornavir\u00fcs ve karantina \u00fczerinden yine T\u00fcrk Az\u0131nl\u0131\u011fa ve T\u00fcrkiye&#8217;yi hedef ald\u0131.<\/strong>&nbsp;Yunanistan&#8217;daki &#8220;<strong>\u0131rk\u00e7\u0131l\u0131k vir\u00fcs\u00fc&#8221;<\/strong>&nbsp;vakalar\u0131ndan olan a\u015f\u0131r\u0131 sa\u011fc\u0131 Yunan \u00c7\u00f6z\u00fcm\u00fc (Elliniki Lisi) Partisi Ba\u015fkan\u0131 Kiriakos Velopulos, \u0130ske\u00e7e da\u011fl\u0131k b\u00f6lgesindeki T\u00fcrk Az\u0131nl\u0131k Belediyesi Mustaf\u00e7ova&#8217;ya ba\u011fl\u0131 T\u00fcrk Az\u0131nl\u0131k k\u00f6y\u00fc \u015eahin&#8217;in&nbsp;<strong>koronavir\u00fcs<\/strong>&nbsp;nedeniyle karantinaya al\u0131nmas\u0131ndan sonra \u015eahinli soyda\u015flar\u0131m\u0131z\u0131 hedef g\u00f6steren al\u00e7ak\u00e7a bir tweet payla\u015ft\u0131. T\u00fcrk Az\u0131nl\u0131\u011f\u0131n asimilasyon politikalar\u0131na kar\u015f\u0131 verdi\u011fi yi\u011fit\u00e7e T\u00fcrkl\u00fck m\u00fccadelesi y\u00fcz\u00fcnden kuduran Velopulos, karantinay\u0131 f\u0131rsat bilerek Twitter hesab\u0131ndan yapt\u0131\u011f\u0131 payla\u015f\u0131m\u0131nda \u015fu ifadelere yer verdi:&nbsp;<strong>\u201c\u015eahin Karantina\u2019da!!! Orada, T\u00fcrkiye\u2019ye girip \u00e7\u0131kan Ankara\u2019n\u0131n casuslar\u0131 ya\u015f\u0131yor! Bir de Erdo\u011fan\u2019\u0131n T\u00fcrkiye\u2019sinde olanlar\u0131 d\u00fc\u015f\u00fcn\u00fcn!\u201d<\/strong><\/p>\n<p><strong>31 Mart &#8211;&nbsp;<\/strong><strong>T\u00fcrkiye&#8217;den gelen \u00f6\u011frencilerimizde koronavir\u00fcs \u00e7\u0131kmad\u0131.<\/strong>&nbsp;<strong>Son g\u00fcnlerde gruplar halinde \u00f6\u011frenim g\u00f6rd\u00fckleri T\u00fcrkiye&#8217;den memleketlerine d\u00f6nen ve b\u00f6lgemizdeki otellerde karantinaya al\u0131narak korona testi yap\u0131lan \u00f6\u011frencilerden sonu\u00e7lar\u0131 gelenlerin tamam\u0131 negatif \u00e7\u0131kt\u0131. Sonucu gelen \u00f6\u011frencilerimizden (1 ki\u015fi hari\u00e7) hi\u00e7birinde koronavir\u00fcs \u00e7\u0131kmad\u0131.<\/strong>&nbsp;Pazartesi g\u00fcn\u00fc test numuneleri al\u0131nan \u00f6\u011frencilerimizin sonu\u00e7lar\u0131 bug\u00fcn (31 Mart Sal\u0131) itibariyle belli oldu. Eyalet yetkilileri sonu\u00e7lar\u0131 \u00f6\u011frencilere bildirdiler. Otellerdeki \u00f6\u011frenciler ailelerine haber verdiler. Test sonu\u00e7lar\u0131 negatif \u00e7\u0131kan (yani koronavir\u00fcs \u00e7\u0131kmayan) \u00f6\u011frencilerimiz evlerine d\u00f6nd\u00fcler.&nbsp;<strong>Neticeleri netle\u015fen 1 ki\u015fi hari\u00e7 hi\u00e7bir \u00f6\u011frencimizin sonucu pozitif \u00e7\u0131kmad\u0131.<\/strong><strong>&nbsp;Yerel ve ulusal bas\u0131nda T\u00fcrkiye&#8217;den d\u00f6nen \u00f6\u011frencilerimiz i\u00e7in yap\u0131lan \u00e7irkin yorumlar\u0131n da ne kadar as\u0131ls\u0131z ve \u00e7irkin oldu\u011fu bir kez daha ortaya \u00e7\u0131km\u0131\u015f oldu.<\/strong><\/p>\n<p><strong>N\u0130SAN<\/strong><\/p>\n<p><strong>04 Nisan &#8211;&nbsp;<\/strong><strong>Almanya ve Hollanda&#8217;da M\u00fcsl\u00fcmanlara hoparl\u00f6rden ezan jesti.&nbsp;<\/strong>&nbsp;Almanya ve Hollanda\u2019da, yeni tip koronavir\u00fcs salg\u0131n\u0131 nedeniyle tedirgin olan M\u00fcsl\u00fcmanlara moral vermek amac\u0131yla hoparl\u00f6rden ezan okunmas\u0131 uygulamas\u0131 yayg\u0131nla\u015farak devam ediyor. Almanya\u2019da Diyanet \u0130\u015fleri T\u00fcrk \u0130slam Birli\u011fi (D\u0130T\u0130B) ve \u0130slam Toplumu Milli G\u00f6r\u00fc\u015f&#8217;e (IGMG) ait 100&#8217;e yak\u0131n camide ezanlar hoparl\u00f6rden okundu.<\/p>\n<p><strong>04 Nisan &#8211;&nbsp;<\/strong><strong>Koronay\u0131 f\u0131rsat bilen Bat\u0131 Trakya T\u00fcrk Az\u0131nl\u0131k kar\u015f\u0131tlar\u0131n\u0131n sinsi oyunu ortaya \u00e7\u0131kt\u0131.<\/strong>&nbsp;<strong>M\u00fcsl\u00fcman T\u00fcrkleri b\u00f6lmek, par\u00e7alamak i\u00e7in Yunan devleti taraf\u0131ndan G\u00fcm\u00fclcine M\u00fcft\u00fc Naibi olarak atanan emir kulu Cihat Halil&#8217;in, koronavir\u00fcs\u00fc f\u0131rsat bilip sinsi oyunlar\u0131n\u0131 ger\u00e7ekle\u015ftirmek istedi\u011fi ortaya \u00e7\u0131kt\u0131.<\/strong>&nbsp;T\u00fcm d\u00fcnya gibi \u00fclkemiz Yunanistan ve Bat\u0131 Trakya\u2019daki insanlar\u0131m\u0131z koronavir\u00fcs ile ciddi \u015fekilde m\u00fccadele kapsam\u0131nda evlerine kapanm\u0131\u015fken&nbsp;<strong>tayinli M\u00fcft\u00fc Naibi, Bat\u0131 Trakya M\u00fcsl\u00fcman T\u00fcrklerini b\u00f6lmek, par\u00e7alamak ve huzurunu ka\u00e7\u0131rmak i\u00e7in f\u0131rsat kollayan y\u00f6netimin emir kulu olarak baz\u0131 camilerde halk\u0131n se\u00e7ti\u011fi imamlar\u0131 g\u00f6revden almak i\u00e7in sinsice hareket etti\u011fi anla\u015f\u0131ld\u0131.<\/strong><\/p>\n<p>Bat\u0131 Trakya\u2019da T\u00fcrk Az\u0131nl\u0131k varl\u0131\u011f\u0131na son vermek i\u00e7in sinsi oyunlar\u0131ndan vazge\u00e7meyen devlet g\u00fc\u00e7lerinin tayin etti\u011fi Naibin baz\u0131 camilere yaz\u0131lar ast\u0131rd\u0131\u011f\u0131, baz\u0131 camilerde ise imam olmas\u0131na ra\u011fmen kendisi gibi toplumda kar\u015f\u0131l\u0131\u011f\u0131 olmayan, \u0130slam ve Uluslararas\u0131 Hukuk a\u00e7\u0131s\u0131ndan me\u015fru olmayan ki\u015fileri bu g\u00f6reve getirmesi b\u00fcy\u00fck tepkilere neden oldu. \u0130nsanl\u0131k a\u00e7\u0131s\u0131ndan hassas bir d\u00f6nemi f\u0131rsat g\u00f6rerek meydan\u0131 bo\u015f sanan Tayinli Naibin, az\u0131nl\u0131k insan\u0131n\u0131n r\u0131zas\u0131 al\u0131nmadan imam atad\u0131\u011f\u0131 yerlerden birinin G\u00fcm\u00fclcine Harmanl\u0131k Mahallesi Camii, di\u011ferinin de \u015eap\u00e7\u0131 Hamidiye Camii oldu\u011fu ortaya \u00e7\u0131kt\u0131.<\/p>\n<p><strong>06 Nisan &#8211;&nbsp;<\/strong>\u015eahinli Haf\u0131z M\u00fcrteza Efendi Hakka y\u00fcr\u00fcd\u00fc. Bat\u0131 Trakya&#8217;n\u0131n kalbi olarak bilinen \u0130ske\u00e7e \u015eahin k\u00f6y\u00fcn\u00fcn sevilen simalar\u0131ndan olan Haf\u0131z M\u00fcrteza \u00c7avu\u015fo\u011flu aylard\u0131r m\u00fccadele etti\u011fi amans\u0131z hastal\u0131\u011fa yenik d\u00fc\u015ferek 6 Nisan Pazartesi g\u00fcn\u00fc hayata veda etti.<\/p>\n<p><strong>08 Nisan &#8211;&nbsp;<\/strong>Al Jazeera English kanal\u0131nda Bat\u0131 Trakya T\u00fcrkleri belgeseli yay\u0131nland\u0131. Al Jazeera English televizyon kanal\u0131nda \u201cWestern Thrace, Contested Space: The Turks of northeast Greece\u201d (&#8220;Bat\u0131 Trakya, \u0130htilafl\u0131 Alan: Kuzeydo\u011fu Yunanistan&#8217;daki T\u00fcrkler&#8221;) ad\u0131yla yay\u0131nlanan Bat\u0131 Trakya T\u00fcrk Az\u0131nl\u0131\u011f\u0131\u2019n\u0131n Yunanistan&#8217;da insan haklar\u0131 konusunda ya\u015fad\u0131\u011f\u0131 s\u0131k\u0131nt\u0131lar\u0131 i\u00e7eren belgesel b\u00fcy\u00fck ilgi uyand\u0131rd\u0131.<\/p>\n<p><strong>09 Nisan &#8211;&nbsp;<\/strong>Yunanistan&#8217;a polis \u015fiddeti uyar\u0131s\u0131. Avrupa Konseyi b\u00fcnyesinde faaliyet g\u00f6steren \u0130\u015fkenceyi \u00d6nleme Komitesi (CPT), Yunanistan&#8217;\u0131n cezaevi sistemini ivedilikle reforme etmesi ve polis \u015fiddetine son vermesi gerekti\u011fini a\u00e7\u0131klad\u0131.<\/p>\n<p><strong>13 Nisan &#8211;&nbsp;<\/strong><strong>Domruk\u00f6y\u2019de hoparl\u00f6rden ezan\u0131 yasaklama giri\u015fimi ger\u00e7ekle\u015fti.&nbsp;<\/strong><strong>Domruk\u00f6y\u2019de sabah ezan\u0131n\u0131 okuyan, camide tek ba\u015f\u0131na namaz k\u0131ld\u0131ktan sonra evine gitmekte olan k\u00f6y imam\u0131 polisler taraf\u0131ndan durduruldu.<\/strong>&nbsp;Sabah ezan\u0131ndan sonra k\u0131sa s\u00fcrede Domruk\u00f6y\u2019e giden polislerin, imam\u0131 durdurarak kendisinden kimlik ve belge istedikleri \u00f6\u011frenildi. Belgeyi g\u00f6steren imama polislerin,&nbsp;<strong>\u201cEzan\u0131 hoparl\u00f6rden okuman\u0131n yasak oldu\u011funu bilmiyor musun?\u201d<\/strong>&nbsp;diyerek bundan sonra ezan\u0131 hoparl\u00f6rden okumamas\u0131n\u0131 s\u00f6yledikleri belirtildi. Bu ve benzeri bask\u0131lar Bat\u0131 Trakya \u00e7ap\u0131nda bir s\u00fcre ezanlar\u0131n hoparl\u00f6rden k\u0131s\u0131k sesle okunmas\u0131na y\u00f6nelik telkinlerin meydana gelmesine sebep oldu. Bir \u00e7ok camide bir m\u00fcddet ezanlar\u0131n k\u0131s\u0131k sesle okundu\u011fu g\u00f6r\u00fcld\u00fc.<\/p>\n<p><strong>25 Nisan &#8211;&nbsp;<\/strong>Hebilk\u00f6y \u0130mam\u0131 Ali Mahmut Pa\u015fa karakola ifadeye \u00e7a\u011fr\u0131ld\u0131. Kozlukebir Belediyesi\u2019ne ba\u011fl\u0131 Hebilk\u00f6y\u2019de y\u0131llardan beri imaml\u0131k yapan din g\u00f6revlisi Ali Mahmut Pa\u015fa, d\u00fcn 25 Nisan 2020 Cumartesi sabah\u0131 Sirkeli Karakolu&#8217;na&nbsp;ifadeye \u00e7a\u011fr\u0131ld\u0131. Sirkeli Polis Karakolu M\u00fcd\u00fcr\u00fc, din g\u00f6revlisi Ali Mahmut Pa\u015fa\u2019y\u0131 yurtd\u0131\u015f\u0131nda \u00e7al\u0131\u015fan Hebilk\u00f6yl\u00fc bir soyda\u015f\u0131n Ramazan ay\u0131n\u0131n ilk g\u00fcn\u00fcnde ak\u015fam saatlerinde sosyal medyada Hebilk\u00f6y isimli facebook sayfas\u0131nda Hebilk\u00f6y Camii\u2019nde cemaatin g\u00f6r\u00fcnd\u00fc\u011f\u00fc bir videoyu payla\u015fmas\u0131 nedeniyle ifadeye \u00e7a\u011f\u0131rd\u0131. Ancak daha sonra videonun eski y\u0131llara ait oldu\u011fu anla\u015f\u0131ld\u0131.<\/p>\n<p><strong>MAYIS<\/strong><\/p>\n<p><strong>01 May\u0131s &#8211;&nbsp;<\/strong>BTTADK: \u201cDe\u011ferlerimizi hedef alan giri\u015fimleri reddediyoruz\u201d. Bat\u0131 Trakya M\u00fcsl\u00fcman T\u00fcrk Az\u0131nl\u0131\u011f\u0131 Dan\u0131\u015fma Kurulu, yeni tip koronavir\u00fcs bahane edilerek \u00f6nce ezanlar\u0131n k\u0131s\u0131lmak istenmesi daha sonra Ramazan ay\u0131n\u0131n ba\u015flamas\u0131yla imamlara, m\u00fcezzinlere ve davulculara y\u00f6nelik&nbsp;giri\u015fimler ve&nbsp;psikolojik bask\u0131lar konusunda a\u00e7\u0131klama yaparak manevi de\u011ferlerimizi hedef alan bu giri\u015fimlerin reddedildi\u011fini duyurdu.<\/p>\n<p><strong>06 May\u0131s &#8211;&nbsp;<\/strong>Anaokullarda T\u00fcrk dilinin de \u00f6\u011fretilmesini talep ettiler. Bat\u0131 Trakya T\u00fcrk Az\u0131nl\u0131\u011f\u0131&#8217;n\u0131n \u00f6nemli d\u00f6rt kurumu birlikte hareket ederek, Yunanistan&nbsp;E\u011fitim ve Din \u0130\u015fleri Bakanl\u0131\u011f\u0131&#8217;n\u0131n&nbsp;Taslak Kanun kapsam\u0131nda se\u00e7ilmi\u015f pilot okullarda uygulanacak programla \u0130ngiliz&nbsp;dilinin d\u0131\u015f\u0131nda Bat\u0131 Trakya&#8217;da&nbsp;az\u0131nl\u0131\u011f\u0131n ya\u015fad\u0131\u011f\u0131 b\u00f6lgelerde faaliyet g\u00f6steren anaokullarda T\u00fcrk dilinin de yarat\u0131c\u0131l\u0131k faaliyetleriyle \u00f6\u011fretilmesini talep ettiler.<\/p>\n<p><strong>13 May\u0131s &#8211;&nbsp;<\/strong>Coronavir\u00fcs yard\u0131mlar\u0131 ilgili kurumlar\u0131n hesaplar\u0131na yat\u0131r\u0131ld\u0131. \u0130ske\u00e7e M\u00fcft\u00fcl\u00fc\u011f\u00fc ve \u0130ske\u00e7e Din G\u00f6revlileri taraf\u0131ndan s\u00fcrd\u00fcr\u00fclen coronavir\u00fcs yard\u0131m kampanyas\u0131 \u00e7er\u00e7evesinde toplanan yard\u0131mlar\u0131n Yunanistan ve T\u00fcrkiye&#8217;de ilgili kurumlar\u0131n hesaplar\u0131na aktar\u0131ld\u0131\u011f\u0131 bildirildi.<\/p>\n<p><strong>13 May\u0131s &#8211;&nbsp;<\/strong>\u0130ske\u00e7e&#8217;nin sevilen \u00f6\u011fretmenlerinden Rasim hoca vefat etti. Bat\u0131 Trakya T\u00fcrk \u00d6\u011fretmenler Birli\u011fi (BTT\u00d6B) eski ba\u015fkanlar\u0131ndan, \u0130ske\u00e7e T\u00fcrk Birli\u011fi eski y\u00f6neticilerinden emekli \u00f6\u011fretmen Rasim Hint, 13 May\u0131s \u00c7ar\u015famba g\u00fcn\u00fc vefat etti. Uzun y\u0131llar \u0130ske\u00e7e Merkez T\u00fcrk Az\u0131nl\u0131k \u0130lkokulu\u2019nda \u00f6\u011fretmenlik yapan, \u0130ske\u00e7e Merkez T\u00fcrk Az\u0131nl\u0131k \u0130lkokulu ile ismi \u00f6zde\u015fle\u015fen \u00f6\u011fretmenlerden biri olan, bir \u00e7ok talebe yeti\u015ftiren, az\u0131nl\u0131k kurulu\u015flar\u0131nda ba\u015fkanl\u0131k ve y\u00f6neticilik yapan ve Bat\u0131 Trakya T\u00fcrk Az\u0131nl\u0131\u011f\u0131\u2019n\u0131n meseleleriyle yak\u0131ndan ilgilenen emekli \u00f6\u011fretmen Rasim Hint hocam\u0131z bir s\u00fcredir m\u00fccadele etti\u011fi amans\u0131z hastal\u0131\u011fa yenik d\u00fc\u015ferek Hakk\u0131n rahmetine kavu\u015ftu. Rasim \u00f6\u011fretmenin 13 May\u0131s \u00f6\u011fleden sonra \u0130ske\u00e7e A\u015fa\u011f\u0131mahalle&#8217;deki evinde vefat etti\u011fi \u00f6\u011frenildi. \u00d6\u011fretmen Rasim Hint 80 ya\u015f\u0131ndayd\u0131.<\/p>\n<p><strong>17 May\u0131s &#8211;&nbsp;<\/strong>\u0130ske\u00e7e T\u00fcrk Birli\u011fi &#8220;\u0130SKE\u00c7E T\u00dcRK\u00dcLER\u0130&#8221; alb\u00fcm\u00fc haz\u0131rlad\u0131. \u0130ske\u00e7e y\u00f6resine ait t\u00fcrk\u00fcler, ilk kez \u0130ske\u00e7e T\u00fcrk Birli\u011fi taraf\u0131ndan bir alb\u00fcmde topland\u0131.<\/p>\n<p><strong>20 May\u0131s &#8211;&nbsp;<\/strong>T\u00fcrkiye D\u0131\u015fi\u015fleri Bakanl\u0131\u011f\u0131 S\u00f6zc\u00fcs\u00fc Aksoy, Atina&#8217;da d\u00fczenlenen g\u00f6sterilerde T\u00fcrk bayra\u011f\u0131n\u0131n yak\u0131lmas\u0131na ili\u015fkin, &#8220;Irk\u00e7\u0131 kafalar hala gereken dersi almam\u0131\u015f. \u015eanl\u0131 bayra\u011f\u0131m\u0131za hi\u00e7 kimse el uzatamaz!&#8221; ifadelerini kulland\u0131. \u00d6te yandan Yunanistan D\u0131\u015fi\u015fleri Bakanl\u0131\u011f\u0131, Atina&#8217;da d\u00fczenlenen g\u00f6sterilerde T\u00fcrk bayra\u011f\u0131n\u0131n yak\u0131lmas\u0131n\u0131 k\u0131nad\u0131.<\/p>\n<p><strong>22 May\u0131s &#8211; Bat\u0131 Trakya&#8217;da M\u00fcsl\u00fcman T\u00fcrkler 9 hafta sonra Cuma namaz\u0131na kavu\u015ftu.<\/strong>&nbsp;17 May\u0131s Pazar g\u00fcn\u00fc Yunanistan&#8217;da t\u00fcm ibadethaneler kap\u0131lar\u0131n\u0131 a\u00e7t\u0131. Bat\u0131 Trakya&#8217;da ya\u015fayan M\u00fcsl\u00fcman T\u00fcrkler de 22 May\u0131s Cuma g\u00fcn\u00fc 9 hafta aradan sonra Cuma namaz\u0131na kavu\u015fman\u0131n sevincini ya\u015fad\u0131.<\/p>\n<p><strong>27 May\u0131s &#8211;&nbsp;<\/strong>ABD&#8217;de polisin bir siyahiyi bo\u011farak \u00f6ld\u00fcrmesi infiale neden oldu. ABD&#8217;de, polisin g\u00f6zalt\u0131 i\u015flemi s\u0131ras\u0131nda bir siyahi vatanda\u015f\u0131n boynuna dizini dayay\u0131p dakikalarca nefes almas\u0131n\u0131 engelleyerek \u00f6l\u00fcm\u00fcne sebep oldu\u011fu g\u00f6r\u00fcnt\u00fcler \u00fclkede infiale yol a\u00e7t\u0131.<\/p>\n<p><strong>29 May\u0131s &#8211;&nbsp;<\/strong>G\u00fcm\u00fclcine Medrese-i Hayriye Vak\u0131f Az\u0131nl\u0131k Lisesi Enc\u00fcmen Heyeti ve Aile Birli\u011fi, Lozan ve Anayasal \u00d6zel haklar\u0131 \u00e7i\u011fneyerek&nbsp;ve&nbsp;okulun Enc\u00fcmen Heyetini hi\u00e7e sayarak okulun m\u00fcd\u00fcr yard\u0131mc\u0131s\u0131yla i\u015fbirli\u011fi yapan Yunan devletinin tayinli&nbsp;G\u00fcm\u00fclcine Vak\u0131flar \u0130daresi Ba\u015fkan\u0131na tepki g\u00f6sterdi.<\/p>\n<p><strong>29 May\u0131s &#8211;&nbsp;<\/strong>T\u00fcrkiye D\u0131\u015fi\u015fleri Bakanl\u0131\u011f\u0131 S\u00f6zc\u00fcs\u00fc Hami Aksoy, Yunanistan D\u0131\u015fi\u015fleri Bakan\u0131 Nikos Dendias&#8217;\u0131n T\u00fcrkiye&#8217;ye y\u00f6nelik &#8220;barbar&#8221; a\u00e7\u0131klamalar\u0131na &#8220;Yunan devleti \u00f6nce kendi &#8216;barbarl\u0131\u011f\u0131ndan&#8217; kurtulmal\u0131d\u0131r.&#8221; ifadeleriyle tepki g\u00f6sterdi.<\/p>\n<p><strong>29 May\u0131s &#8211;&nbsp;<\/strong>\u0130stanbul&#8217;un fethinin 567. y\u0131l d\u00f6n\u00fcm\u00fc kutlamalar\u0131, Fatih Sultan Mehmet&#8217;in \u015fehri ald\u0131ktan sonra ilk cuma namaz\u0131n\u0131 k\u0131ld\u0131\u011f\u0131 Ayasofya Camii&#8217;nde d\u00fczenlenen &#8220;Fetih \u015e\u00f6leni&#8221;nde, Fetih Suresi okundu.<\/p>\n<p><strong>30 May\u0131s &#8211;&nbsp;<\/strong>G\u00fcm\u00fclcine Se\u00e7ilmi\u015f M\u00fcft\u00fcl\u00fc\u011f\u00fc&#8217;n\u00fcn elektronik postas\u0131 arac\u0131l\u0131\u011f\u0131yla bas\u0131na g\u00f6nderilen Bat\u0131 Trakya Camileri Din G\u00f6revlileri Derne\u011fi&#8217;nin a\u00e7\u0131klamas\u0131nda, G\u00fcm\u00fclcine \u015fehrindeki din g\u00f6revlileri bug\u00fcne kadar tayinliler (m\u00fcft\u00fc ve cemaat idaresi) taraf\u0131ndan kendilerine \u00f6denen maddi deste\u011fi bundan sonra kabul etmeyeceklerini kamuoyuna bildirdiler.<\/p>\n<p>Yap\u0131lan a\u00e7\u0131klamada G\u00fcm\u00fclcine \u015eehiri\u00e7i Din G\u00f6revlileri, siyasi iradenin atamal\u0131 temsilcisi olarak ifade ettikleri tayinli m\u00fcft\u00fc naibine Cemaat \u0130daresi&#8217;nin de yard\u0131m ederek bug\u00fcne kadar hizmet kar\u015f\u0131l\u0131\u011f\u0131 kendilerine \u00f6denen miktardan b\u00fcy\u00fck oranda kesintiye gittiklerini ve bu \u015fekilde g\u00f6revlilerin m\u00e2li a\u00e7\u0131dan tayinlilere mahk\u00fbm olmalar\u0131n\u0131 sa\u011flama gayreti i\u00e7inde olduklar\u0131n\u0131 belirterek, gayretleri nispetinde m\u00fccadelelerine devam edeceklerini ve&nbsp;<strong>\u015fimdiye kadar kendilerine tayinliler taraf\u0131ndan \u00f6denen ve zaman i\u00e7inde azalt\u0131lan maddi deste\u011fi kabul etmeyeceklerini<\/strong>&nbsp;ifade ettiler.<\/p>\n<p><strong>31 May\u0131s &#8211;<\/strong>&nbsp;<strong>T\u00fcrkiye D\u0131\u015fi\u015fleri Bakanl\u0131\u011f\u0131 S\u00f6zc\u00fcs\u00fc Hami Aksoy, Yunanistan D\u0131\u015fi\u015fleri Bakanl\u0131\u011f\u0131n\u0131n Ayasofya&#8217;da Kur&#8217;an-\u0131 Kerim okunmas\u0131na ili\u015fkin a\u00e7\u0131klamalar\u0131na Bat\u0131 Trakya&#8217;da koronavir\u00fcs bahanesiyle ezan\u0131n susturulmas\u0131na da dikkat \u00e7ekerek tepki g\u00f6sterdi.&nbsp;<\/strong>S\u00f6zc\u00fc Aksoy, a\u00e7\u0131klamas\u0131nda&nbsp;koronavir\u00fcs (Kovid-19) salg\u0131n\u0131n\u0131 bahane ederek Bat\u0131 Trakya&#8217;da y\u00fczy\u0131llard\u0131r okunan ezan\u0131 susturmaya yeltenen \u00e7evrelerin \u00e7abalar\u0131n\u0131n hala haf\u0131zalarda taze oldu\u011funu da vurgulad\u0131.<\/p>\n<p><strong>HAZ\u0130RAN<\/strong><\/p>\n<p><strong>01 Haziran &#8211;&nbsp;<\/strong>Yass\u0131k\u00f6y Belediye Ba\u015fkan\u0131 \u00d6nder M\u00fcmin, sosyal medyada T\u00fcrk\u00e7e payla\u015f\u0131nlar\u0131nda k\u00f6y isimlerini \u201cT\u00fcrk\u00e7e\u201d yazmas\u0131ndan rahats\u0131z oldu\u011fu i\u00e7in savc\u0131l\u0131\u011f\u0131 g\u00f6reve \u00e7a\u011f\u0131ran ana muhalefet lideri Yeniden Do\u011fu\u015f Vizyonu Listesi Ba\u015fkan\u0131 Kiryakos Amucas\u2019sa cevap vererek Cunta d\u00f6neminin ge\u00e7ti\u011fini hat\u0131rlatt\u0131.<\/p>\n<p><strong>01 Haziran &#8211;<\/strong><strong>&nbsp;<\/strong>&nbsp;T\u00fcrkiye&#8217;nin Atina B\u00fcy\u00fckel\u00e7isi Burak \u00d6z\u00fcgergin, Yunanistan&nbsp;D\u0131\u015fi\u015fleri Bakanl\u0131\u011f\u0131 yetkililerine, T\u00fcrkiye&#8217;nin Akdeniz&#8217;deki faaliyetlerinin uluslararas\u0131 hukuk s\u0131n\u0131rlar\u0131 i\u00e7inde bulundu\u011funu, T\u00fcrkiye&#8217;nin diyalog \u00e7a\u011fr\u0131lar\u0131n\u0131n Yunanistan taraf\u0131nda cevap bulmad\u0131\u011f\u0131n\u0131 bildirdi.<\/p>\n<p><strong>02 Haziran &#8211;<\/strong><strong>&nbsp;&nbsp;<\/strong>DEB Partisi: Bat\u0131 Trakya T\u00fcrk Az\u0131nl\u0131\u011f\u0131\u2019n\u0131n siyasi organ\u0131 Dostluk E\u015fitlik Bar\u0131\u015f Partisi, Dimetoka\u2019daki tarihi \u00c7elebi Sultan Mehmet Camii\u2019nin minaresine Yunan bayra\u011f\u0131 as\u0131larak yap\u0131lan provokatif eylemle ilgili olarak \u201c\u00c7elebi Sultan Mehmet Camii\u2019ne y\u00f6nelik provokatif eylem kabul edilemez\u201d a\u00e7\u0131klamas\u0131nda bulundu.<\/p>\n<p><strong>03 Haziran &#8211;&nbsp;&nbsp;<\/strong>Atina camisiz ba\u015fkent, tarihi Fethiye Camisi ise sergi salonu. Atina\u2019da 100 binlerce M\u00fcsl\u00fcman ibadetini apartmanlar\u0131n bodrum katlar\u0131 ve dernek merkezi gibi yerlerde yaparken, Osmanl\u0131&#8217;dan g\u00fcn\u00fcm\u00fcze ula\u015fan Fethiye Camisi&#8217;nin sergi salonu, Cizderiye Camisi&#8217;nin de seramik m\u00fczesi olarak kullan\u0131lmas\u0131 dikkati \u00e7ekiyor.<\/p>\n<p><strong>06 Haziran &#8211;<\/strong><strong>&nbsp;&nbsp;<\/strong>T\u00fcrkiye&#8217;nin Do\u011fu Akdeniz&#8217;deki arama-sondaj faaliyetlerini geni\u015fletme hamlesi Yunanistan&#8217;\u0131 rahats\u0131z etti. Yunanistan Savunma Bakan\u0131, yapt\u0131\u011f\u0131 a\u00e7\u0131klamada, &#8220;Egemenlik haklar\u0131m\u0131z\u0131 korumak i\u00e7in askeri operasyon dahil elimizden geleni yapar\u0131z&#8221; dedi.<\/p>\n<p><strong>07 Haziran &#8211;<\/strong><strong>&nbsp;&nbsp;<\/strong><strong>\u0130ske\u00e7e \u015eahin k\u00f6y\u00fcn\u00fcn emektar imamlar\u0131ndan olan Haf\u0131z Sabri K\u00f6se 6 Haziran Cumartesi g\u00fcn\u00fc uzun s\u00fcre tedavi g\u00f6rd\u00fc\u011f\u00fc \u0130ske\u00e7e Devlet Hastanesi&#8217;nde vefat etti.<\/strong>&nbsp;\u015eahin k\u00f6y\u00fcn\u00fcn Yukar\u0131 Mahalle Camii \u0130mam\u0131 olan Haf\u0131z Sabri K\u00f6se uzun y\u0131llar bu g\u00f6revi y\u00fcr\u00fctt\u00fc. \u015eahin k\u00f6y\u00fcne b\u00fcy\u00fck hizmetleri oldu. Toplumsal meselelerde her zaman \u00f6n planda oldu. Haf\u0131z Sabri K\u00f6se yakla\u015f\u0131k iki aydan beri rahats\u0131zl\u0131\u011f\u0131 sebebiyle \u0130ske\u00e7e Devlet Hastanesi Yo\u011fun Bak\u0131m \u00dcnitesinde tedavi g\u00f6r\u00fcyordu.<\/p>\n<p>Haf\u0131z Sabri K\u00f6se&#8217;nin cenazesi \u015eahin k\u00f6y\u00fcnde 7 Haziran Pazar g\u00fcn\u00fc \u00f6\u011fle namaz\u0131 sonras\u0131 \u015eahin k\u00f6y\u00fc kabristan\u0131na defnedildi.<\/p>\n<p><strong>08 Haziran &#8211;<\/strong><strong>&nbsp;&nbsp;<\/strong><strong>Yunanistan&#8217;\u0131n T\u00fcrk kimli\u011fini ret politikas\u0131 devam ediyor.&nbsp;<\/strong><strong>Trakya \u0130stinaf Mahkemesi, Bat\u0131 Trakya T\u00fcrk toplumuna ait Rodop \u0130li T\u00fcrk Kad\u0131nlar\u0131 K\u00fclt\u00fcr Derne\u011fi ve Meri\u00e7 \u0130li Az\u0131nl\u0131k Gen\u00e7leri Derne\u011fi\u2019nin tan\u0131nma ba\u015fvurular\u0131n\u0131 reddetti.&nbsp;<\/strong>Trakya \u0130stinaf Mahkemesi, 25 May\u0131s 2020 tarihinde a\u00e7\u0131klad\u0131\u011f\u0131 karar\u0131nda, Avrupa \u0130nsan Haklar\u0131 Mahkemesi\u2019nin (A\u0130HM) 2008 y\u0131l\u0131nda verdi\u011fi kararlardan sonra iki Bat\u0131 Trakya T\u00fcrk derne\u011finin ulusal mahkemeler nezdinde ba\u015fvuru yapt\u0131klar\u0131n\u0131 ve ba\u015fvurular\u0131n\u0131n reddedildi\u011fini, bu nedenle ayn\u0131 dayanak ve talep ile yeni bir ba\u015fvurunun yap\u0131lamayaca\u011f\u0131n\u0131 iddia ederek, derneklerin dilek\u00e7elerini kabul etmedi.<\/p>\n<p><strong>12 Haziran &#8211;<\/strong><strong>&nbsp;&nbsp;<\/strong><strong>T\u00fcrkiye<\/strong>&nbsp;<strong>D\u0131\u015fi\u015fleri Bakan\u0131 Mevl\u00fct \u00c7avu\u015fo\u011flu,&#8221;Bat\u0131 Trakya\u2019da T\u00fcrk az\u0131nl\u0131\u011f\u0131n se\u00e7ti\u011fi m\u00fcft\u00fcler namaz k\u0131ld\u0131rd\u0131\u011f\u0131 i\u00e7in ceza ald\u0131. Oradaki T\u00fcrk az\u0131nl\u0131k, T\u00fcrk ad\u0131n\u0131 da kullanam\u0131yor&#8221; dedi.<\/strong><\/p>\n<p>D\u0131\u015fi\u015fleri Bakan\u0131 Mevl\u00fct \u00c7avu\u015fo\u011flu T\u00fcrkiye&#8217;de yay\u0131n yapan NTV canl\u0131 yay\u0131n\u0131na kat\u0131larak sorular\u0131n\u0131 yan\u0131tlad\u0131. \u00c7avu\u015fo\u011flu \u015funlar\u0131 s\u00f6yledi: &#8220;Esasen dini az\u0131nl\u0131klar\u0131n haklar\u0131 konusunda sadece bize de\u011fil, &nbsp;d\u00fcnyaya ders verecek en son \u00fclkelerden biri Yunanistan. Avrupa\u2019da camisi olmayan tek ba\u015fkent Atina. Selanik\u2019te s\u00fcrekli&nbsp; a\u00e7\u0131k bir cami yoktur. Bat\u0131 Trakya\u2019da T\u00fcrk az\u0131nl\u0131klar\u0131n se\u00e7ti\u011fi m\u00fcft\u00fcler namaz k\u0131ld\u0131rd\u0131\u011f\u0131 i\u00e7in ceza ald\u0131. Oradaki T\u00fcrk az\u0131nl\u0131k, T\u00fcrk ad\u0131n\u0131 da kullanam\u0131yor. Yunanistan bu konuda \u00fc\u00e7 kere mahkum edildi.&#8221;<\/p>\n<p><strong>17 Haziran &#8211;&nbsp;<\/strong>DEB Partisi H\u00fcseyin Yaz\u0131c\u0131 i\u00e7in ba\u015fsa\u011fl\u0131\u011f\u0131 mesaj\u0131 yay\u0131nlad\u0131. Mesajda &#8220;DEB Partisi Kurucu \u00dcyesi ve 2014 AP Milletvekili se\u00e7imlerinde partimizden aday olan H\u00fcseyin Yaz\u0131c\u0131&#8217;n\u0131n vefat haberini teess\u00fcrle \u00f6\u011frenmi\u015f bulunmaktay\u0131z. Bat\u0131 Trakya M\u00fcsl\u00fcman T\u00fcrk Az\u0131nl\u0131\u011f\u0131na de\u011ferli hizmetleri bulunan ve partimizin kurulu\u015fundan bu yana her zaman bizlere destek olan k\u0131ymetli dava adam\u0131 H\u00fcseyin Yaz\u0131c\u0131&#8217;ya Allah&#8217;tan rahmet, ailesine, \u015eahin halk\u0131na ve toplumumuza ba\u015fsa\u011fl\u0131\u011f\u0131 dileklerimizi sunar\u0131z.&#8221; ifadelerine yer verildi.<\/p>\n<p><strong>18 Haziran &#8211;<\/strong>&nbsp;T\u00fcrkiye\u2019deki Bat\u0131 Trakya T\u00fcrkleri Dayan\u0131\u015fma Derne\u011fi (BTTDD) eski genel ba\u015fkanlar\u0131ndan&nbsp;Selahattin Y\u0131ld\u0131z vefat etti.<\/p>\n<p><strong>19 Haziran &#8211;<\/strong>&nbsp;Avrupa \u0130nsan Haklar\u0131 Mahkemesi (A\u0130HM), Bat\u0131 Trakya M\u00fcsl\u00fcman T\u00fcrk toplumu mensubu bir kad\u0131n\u0131n miras davas\u0131nda \u015feriat hukukunun uygulanmas\u0131na itiraz\u0131 \u00fczerine a\u00e7t\u0131\u011f\u0131 davada daha \u00f6nce haks\u0131z bulunan Yunanistan&#8217;\u0131n 56 bin 931,69 euro tazminat \u00f6demesi gerekti\u011fine h\u00fckmetti.<\/p>\n<p><strong>23 Haziran &#8211;<\/strong><strong>&nbsp;&nbsp;<\/strong>&#8216;Yunanistan&#8217;da M\u00fcsl\u00fcmanlar, kanun \u00f6n\u00fcnde e\u015fitlikten \u00e7ok uzak&#8217;.&nbsp;<strong>Demokrasinin be\u015fi\u011fi oldu\u011fu iddia edilen Yunanistan&#8217;da, Bat\u0131 Trakya&#8217;dan sonra \u015fimdi de Atina&#8217;daki M\u00fcsl\u00fcmanlar\u0131 \u00fczecek ad\u0131mlar at\u0131l\u0131yor. Atina yak\u0131nlar\u0131ndaki Pire&#8217;de M\u00fcsl\u00fcmanlar\u0131n mescit olarak kulland\u0131\u011f\u0131 bir ibadet yerinin gerekli izin belgelerinin bulunmamas\u0131 gerek\u00e7esiyle kapat\u0131laca\u011f\u0131 bildirildi.<\/strong>&nbsp;Yunanistan M\u00fcsl\u00fcmanlar Derne\u011finden yap\u0131lan a\u00e7\u0131klamada, 1989 y\u0131l\u0131ndan bu yana Pire Liman\u0131 yak\u0131nlar\u0131nda bulunan &#8220;Andalusia&#8221; (End\u00fcl\u00fcs) isimli mescidin, Yunanistan E\u011fitim ve Din \u0130\u015fleri Bakanl\u0131\u011f\u0131 taraf\u0131ndan al\u0131nan kararla kapat\u0131laca\u011f\u0131 belirtildi.<\/p>\n<p><strong>30 Haziran &#8211;<\/strong><strong>&nbsp;&nbsp;<\/strong>Yunanistan, yeni tip koronavir\u00fcs (Kovid-19) nedeniyle kapal\u0131 tuttu\u011fu T\u00fcrkiye ve di\u011fer kom\u015fu \u00fclkelerle olan t\u00fcm s\u0131n\u0131r kap\u0131lar\u0131n\u0131 a\u00e7ma karar\u0131 ald\u0131.<\/p>\n<p><strong>TEMMUZ<\/strong><\/p>\n<p><strong>4 Temmuz &#8211;&nbsp;<\/strong>\u0130ngiltere merkezli uluslararas\u0131 yard\u0131m kurulu\u015fu Oxford A\u00e7l\u0131kla M\u00fccadele Komitesi (Oxfam) ve Yunan M\u00fclteciler Konseyi (GCR), yeni iltica sisteminin Yunanistan\u2019\u0131n Ege adalar\u0131ndaki kamplarda bulunan savunmas\u0131z s\u0131\u011f\u0131nmac\u0131lar\u0131 daha b\u00fcy\u00fck bir risk alt\u0131na soktu\u011funu belirterek Yunanistan\u2019a uyar\u0131da bulundu.<\/p>\n<p><strong>4 Temmuz &#8211;&nbsp;&nbsp;<\/strong>Bat\u0131 Trakya Davas\u0131\u2019n\u0131n \u00f6nemli isimlerinden, Avrupa Bat\u0131 Trakya T\u00fcrk Federasyonu Kurucu ve Onursal Ba\u015fkan\u0131 Cafer Alio\u011flu\u2019nun 3. Kitab\u0131 olan \u2018Hayat\u0131m ve An\u0131lar\u0131m\u2019 Bat\u0131 Trakya T\u00fcrkleri Dayan\u0131\u015fma Derne\u011fi (BTTDD) Bursa \u015eubesi taraf\u0131ndan yay\u0131nland\u0131.<\/p>\n<p><strong>8 Temmuz &#8211;&nbsp;<\/strong>Yeni Demokrasi Partisi h\u00fck\u00fcmeti az\u0131nl\u0131k bas\u0131n\u0131n\u0131 yok sayd\u0131. D\u00fcnyay\u0131 etkisi alt\u0131na alan yeni tip koronavir\u00fcs (Kovid-19) salg\u0131n\u0131yla m\u00fccadele kapsam\u0131nda Yunanistan\u2019da Yeni Demokrasi Partisi h\u00fck\u00fcmeti taraf\u0131ndan al\u0131nan tedbirlerin halk taraf\u0131ndan desteklenmesi, vatanda\u015flar\u0131n bu tedbirlere uymas\u0131 konusunda Yunan bas\u0131n\u0131 kadar Bat\u0131 Trakya\u2019da yay\u0131n yapan (T\u00fcrk\u00e7e gazete-radyo-web siteleri) T\u00fcrk\u00e7e bas\u0131n\u0131 da \u00fclkenin m\u00fccadeleden ba\u015far\u0131yla \u00e7\u0131kmas\u0131 konusunda \u00fczerine d\u00fc\u015feni yapt\u0131. Yeni Demokrasi Partisi h\u00fck\u00fcmeti, Kovid-19&nbsp;salg\u0131n\u0131na kar\u015f\u0131 m\u00fccadele kapsam\u0131nda bas\u0131na da\u011f\u0131t\u0131lmak \u00fczere ekonomik yard\u0131m paketi a\u00e7\u0131klam\u0131\u015ft\u0131.<strong>&nbsp;Y<\/strong>akla\u015f\u0131k 20 milyon euroluk yard\u0131m paketi&nbsp;listesinde ne yaz\u0131k ki az\u0131nl\u0131k bas\u0131n yay\u0131n organlar\u0131 yer almad\u0131. Yeni Demokrasi h\u00fck\u00fcmeti, Bat\u0131 Trakya\u2019da faaliyet g\u00f6steren T\u00fcrk\u00e7e gazeteleri, radyolar\u0131 ve web sitelerilerini g\u00f6rmezden geldi.<\/p>\n<p><strong>9 Temmuz &#8211;<\/strong>&nbsp;\u0130ske\u00e7e&#8217;nin \u015eahin k\u00f6y\u00fcnden olan Ahmet Manafo\u011flu 95 ya\u015f\u0131nda koronavir\u00fcs\u00fc yenmeyi ba\u015fard\u0131. Ahmet dede Dedea\u011fa\u00e7 hastanesinden taburcu olarak amb\u00fclansla evine getirildi.<\/p>\n<p><strong>12 Temmuz &#8211;<\/strong>&nbsp;Ayasofya&#8217;n\u0131n yeniden cami h\u00fcviyetine kavu\u015fturularak ibadete a\u00e7\u0131lmas\u0131 karar\u0131na tepki g\u00f6stermek i\u00e7in \u0130ske\u00e7e Helenizm Derne\u011fi \u00fcyeleri, T\u00fcrkiye Cumhuriyeti G\u00fcm\u00fclcine Ba\u015fkonsoloslu\u011fu binas\u0131n\u0131n bulundu\u011fu soka\u011f\u0131n ba\u015f\u0131nda g\u00f6steri yapt\u0131lar.<\/p>\n<p><strong>15 Temmuz &#8211;<\/strong>&nbsp;Yunanistan&#8217;da, T\u0131rhala (Trikala) \u015fehrindeki tarihi Kur\u015funlu Camisi&#8217;ne ta\u015fl\u0131 sald\u0131r\u0131 d\u00fczenledi. T\u00fcrkiye&#8217;nin Ayasofya karar\u0131 sonras\u0131 ger\u00e7ekle\u015fen hadise ak\u0131llarda soru i\u015faretlerine neden oldu.<\/p>\n<p><strong>15 Temmuz &#8211;&nbsp;<\/strong>Dostluk E\u015fitlik Bar\u0131\u015f (DEB) Partisi Genel Ba\u015fkan\u0131 \u00c7i\u011fdem Asafo\u011flu, Bat\u0131 Trakya T\u00fcrklerini hedef alan Pire Metropoliti Serafim\u2019e tepki g\u00f6sterdi. Asafo\u011flu, yay\u0131nlad\u0131\u011f\u0131 video mesaj\u0131nda metropolit Serafim\u2019in Aya Sofya\u2019n\u0131n camiye d\u00f6n\u00fc\u015ft\u00fcrme karar\u0131na kar\u015f\u0131 Yunanistan\u2019\u0131n alaca\u011f\u0131 \u00f6nlemler \u00e7er\u00e7evesinde Bat\u0131 Trakya\u2019da kendilerini T\u00fcrk olarak tan\u0131mlayanlar\u0131n s\u0131n\u0131r d\u0131\u015f\u0131 edilmesi \u00f6nerisine tepki g\u00f6sterdi.<\/p>\n<p><strong>15 Temmuz &#8211;&nbsp;<\/strong><strong>15 Temmuz Demokrasi ve Milli Birlik g\u00fcn\u00fc T.C. G\u00fcm\u00fclcine Ba\u015fkonsoloslu\u011fu\u2019nda d\u00fczenlenen t\u00f6renle kutland\u0131.&nbsp;<\/strong>&nbsp;T\u00fcrkiye&#8217;de 15 Temmuz 2016&#8217;da Fetullah\u00e7\u0131 Ter\u00f6r \u00d6rg\u00fct\u00fc (FET\u00d6) taraf\u0131ndan ger\u00e7ekle\u015ftirilen hain darbe te\u015febb\u00fcs\u00fcn\u00fcn d\u00f6rd\u00fcnc\u00fc y\u0131ld\u00f6n\u00fcm\u00fcnde T.C. G\u00fcm\u00fclcine Ba\u015fkonsoloslu\u011fu\u2019nda yap\u0131lan anma t\u00f6renine Bat\u0131 Trakya T\u00fcrk Az\u0131nl\u0131\u011f\u0131 temsilcileri kat\u0131ld\u0131. Anma etkinli\u011finde konu\u015fmalar yap\u0131ld\u0131 ve \u015fehitler i\u00e7in dualar edildi.<\/p>\n<p><strong>23 Temmuz &#8211;<\/strong>&nbsp;T\u00fcrkiye&#8217;nin, Oru\u00e7 Reis sismik ara\u015ft\u0131rma gemisinin yapaca\u011f\u0131 sondaj faaliyetleri kapsam\u0131nda Meis adas\u0131n\u0131n g\u00fcneyi ve do\u011fusunda NAVTEX ilan etmesi Yunanistan&#8217;\u0131 panikletti. Haberin ard\u0131ndan G\u00fcney K\u0131br\u0131s&#8217;ta bulunan Yunanistan Genelkurmay Ba\u015fkan\u0131 Floros, acil olarak \u00fclkesine geri d\u00f6nd\u00fc.<\/p>\n<p><strong>24 Temmuz &#8211;&nbsp;<\/strong><strong>Ayasofya-i Kebir Cami-i \u015eerifi, 86 y\u0131l sonra k\u0131l\u0131nan cuma namaz\u0131yla ibadete a\u00e7\u0131ld\u0131. T\u00fcrkiye&nbsp; Cumhurba\u015fkan\u0131 Erdo\u011fan, TBMM Ba\u015fkan\u0131 \u015eentop, Cumhurba\u015fkan\u0131 Yard\u0131mc\u0131s\u0131 Oktay ve MHP Genel Ba\u015fkan\u0131 Bah\u00e7eli&#8217;nin yan\u0131 s\u0131ra \u00e7ok say\u0131da ki\u015fi namazda saf tuttu.<\/strong>&nbsp;\u0130stanbul&#8217;un fethine kadar 916 y\u0131l kilise, 1453&#8217;ten 1934&#8217;te al\u0131nan kararla m\u00fcze oluncaya dek cami olarak kullan\u0131lan, 86 y\u0131l m\u00fcze olarak hizmet veren Ayasofya&#8217;n\u0131n yeniden ibadete a\u00e7\u0131lmas\u0131 dolay\u0131s\u0131yla Diyanet \u0130\u015fleri Ba\u015fkanl\u0131\u011f\u0131nca dua program\u0131 d\u00fczenlendi.<\/p>\n<p><strong>24 Temmuz &#8211; Erdo\u011fan: Bat\u0131 Trakya T\u00fcrk Az\u0131nl\u0131\u011f\u0131 sahipsiz de\u011fildir.<\/strong>&nbsp;Bat\u0131 Trakya T\u00fcrk Az\u0131nl\u0131k m\u00fccadelesinin unutulmaz dava insan\u0131 Dr. Sad\u0131k Ahmet, \u00f6l\u00fcm\u00fcn\u00fcn 25. y\u0131l\u0131nda&nbsp; G\u00fcm\u00fclcine\u2019de an\u0131ld\u0131. T\u00f6rende T\u00fcrkiye Cumhurba\u015fkan\u0131 Recep Tayyip Erdo\u011fan\u2019\u0131n okunan mesaj\u0131nda, \u201cBat\u0131 Trakya T\u00fcrk Az\u0131nl\u0131\u011f\u0131 asla yaln\u0131z de\u011fildir. Sahipsiz de\u011fildir.\u201d s\u00f6zleriyle T\u00fcrk Az\u0131nl\u0131\u011fa sahip \u00e7\u0131kt\u0131.<\/p>\n<p><strong>29 Temmuz &#8211;<\/strong>&nbsp;\u0130stanbul&#8217;daki Hristiyan Ortodoks Az\u0131nl\u0131\u011f\u0131n dini okulu Heybeliada Ruhban Okulunun tamamen Patrikhanenin kortrol\u00fcne devrini talep eden Patrikhane ve Yunanistan, Lozan&#8217;a g\u00f6re Rumca konu\u015fan Ortodokslar\u0131n kar\u015f\u0131l\u0131\u011f\u0131 olan Bat\u0131 Trakya T\u00fcrk Az\u0131nl\u0131\u011f\u0131&#8217;n\u0131n benzer hak ve taleplerini yok say\u0131yorlar.&nbsp;Mi\u00e7otakis ba\u015fbakanl\u0131\u011f\u0131ndaki h\u00fck\u00fcmet, bu anlay\u0131\u015f\u0131n do\u011frultusunda kollar\u0131 s\u0131vayarak M\u00fcsl\u00fcman T\u00fcrk kimli\u011fini ortadan kald\u0131rmak i\u00e7in \u00e7\u0131kar\u0131lan yasa ve uygulamalarla Bat\u0131 Trakya&#8217;da Az\u0131nl\u0131\u011fa darbe \u00fcst\u00fcne darbe indirmeye ba\u015flad\u0131.&nbsp;Yunanistan Milli E\u011fitim ve Din \u0130\u015fleri Bakanl\u0131\u011f\u0131\u2019n\u0131n az\u0131nl\u0131\u011f\u0131 yok sayarak keyfi olarak haz\u0131rlad\u0131\u011f\u0131 yeni yasaya g\u00f6re G\u00fcm\u00fclcine Tayinli M\u00fcft\u00fc Naibi ile \u0130ske\u00e7e Tayinli M\u00fcft\u00fc Naibi G\u00fcm\u00fclcine ve \u0130ske\u00e7e\u2019deki Medresenin enc\u00fcmen ba\u015fkan\u0131 olacak.<\/p>\n<p><strong>A\u011eUSTOS<\/strong><\/p>\n<p><strong>04 A\u011fustos &#8211;<\/strong>&nbsp;\u0130ske\u00e7e T\u00fcrk Az\u0131nl\u0131k milletvekili H\u00fcseyin Zeybek, az\u0131nl\u0131k e\u011fitimi ve medreseler konusunda ya\u015fanan geli\u015fmeler \u00fczerine yay\u0131mlad\u0131\u011f\u0131 a\u00e7\u0131klamada, Yeni Demokrasi Partisinin az\u0131nl\u0131k e\u011fitimine ve medreselere sessizce darbe indirdi\u011fini belirtti.<\/p>\n<p><strong>09 A\u011fustos &#8211;<\/strong>&nbsp;E\u011friboz Yar\u0131madas\u0131&#8217;nda (Evvia) etkili olan \u015fiddetli ya\u011f\u0131\u015f nedeniyle 7 ki\u015fi hayat\u0131n\u0131 kaybetti.<\/p>\n<p><strong>10 A\u011fustos &#8211;<\/strong>&nbsp;Bat\u0131 Trakya T\u00fcrk Az\u0131nl\u0131\u011f\u0131 Dan\u0131\u015fma Kurulu, 10 A\u011fustos Pazartesi g\u00fcn\u00fc yapt\u0131\u011f\u0131 toplant\u0131da, son g\u00fcnlerde g\u00fcndem olan konular\u0131 de\u011ferlendirdi.&nbsp;Medreselerin i\u015fleyi\u015fine \u00f6nemli de\u011fi\u015fiklikler getiren yeni yasay\u0131, \u00f6\u011frenci azl\u0131\u011f\u0131 gerek\u00e7esiyle sekiz az\u0131nl\u0131k okulun kapat\u0131lmas\u0131n\u0131 ve k\u0131sa s\u00fcre \u00f6nce kurulan, \u00e7al\u0131\u015fmalar\u0131na ba\u015flayan \u201cTrakya Kalk\u0131nma Komisyonu\u201dnu de\u011ferlendiren Dan\u0131\u015fma Kurulu, bu konularda bir mektubun yaz\u0131l\u0131p ba\u015fta Yunanistan Ba\u015fbakan\u0131 Kirykos Mi\u00e7otakis\u2019e ve di\u011fer ilgili mercilere g\u00f6nderilmesini kararla\u015ft\u0131rd\u0131.<\/p>\n<p><strong>11 A\u011fustos &#8211;<\/strong>&nbsp;T\u00fcrkiye kar\u015f\u0131t\u0131 eski istihbarat\u00e7\u0131 Savas Kalenderidis kat\u0131ld\u0131\u011f\u0131 bir televizyon program\u0131nda &#8220;Maalesef T\u00fcrkiye&#8217;yi bir\u00e7ok a\u00e7\u0131dan iyi takip edemedik, yapt\u0131\u011f\u0131 at\u0131l\u0131m ve planlar\u0131n\u0131 okuyamad\u0131k, miyop kald\u0131k. T\u00fcrkiye savunma sanayisini geli\u015ftirdi, biz mahvettik.&#8221; dedi.<\/p>\n<p><strong>12 A\u011fustos &#8211;&nbsp;<\/strong><strong>Bat\u0131 Trakya&#8217;da askeri hareketlilik: Komandolardan T\u00fcrk Az\u0131nl\u0131k k\u00f6y\u00fcne bask\u0131n.<\/strong>&nbsp;<strong>\u0130ske\u00e7e&#8217;nin tamamen T\u00fcrk Az\u0131nl\u0131k n\u00fcf\u00fcsa sahip Mustaf\u00e7ova Belediyesi&#8217;ndeki G\u00f6k\u00e7ep\u0131nar k\u00f6y\u00fcnde komando birli\u011fi&nbsp; tatbikat ger\u00e7ekle\u015ftirdi. K\u00f6y sakinleri sabah saatlerinde kar\u015f\u0131lar\u0131nda silahl\u0131 komandolarla kar\u015f\u0131la\u015f\u0131nca neye u\u011frad\u0131klar\u0131na \u015fa\u015f\u0131rd\u0131.<\/strong>&nbsp;Edinilen bilgilere g\u00f6re, b\u00f6lge sakinlerine 12 A\u011fustos \u00c7ar\u015famba g\u00fcn\u00fc belediye s\u0131n\u0131rlar\u0131 i\u00e7inde tatbikat\u0131n icra edilece\u011fi konusunda haber verilmemesi, k\u00f6y i\u00e7inde ve mezarl\u0131\u011f\u0131n musalla ta\u015f\u0131, alan\u0131 ve&nbsp;\u00e7evresinde tatbikat yapan silahl\u0131 askerlerin ani g\u00f6r\u00fcnt\u00fcs\u00fc k\u00f6y halk\u0131 aras\u0131nda endi\u015feye neden oldu. Ayn\u0131 endi\u015feler \u015eahin k\u00f6y\u00fcnde de ya\u015fand\u0131. K\u00f6y giri\u015finde g\u00f6zlenen askeri hareketlilik &#8220;B\u00f6lgede neler oluyor?&#8221;, &#8220;Hassas bir d\u00f6nemde az\u0131nl\u0131k k\u00f6y\u00fcne askeri \u00e7\u0131karma da neyin nesi?&#8221;, &#8220;Bununla bir mesaj m\u0131 verilmek istendi?&#8221; sorular\u0131n\u0131 g\u00fcndeme getirdi.<\/p>\n<p><strong>15 A\u011fustos &#8211;&nbsp;<\/strong>T\u00fcrkiye Cumhurba\u015fkan\u0131 Recep Tayyip Erdo\u011fan, Bat\u0131 Trakya&#8217;da son g\u00fcnlerde T\u00fcrk Az\u0131nl\u0131\u011f\u0131na y\u00f6nelik uygulanan askeri y\u00f6ntemlerle sindirme ve korkutma faaliyetlerine ili\u015fkin a\u00e7\u0131klamalarda bulunarak, &#8220;Bunlar hi\u00e7 olumlu sinyaller de\u011fildir. Biz soyda\u015flar\u0131m\u0131z\u0131n dirisini de \u00f6l\u00fcs\u00fcn\u00fc de yaln\u0131z b\u0131rakmay\u0131z.&#8221; dedi.<\/p>\n<p><strong>16 A\u011fustos &#8211;<\/strong>&nbsp;Yunanistan\u2019\u0131n Bat\u0131 Trakya\u2019daki haks\u0131z yakla\u015f\u0131mlar\u0131na dair a\u00e7\u0131klamalarda bulunan YTB Ba\u015fkan\u0131 Abdullah Eren, \u2018\u2018Bat\u0131 Trakya T\u00fcrk\u00fc sistematik bask\u0131lara boyun e\u011fmeyecektir. T\u00fcrkiye, soyda\u015f\u0131n\u0131n hak ve hukukunu her daim savunacakt\u0131r.\u2019\u2019 dedi.<\/p>\n<p><strong>21 A\u011fustos &#8211;&nbsp;<\/strong>T\u00fcrkiye Cumhurba\u015fkan\u0131 Erdo\u011fan, Dolmabah\u00e7e \u00c7al\u0131\u015fma Ofisi&#8217;nde kamuoyunun merakla bekledi\u011fi &#8220;m\u00fcjde&#8221;yi a\u00e7\u0131klad\u0131. Erdo\u011fan, &#8220;T\u00fcrkiye, tarihinin en b\u00fcy\u00fck do\u011fal gaz ke\u015ffini Karadeniz\u2019de ger\u00e7ekle\u015ftirdi.&#8221; dedi. Erdo\u011fan, &#8220;Fatih Sondaj Gemimiz 20 Temmuz 2020&#8217;de ba\u015flad\u0131\u011f\u0131 Tuna 1 Kuyusu sondaj\u0131nda 320 milyar metrek\u00fcp do\u011fal gaz rezervi ke\u015ffetmi\u015f durumda.&nbsp;Bu operasyonu tamamen milli imkanlarla ger\u00e7ekle\u015ftirdik.&nbsp;Kuyudan elde edilen veriler, ayn\u0131 b\u00f6lgede yeni do\u011fal gaz ke\u015fiflerinin kuvvetle muhtemel oldu\u011funa i\u015faret ediyor. Hedefimiz, 2023 y\u0131l\u0131nda Karadeniz gaz\u0131n\u0131 milletimizin kullan\u0131m\u0131na sunmakt\u0131r.&#8221; ifadelerine yer verdi.<\/p>\n<p><strong>25 A\u011fustos &#8211;<\/strong>&nbsp;Mustaf\u00e7ova Belediye Ba\u015fkan\u0131 R\u0131dvan Deli H\u00fcseyin, G\u00f6k\u00e7ep\u0131nar\u2019da ya\u015fanan tatbikat olay\u0131ndan sonra sosyal medya hesab\u0131ndan yapt\u0131\u011f\u0131 a\u00e7\u0131klamada, Bat\u0131 Trakya T\u00fcrkleri aleyhine y\u00fcr\u00fct\u00fclen kara propagandaya dikkat \u00e7ekerek, az\u0131nl\u0131\u011f\u0131m\u0131z\u0131 s\u00fcrekli psikolojik bask\u0131 alt\u0131nda tutmaya \u00e7al\u0131\u015fan bir sistem oldu\u011funu s\u00f6yleyerek &#8220;Bize aba alt\u0131ndan sopa g\u00f6steriyorlar&#8221; ifadelerine yer verdi.<\/p>\n<p><strong>25 A\u011fustos &#8211;<\/strong>&nbsp;<strong>Milletvekili Zeybek Az\u0131nl\u0131k Okullar\u0131ndaki enc\u00fcmen heyetlerinin yetkilerine yap\u0131lan m\u00fcdahaleleri meclisin g\u00fcndemine ta\u015f\u0131d\u0131.<\/strong>&nbsp;\u0130ske\u00e7e Siriza Milletvekili H\u00fcseyin Zeybek \u0130\u00e7i\u015fleri ve E\u011fitim Bakanl\u0131\u011f\u0131na hitaben sundu\u011fu soru \u00f6nergesinde Az\u0131nl\u0131k okullar\u0131m\u0131zda enc\u00fcmene heyetlerimizin yetkilerine y\u00f6nelik yap\u0131lan m\u00fcdahaleleri ve kapat\u0131lan az\u0131nl\u0131k okullar\u0131n\u0131n durumlar\u0131n\u0131 sordu. Zeybek bu t\u00fcr giri\u015fimlerin az\u0131nl\u0131k e\u011fitiminin seviyesini d\u00fc\u015f\u00fcrmeye y\u00f6nelik giri\u015fimler oldu\u011funu belirtti.<\/p>\n<p><strong>31 A\u011fustos &#8211;&nbsp;<\/strong>T\u00fcrkiye&#8217;nin \u00f6nde gelen haber kanallar\u0131ndan A Haber&#8217;e konu\u015fan T\u00fcrkiye D\u0131\u015fi\u015fleri Bakan\u0131 \u00c7avu\u015fo\u011flu, Yunanistan&#8217;\u0131n T\u00fcrkiye ile ya\u015fanan her gerginlikte Bat\u0131 Trakya T\u00fcrklerine bask\u0131y\u0131 art\u0131rd\u0131\u011f\u0131n\u0131 s\u00f6yledi. A Haber televizyon kanal\u0131nda kat\u0131ld\u0131\u011f\u0131 programda, g\u00fcndeme ili\u015fkin sorular\u0131 yan\u0131tlayan Mevl\u00fct \u00c7avu\u015fo\u011flu, mazlum Bat\u0131 Trakya M\u00fcsl\u00fcman T\u00fcrk Az\u0131nl\u0131\u011f\u0131n\u0131n sesi oldu. Yunanistan&#8217;\u0131n T\u00fcrkiye ile ya\u015fanan her gerginlikte&nbsp;Bat\u0131 Trakya T\u00fcrklerine bask\u0131y\u0131 art\u0131rd\u0131\u011f\u0131na dikkat&nbsp;\u00e7eken \u00c7avu\u015fo\u011flu, Avrupa \u0130nsan Haklar\u0131 Mahkemesinin bu konuda Yunanistan&#8217;a kar\u015f\u0131 3 karar\u0131 bulundu\u011funu hat\u0131rlatt\u0131.<\/p>\n<p><strong>EYL\u00dcL<\/strong><\/p>\n<p><strong>2 Eyl\u00fcl &#8211; Bat\u0131 Trakya T\u00fcrklerine hizmet etmi\u015f \u00f6nder insanlardan biri olan&nbsp;Eski Ba\u011f\u0131ms\u0131z Milletvekili \u0130smail Rodoplu hayat\u0131n\u0131 kaybetti.<\/strong>&nbsp;Bat\u0131 Trakya T\u00fcrkleri&#8217;nin, ink\u00e2r edilen T\u00fcrk kimli\u011fi i\u00e7in, asimile politikalar\u0131na dur demek i\u00e7in, verilmeyen haklar\u0131 i\u00e7in yollara d\u00f6k\u00fclerek y\u00fcr\u00fcy\u00fc\u015f yapt\u0131\u011f\u0131 29 Ocaklar\u2019da, az\u0131nl\u0131k toplumuna liderlik edenlerden biri olan eski milletvekili Rodoplu vefat etti. Rodoplu 3 Eyl\u00fcl Per\u015fembe g\u00fcn\u00fc Semetli k\u00f6y\u00fcnde d\u00fczenlenen cenaze merasimiyle ebediyete u\u011furland\u0131.<\/p>\n<p><strong>8 Eyl\u00fcl &#8211;<\/strong><strong>&nbsp;\u0130ske\u00e7e Az\u0131nl\u0131k Ortaokul ve Lisesi&#8217;nde bina yetersizli\u011fi sorunu t\u00fcm giri\u015fimlere ra\u011fmen devam ediyor.<\/strong>&nbsp;\u0130ske\u00e7e Az\u0131nl\u0131k Ortaokulu ve Lisesi Enc\u00fcmen Heyeti yapt\u0131\u011f\u0131 a\u00e7\u0131klamada, okulun bina yetersizli\u011fi sorununun devam etti\u011fini, prefabrik s\u0131n\u0131f talebine cevap verilmedi\u011fini ve ge\u00e7en y\u0131l ger\u00e7ekle\u015ftirilen boykotun sonland\u0131r\u0131lmas\u0131 i\u00e7in verilen vaatlerin yerine getirilmedi\u011fini belirtti.<\/p>\n<p><strong>10 Eyl\u00fcl &#8211;<\/strong>&nbsp;Yunanistan\u2019da g\u00f6rev yapan T\u00fcrk gazeteciler son d\u00f6nemde T\u00fcrk Yunan ili\u015fkilerinin gerilmesiyle birlikte fa\u015fistlerin hedefi olmaya devam ediyor. \u00d6nce Anadolu Ajans\u0131 (AA), ard\u0131ndan TRT&#8217;nin Yunanistan\u2019da \u00e7al\u0131\u015fan muhabirleri \u0131rk\u00e7\u0131 tourkikanea.gr haber sitesi taraf\u0131ndan a\u00e7\u0131k hedef haline getirildi. Y\u0131llard\u0131r Bat\u0131 Trakya\u2019da zor \u015fartlar alt\u0131nda gazetecilik yapmaya \u00e7al\u0131\u015fan T\u00fcrk Az\u0131nl\u0131k bas\u0131n\u0131 mensuplar\u0131n\u0131 da sistematik olarak hedef haline getirerek taciz eden fa\u015fist tourkikanea.gr sitesi, \u015fimdi de Yunanistan\u2019da g\u00f6revli AA ve TRT muhabirlerinin hem T\u00fcrkiye hem de Yunanistan vatanda\u015f\u0131 T\u00fcrk gazetecileri hedef g\u00f6stermeye ba\u015flad\u0131. Irk\u00e7\u0131 tourkikanea.gr sitesi en son AA\u2019n\u0131n ve TRT Haber\u2019in Yunanistan\u2019da \u00e7al\u0131\u015fan Bat\u0131 Trakya T\u00fcrk Az\u0131nl\u0131k mensubu gazetecilerinin listesini yay\u0131mlayarak hedef g\u00f6sterdi. \u00d6nce AA Atina Temsilcisi Tevfik Durul&nbsp;ve&nbsp;fotomuhabiri Ayhan Mehmet&#8217;i hedef g\u00f6steren site, bununla da yetinmeyerek T\u00fcrkiye&#8217;de resmi kurumlarda \u00e7al\u0131\u015fan Bat\u0131 Trakya T\u00fcrklerinin isimlerini vererek hedef g\u00f6sterdi. Irk\u00e7\u0131 site, TRT&#8217;nin Yabanc\u0131 Diller M\u00fcd\u00fcr\u00fc Nevzat Mehmet&#8217;i, YTB \u00e7al\u0131\u015fan\u0131 Recep Pa\u00e7aman&#8217;\u0131, Trakya \u00dcniversitesi \u00d6\u011fretim G\u00f6revlisi Ali H\u00fcseyino\u011flu&#8217;nu ve TRT&#8217;nin G\u00fcm\u00fclcine Muhabiri Necat Ahmet&#8217;i hedef g\u00f6sterdi.<\/p>\n<p><strong>12 Eyl\u00fcl &#8211;<\/strong>&nbsp;Uzun y\u0131llar harabe durumda olan \u0130ske\u00e7e Hemitli Camii&#8217;nin avlusu milletvekili Burhan Baran&#8217;\u0131n giri\u015fimleri sonucu al\u0131nan izin neticesinde bir grup g\u00f6n\u00fcll\u00fc taraf\u0131ndan temizlendi.<\/p>\n<p><strong>17 Eyl\u00fcl &#8211;<\/strong><strong>&nbsp;Bat\u0131 Trakya T\u00fcrkleri&#8217;ne y\u00f6nelik her alanda hak ihlallerini s\u00fcrd\u00fcren Yunanistan, bu haks\u0131zl\u0131klar\u0131 cesurca duyuran ve ele\u015ftiren T\u00fcrk Az\u0131nl\u0131k bas\u0131n\u0131n\u0131 susturmak i\u00e7in yarg\u0131 yoluyla bask\u0131 uyguluyor.&nbsp;<\/strong>&nbsp;Bat\u0131 Trakya T\u00fcrklerinin uluslararas\u0131 anla\u015fmalarla garanti edilmi\u015f dini \u00f6zg\u00fcrl\u00fc\u011f\u00fcn\u00fcn ihlalini ve m\u00fcft\u00fcl\u00fcklerine y\u00f6nelik uygulanan haks\u0131z politikalar\u0131 ele\u015ftiren Millet Gazetesinin Genel Yay\u0131n Y\u00f6netmeni Cengiz \u00d6mer&#8217;den 110 bin euro tazminat talep edilen dava 17 Eyl\u00fcl 2020&nbsp;Per\u015fembe g\u00f6r\u00fc\u015f\u00fcld\u00fc.<\/p>\n<p><strong>18 Eyl\u00fcl &#8211;<\/strong>&nbsp;H\u00fck\u00fcmete yak\u0131n Dimokratia gazetesi T\u00fcrkiye Cumhurba\u015fkan\u0131 Recep Tayyip Erdo\u011fan&#8217;a a\u011f\u0131r hakarette bulundu. Gazeteye T\u00fcrk d\u00fcnyas\u0131ndan tepki ya\u011fd\u0131.<\/p>\n<p><strong>20 Eyl\u00fcl &#8211;<\/strong>&nbsp;\u0130ske\u00e7e S\u0130R\u0130ZA Milletvekili H\u00fcseyin Zeybek, \u0130ske\u00e7e Az\u0131nl\u0131k Ortaokulu \u2013 Lisesi\u2019nin bina sorununu meclise ta\u015f\u0131d\u0131. Zeybek, sundu\u011fu soru \u00f6nergesinde okulun bina sorununun \u00e7\u00f6z\u00fcme kavu\u015fmas\u0131n\u0131 istedi.<\/p>\n<p><strong>26 Eyl\u00fcl &#8211;<\/strong>&nbsp;Avrupa Diller G\u00fcn\u00fc m\u00fcnasebetiyle bir a\u00e7\u0131klama yapan Avrupa Bat\u0131 Trakya T\u00fcrk Federasyonu Ba\u015fkan\u0131 Halit Habip O\u011flu: \u201cYunan makamlar\u0131nca T\u00fcrk\u00e7e ve Yunanca dillerinde iki dilli ana okullar\u0131n\u0131n a\u00e7\u0131lmas\u0131na izin verilmeyerek, \u00e7ocuklar\u0131m\u0131z ana dilleri T\u00fcrk\u00e7eyi \u00f6\u011frenme temel hakk\u0131ndan mahrum b\u0131rak\u0131l\u0131yor\u201d dedi.<\/p>\n<p><strong>26 Eyl\u00fcl &#8211;<\/strong><strong>&nbsp;&nbsp;<\/strong>Trakya Kalk\u0131nma Komisyonu Ba\u015fkan\u0131 Dora Bakoyanni, Bat\u0131 Trakya\u2019ya y\u00f6nelik ziyaret program\u0131 kapsam\u0131nda 26 Eyl\u00fcl 2020 Cumartesi g\u00fcn\u00fc Rodop ilinde temaslarda bulundu. Bakoyanni, b\u00f6lgenin kalk\u0131nmas\u0131na y\u00f6nelik se\u00e7ilmi\u015f yerel y\u00f6neticilerin fikrilerini ve isteklerini dinledi, kendi \u00f6nerilerini sundu. Bakoyanni Bat\u0131 Trakya temaslar\u0131n\u0131 27 Eyl\u00fcl Pazar g\u00fcn\u00fc \u0130ske\u00e7e ilinde ger\u00e7ekle\u015ftirdi\u011fi g\u00f6r\u00fc\u015fmelerle tamamlad\u0131.<\/p>\n<p><strong>EK\u0130M<\/strong><\/p>\n<p><strong>2 Ekim &#8211;&nbsp;<\/strong>Bat\u0131 Trakya&#8217;daki medreseler boyunduruk alt\u0131na al\u0131n\u0131yor. Bat\u0131 Trakya&#8217;daki medreseleri boyunduruk alt\u0131na alan yasal d\u00fczenleme 2 Ekim tarihinde 4284 say\u0131l\u0131 resmi gazetenin B cildinde yay\u0131nland\u0131. G\u00fcm\u00fclcine ve \u0130ske\u00e7e medreselerindeki okul enc\u00fcmen heyetlerinin yetkilerini belirleyen yasal d\u00fczenleme ile enc\u00fcmen heyetlerinin boyunduruk alt\u0131na al\u0131nd\u0131\u011f\u0131 g\u00f6r\u00fcl\u00fcyor. Yap\u0131lan yeni yasal d\u00fczenleme ile enc\u00fcmen heyetlerinin ba\u015fkanl\u0131\u011f\u0131na do\u011frudan tayinli m\u00fcft\u00fcler getiriliyor.<\/p>\n<p><strong>06 Ekim &#8211;<\/strong>&nbsp;\u0130ske\u00e7e&#8217;nin Horozlu k\u00f6y\u00fc mezarl\u0131\u011f\u0131 y\u0131llar sonra temizlendi. \u0130ske\u00e7e&#8217;de M\u00fcsl\u00fcman T\u00fcrk n\u00fcfusun yok denecek kadar azalm\u0131\u015f olan k\u00f6ylerinden biri olan Horozlu k\u00f6y\u00fcnde kaderine terk edilmi\u015f mezarl\u0131k y\u0131llar sonra \u0130ske\u00e7e Milletvekili Burhan Baran&#8217;\u0131n giri\u015fimleri ile Avdira Belediyesi ekipleri taraf\u0131ndan temizlendi.<\/p>\n<p><strong>07 Ekim &#8211;<\/strong>&nbsp;Ba\u015fkent Atina&#8217;daki Temyiz Mahkemesi, Alt\u0131n \u015eafak Partisinin su\u00e7 \u00f6rg\u00fct\u00fc olup olmad\u0131\u011f\u0131yla ilgili davada karar\u0131n\u0131 a\u00e7\u0131klayarak Alt\u0131n \u015eafak Partisi&#8217;nin &nbsp;su\u00e7 \u00f6rg\u00fct\u00fc oldu\u011funa h\u00fckmetti. 5 y\u0131l\u0131 a\u015fk\u0131n s\u00fcredir devam eden davada mahkeme, Alt\u0131n \u015eafak Partisi lideri Nikos Mihaloliakos ve 6 parti \u00fcyesi Ilias Kasidiaris, Yiannis Lagos, Giorgos Germenis, Ilias Panagiotaros, Panagiotis Iliopoulos ve Nikos Papas&#8217;\u0131n &#8220;su\u00e7 \u00f6rg\u00fct\u00fcn\u00fc y\u00f6netti\u011fine&#8221;, di\u011fer 18 san\u0131\u011f\u0131n ise &#8220;su\u00e7 \u00f6rg\u00fct\u00fcne \u00fcye oldu\u011funa&#8221; h\u00fckmetti.<\/p>\n<p><strong>08 Ekim &#8211;<\/strong>&nbsp;Avrupa Parlamentosu&#8217;nda &#8220;\u0130\u015fte bu T\u00fcrk bayra\u011f\u0131, bununla ne yap\u0131l\u0131r, y\u0131rt\u0131p at\u0131l\u0131r&#8221; diyerek T\u00fcrk Bayra\u011f\u0131&#8217;n\u0131 y\u0131rtan vekil Ioannis Lagos, \u00fcyesi oldu\u011fu Alt\u0131n \u015eafak Partisi&#8217;nin Yunan mahkemesi taraf\u0131ndan &#8216;su\u00e7 \u00f6rg\u00fct\u00fc&#8217; olarak nitelendirilmesinden sonra tutukland\u0131.<\/p>\n<p><strong>08 Ekim &#8211;<\/strong>&nbsp;Do\u011fu Makedonya Trakya Eyaletinde faaliyet g\u00f6steren i\u015fletmeler i\u00e7in toplam 90 milyon evro destek program\u0131 a\u00e7\u0131kland\u0131.<\/p>\n<p><strong>12 Ekim &#8211;<\/strong>&nbsp;Yunanistan Dan\u0131\u015ftay Genel Kurulu, Bat\u0131 Trakya T\u00fcrk toplumuna ait \u00f6zerk m\u00fcft\u00fcl\u00fcklerin yetkilerini ciddi anlamda s\u0131n\u0131rland\u0131ran ve idari yap\u0131s\u0131n\u0131 de\u011fi\u015ftiren 52\/2019 say\u0131 ve tarihli cumhurba\u015fkanl\u0131\u011f\u0131 kararnamesinin iptali i\u00e7in a\u00e7\u0131lan davay\u0131 reddetti. 11 Haziran 2019 tarihinde y\u00fcr\u00fcrl\u00fc\u011fe giren ve toplam 26 maddeden olu\u015fan cumhurba\u015fkanl\u0131\u011f\u0131 kararnamesi ile Bat\u0131 Trakya T\u00fcrk toplumunun G\u00fcm\u00fclcine, \u0130ske\u00e7e ve Dimetoka\u2019daki m\u00fcft\u00fcl\u00fck kurumlar\u0131 idari olarak yeniden yap\u0131land\u0131r\u0131larak Yunanistan E\u011fitim ve Din \u0130\u015fleri Bakanl\u0131\u011f\u0131\u2019na ba\u011flanm\u0131\u015f ve m\u00fcft\u00fclerin yetkileri ciddi anlamda s\u0131n\u0131rland\u0131r\u0131lm\u0131\u015ft\u0131.<\/p>\n<p><strong>14 Ekim &#8211;&nbsp;<\/strong>Rodop \u0130li K\u0130NAL Milletvekili Av. \u0130lhan AHMET hakk\u0131nda 14.10.2020 tarihli meclis genel kurulunda oylanan \u2018dokunulmazl\u0131\u011f\u0131n kald\u0131r\u0131lmas\u0131\u2019 istemi reddedildi. \u0130lhan Ahmet ile ilgili yap\u0131lan oylamada 286 milletvekili dokunulmazl\u0131k hakk\u0131n\u0131n kald\u0131r\u0131lmas\u0131 talebine HAYIR oyu kullanarak bu talebi reddetti. Yap\u0131lan oylamada Yunan \u00c7\u00f6z\u00fcm\u00fc (Elliniki Lisi) Partisi\u2019ne mensup 9 milletvekili ise EVET oyu kulland\u0131.<\/p>\n<p><strong>16 Ekim &#8211;&nbsp;<\/strong>\u0130ske\u00e7e T\u00fcrk Birli\u011fi&#8217;nin (\u0130TB) Yarg\u0131tay&#8217;daki (Arios Pagos) davas\u0131 16 Ekim 2020 Cuma g\u00fcn\u00fc g\u00f6r\u00fc\u015f\u00fcld\u00fc. Davaya \u0130TB y\u00f6neticilerinin yan\u0131s\u0131ra \u00fc\u00e7 az\u0131nl\u0131k milletvekili de kat\u0131larak \u00f6rnek bir birliktelik g\u00f6sterdiler. Yarg\u0131tay d\u00f6rd\u00fcnc\u00fc dairesinde g\u00f6r\u00fc\u015f\u00fclen davada taraflar dosyalar\u0131n\u0131 mahkemeye sundu. Duru\u015fmada \u0130ske\u00e7e T\u00fcrk Birli\u011fi ve kamu ad\u0131na Do\u011fu Makedonya Trakya Eyaleti&#8217;nin haricinde davaya m\u00fcdahil olan Trakya Dernekleri Federasyonu da dosyas\u0131n\u0131 sundu. Yarg\u0131tay\u2019\u0131n \u00fc\u00e7 ay i\u00e7erisinde karar\u0131n\u0131 a\u00e7\u0131klamas\u0131 bekleniyor.<\/p>\n<p><strong>17<\/strong>&nbsp;<strong>Ekim &#8211;<\/strong>&nbsp;Ermenistan ziyaretinde T\u00fcrkiye&#8217;yi hedef alan Yunanistan D\u0131\u015fi\u015fleri Bakan\u0131 Dendias&#8217;a cevap veren T\u00fcrkiye&nbsp;D\u0131\u015fi\u015fleri Bakanl\u0131\u011f\u0131 S\u00f6zc\u00fcs\u00fc Hami Aksoy, &#8220;Yunanistan&#8217;\u0131n megali idea&#8217;dan ve T\u00fcrk d\u00fc\u015fmanl\u0131\u011f\u0131ndan vazge\u00e7mesi gerekir&#8221; dedi.<\/p>\n<p><strong>19<\/strong>&nbsp;<strong>Ekim &#8211;<\/strong>&nbsp;Milletvekili Stilyanidis\u2019ten Trakya Kalk\u0131nma Komisyonu\u2019nda ayr\u0131mc\u0131l\u0131k i\u00e7eren konu\u015fma. Rodop Yeni Demokrasi Partisi (YDP) Milletvekili Evripidis Stilyanidis, Yunanistan meclisinde kurulan partiler aras\u0131 Trakya Kalk\u0131nma Komisyonu\u2019nun toplant\u0131s\u0131nda yapt\u0131\u011f\u0131 konu\u015fmada h\u00fck\u00fcmetin Bat\u0131 Trakya\u2019y\u0131 demografik a\u00e7\u0131dan korumas\u0131n\u0131 istedi.<\/p>\n<p><strong>19<\/strong>&nbsp;<strong>Ekim &#8211;<\/strong>&nbsp;Uzun y\u0131llar E\u011fitim ve Din \u0130\u015fleri Bakanl\u0131\u011f\u0131 Genel Sekreteri olarak g\u00f6rev yapan Yorgos Kalancis Bat\u0131 Trakta T\u00fcrkleri&#8217;nin dini \u00f6zg\u00fcrl\u00fcklerine y\u00f6nelik diktat\u00f6rvari tav\u0131rlar\u0131na devam ediyor. Trakya Kalk\u0131nma Komisyonu&#8217;nun toplant\u0131s\u0131na kat\u0131lan Kalancis, m\u00fcft\u00fclerin belirlenmesiyle ilgili s\u00fcrecin nas\u0131l i\u015fleyece\u011fi ile ilgili olarak milletvekili \u0130lhan Ahmet&#8217;in sordu\u011fu soruya &#8216;M\u00fcft\u00fc belirlenmesi konusunda se\u00e7im yap\u0131lmayacak&#8221; cevab\u0131n\u0131 vererek Yunan devletinin Bat\u0131 Trakya M\u00fcsl\u00fcman T\u00fcrk Az\u0131nl\u0131\u011f\u0131&#8217;n\u0131n dini \u00f6zg\u00fcrl\u00fcklerini ayaklar alt\u0131na devam edece\u011fini bir kez daha ortaya koydu.<\/p>\n<p><strong>19<\/strong>&nbsp;<strong>Ekim &#8211;<\/strong>&nbsp;Trakya Az\u0131nl\u0131k Okullar\u0131 Enc\u00fcmenler Birli\u011fi Derne\u011fi yapt\u0131\u011f\u0131 a\u00e7\u0131klama ile G\u00fcm\u00fclcine ve \u0130ske\u00e7e Medreselerindeki Enc\u00fcmen Heyetlerinin yetkileri ile ilgili yap\u0131lan yasal d\u00fczenlemelerin az\u0131nl\u0131k insan\u0131n\u0131 yok saymak anlam\u0131na geldi\u011fini belirterek, burada bir se\u00e7imden s\u00f6z etmenin m\u00fcmk\u00fcn olmad\u0131\u011f\u0131n\u0131, ba\u015fkan\u0131 ve sekreteri tayinle belirlenen bir enc\u00fcmen heyetinin ba\u011f\u0131ms\u0131z karar almas\u0131n\u0131n imkans\u0131z oldu\u011funu ifade etti.<\/p>\n<p><strong>28<\/strong>&nbsp;<strong>Ekim &#8211;<\/strong>&nbsp;T\u00fcrkiye Marmara \u00dcniversitesi Mimarl\u0131k Tarih\u00e7isi Dr. Hala\u00e7o\u011flu, Nam\u0131k Kemal&#8217;in Rodos&#8217;ta in\u015fa ettirdi\u011fi cami, mektep gibi t\u00fcm yap\u0131lar\u0131n \u0130talya ve Yunanistan taraf\u0131ndan yok edildi\u011fini, sadece Kandilli Mektebinin y\u0131k\u0131nt\u0131 olarak g\u00fcn\u00fcm\u00fcze ula\u015ft\u0131\u011f\u0131n\u0131 s\u00f6yledi.<\/p>\n<p><strong>31 Ekim &#8211; Bat\u0131 Trakya T\u00fcrk Az\u0131nl\u0131\u011f\u0131 Dan\u0131\u015fma Kurulu \u00e7at\u0131s\u0131 alt\u0131nda kurulun \u201c\u00c7al\u0131\u015fma Grubu\u201d taraf\u0131ndan haz\u0131rlanan rapor, Bat\u0131 Trakya T\u00fcrk Az\u0131nl\u0131\u011f\u0131 Dan\u0131\u015fma Kurulu \u00fcyeleriyle de\u011ferlendirildikten sonra son halini ald\u0131.<\/strong>&nbsp;Bat\u0131 Trakya M\u00fcsl\u00fcman T\u00fcrk Az\u0131nl\u0131\u011f\u0131\u2019n\u0131n az\u0131nl\u0131k sorunlar\u0131, uluslararas\u0131 anla\u015fmalarla garanti alt\u0131na al\u0131nan hak ve bunlarla ilgili ihlaller, az\u0131nl\u0131\u011f\u0131n ekonomik geri kalm\u0131\u015fl\u0131\u011f\u0131 ve ekonomik kalk\u0131nmadan e\u015fit pay alma talebi, tar\u0131mla ilgili sorun ve beklentilerle di\u011fer sosyal sorunlar\u0131n ve az\u0131nl\u0131k toplumunun talep ve beklentilerinin yer ald\u0131\u011f\u0131 16 sayfal\u0131k rapor ge\u00e7ti\u011fimiz g\u00fcnlerde Trakya Kalk\u0131nma Komisyonu\u2019na iletildi.<\/p>\n<p><strong>KASIM<\/strong><\/p>\n<p><strong>04 Kas\u0131m &#8211;<\/strong>&nbsp;\u0130ske\u00e7e Milletvekili H\u00fcseyin Zeybek, \u0130ske\u00e7e Az\u0131nl\u0131k Ortaokul \u2013 Lisesi\u2019nin bina sorununu bir kez daha meclisin g\u00fcndemine ta\u015f\u0131d\u0131. Ya\u015fanan Kovid -19 pandemisinin bina sorununu daha da tehlikeli hale getirdi\u011fini kaydeden milletvekili Zeybek, yapt\u0131\u011f\u0131 a\u00e7\u0131klamada \u0130ske\u00e7e Belediyesi\u2019nin konuya kay\u0131ts\u0131z kalmas\u0131na dikkat \u00e7ekti.<\/p>\n<p><strong>04 Kas\u0131m &#8211;<\/strong>&nbsp;Yunanistan&#8217;\u0131n Ayasofya&#8217;n\u0131n yeniden camiye d\u00f6n\u00fc\u015ft\u00fcr\u00fclmesine ili\u015fkin \u015fikayeti UNESCO&#8217;dan d\u00f6nd\u00fc. T\u00fcrkiye&#8217;de incelemelerde bulunan UNESCO temsilcisi, Ayasofya&#8217;n\u0131n cami olmas\u0131nda bir sak\u0131nca olmad\u0131\u011f\u0131na karar&nbsp;verdi.<\/p>\n<p><strong>06 Kas\u0131m &#8211;<\/strong>&nbsp;Atina Camisi ad\u0131yla Yunanistan&#8217;\u0131n d\u00fcnyaya \u00f6rnek cami diye yutturmaya \u00e7al\u0131\u015ft\u0131\u011f\u0131 depoda ilk cuma namaz\u0131 k\u0131l\u0131nd\u0131. Tart\u0131\u015fmal\u0131 s\u00fcren 14 y\u0131ll\u0131k plan ve in\u015fa s\u00fcrecinin ard\u0131ndan 2 Kas\u0131m Pazartesi ibadete a\u00e7\u0131lan s\u00f6zde Atina Camisi&#8217;nde M\u00fcsl\u00fcmanlar, ilk cuma namaz\u0131 i\u00e7in saf tuttu.<\/p>\n<p><strong>07 Kas\u0131m &#8211;<\/strong>&nbsp;Fransa&#8217;n\u0131n Lyon kentindeki Yunan Ortodoks kilisesi sald\u0131rgan\u0131 bulundu. Sald\u0131rgan\u0131n Yunan Ortodoks Kilisesi&#8217;nin iddia etti\u011fi gibi &#8220;ter\u00f6rist M\u00fcsl\u00fcman&#8221; de\u011fil, Patrikhane&#8217;ye yak\u0131n a\u015f\u0131r\u0131 sa\u011fc\u0131 eski Ortodoks ke\u015fi\u015f oldu\u011fu ortaya \u00e7\u0131kt\u0131.<\/p>\n<p><strong>13 Kas\u0131m &#8211;<\/strong>&nbsp;<strong>Azerbaycan&nbsp;<\/strong>ordusunun i\u015fgalden kurtard\u0131\u011f\u0131&nbsp;<strong>Da\u011fl\u0131k Karaba\u011f<\/strong>&#8216;\u0131n sembol \u015fehri&nbsp;<strong>\u015eu\u015fa<\/strong>&#8216;da 28 y\u0131l sonra&nbsp;<strong>cuma namaz\u0131&nbsp;<\/strong>k\u0131l\u0131nd\u0131.<\/p>\n<p><strong>23 Kas\u0131m &#8211;<\/strong><strong>&nbsp;&nbsp;<\/strong>Yunan komutan taraf\u0131ndan sevk ve idaresi ger\u00e7ekle\u015ftirilen \u0130rini Harekat\u0131&#8217;nda g\u00f6revli Alman f\u0131rkateyni, T\u00fcrkiye&#8217;den Libya&#8217;ya g\u0131da ve boya gibi muhtelif maddeler ta\u015f\u0131yan gemiyi Do\u011fu Akdeniz&#8217;de durdurarak uluslararas\u0131 hukuka ayk\u0131r\u0131 \u015fekilde arad\u0131\u011f\u0131 bildirildi.<\/p>\n<p><strong>25 Kas\u0131m &#8211;<\/strong><strong>&nbsp;&nbsp;<\/strong>Avrupa G\u00fcvenlik ve \u0130\u015fbirli\u011fi Te\u015fkilat\u0131 (AG\u0130T) Demokratik Kurumlar ve \u0130nsan Haklar\u0131 Ofisi (ODIHR) 2019 Nefret Su\u00e7lar\u0131 Raporu\u2019nu yay\u0131mlad\u0131. AG\u0130T b\u00f6lgesindeki devletlerde ya\u015fanan nefret su\u00e7u olaylar\u0131 ile ilgili istatistiki ve betimsel bilgileri i\u00e7eren raporda, Yunanistan\u2019da ya\u015fayan Bat\u0131 Trakya T\u00fcrk toplumunu hedef alan nefret temelli sald\u0131r\u0131lar ve nefret s\u00f6ylemi de yer al\u0131yor.<\/p>\n<p><strong>27 Kas\u0131m &#8211;&nbsp;<\/strong>Yeni Demokrasi Partisi (NEA) Rodop Milletvekili Evripidis Stilyanidis, Bat\u0131 Trakya T\u00fcrk toplumunu hedef g\u00f6steren a\u00e7\u0131klamalarda bulundu. Stilyanidis, Bat\u0131 Trakya\u2019da ya\u015fanan sorunlar\u0131n T\u00fcrk milliyet\u00e7ili\u011finden kaynakland\u0131\u011f\u0131n\u0131 iddia etti.<\/p>\n<p><strong>28 Kas\u0131m &#8211;&nbsp;<\/strong>Bat\u0131 Trakya T\u00fcrklerinin se\u00e7ti\u011fi \u0130ske\u00e7e M\u00fcft\u00fcs\u00fc Ahmet Mete\u2019nin kald\u0131\u011f\u0131 apartmandaki asans\u00f6r\u00fcn\u00fcn aynas\u0131na&nbsp;<strong>\u201c\u0130yi T\u00fcrk, \u00d6l\u00fc T\u00fcrk\u2019t\u00fcr\u201d<\/strong>&nbsp;ve kendisine hakaret i\u00e7eren yaz\u0131lar yaz\u0131ld\u0131.<\/p>\n<p><strong>ARALIK<\/strong><\/p>\n<p><strong>01 Aral\u0131k &#8211;&nbsp;<\/strong>Az\u0131nl\u0131k Okullar\u0131 Enc\u00fcmenler Birli\u011fi Derne\u011fi, &#8220;Bug\u00fcn Bat\u0131 Trakya Az\u0131nl\u0131k Okullar\u0131nda Enc\u00fcmen Heyetleri se\u00e7imlerinin ilan edildi\u011fini&#8221; a\u00e7\u0131klad\u0131.<\/p>\n<p><strong>03 Aral\u0131k &#8211;&nbsp;<\/strong>\u0130ske\u00e7eli soyda\u015f i\u015fadamlar\u0131n\u0131n ba\u011f\u0131\u015flar\u0131yla sat\u0131n al\u0131nan oksijen jenerat\u00f6r\u00fc \u0130ske\u00e7e Devlet Hastanesi&#8217;ne teslim edildi.<\/p>\n<p><strong>03 Aral\u0131k &#8211;&nbsp;<\/strong>&#8220;Mi\u00e7otakis h\u00fck\u00fcmetinden T\u00fcrk Az\u0131nl\u0131\u011fa darbe \u00fcst\u00fcne darbe&#8221; ba\u015fl\u0131kl\u0131&nbsp;ve 1 A\u011fustos 2020 tarihli haberimizden rahats\u0131zl\u0131k duyan \u201c240 \u0130erodidaskalos &nbsp;Derne\u011fi\u201d gazetemize ihtarname g\u00f6nderdi.<\/p>\n<p><strong>15 Aral\u0131k &#8211;&nbsp;<\/strong>Bat\u0131 Trakya&#8217;daki T\u00fcrk az\u0131nl\u0131k okullar\u0131nda 22 Aral\u0131k Sal\u0131 g\u00fcn\u00fc yap\u0131lmas\u0131 \u00f6ng\u00f6r\u00fclen enc\u00fcmen heyeti se\u00e7imlerinin tarihi 12 Ocak 2021 Sal\u0131 g\u00fcn\u00fcne ertelendi.<\/p>\n<p><strong>21 Aral\u0131k &#8211;&nbsp;<\/strong>Avrupa \u0130la\u00e7 Ajans\u0131, T\u00fcrk bilim&nbsp;insanlar\u0131n\u0131n \u00e7al\u0131\u015fmas\u0131 ile BioNTech ve Pfizer&#8217;in geli\u015ftirdi\u011fi Kovid-19 a\u015f\u0131s\u0131n\u0131n Arupa&#8217;da kullanma iznini onaylad\u0131\u011f\u0131n\u0131 duyurdu.<\/p>\n<p><strong>25 Aral\u0131k &#8211;&nbsp;<\/strong>\u00dclkemiz Yunanistan&#8217;da Kas\u0131m ay\u0131n\u0131n ilk haftas\u0131ndan beri uygulamada olan pandemi tedbirleri kapsam\u0131nda Bat\u0131 Trakya&#8217;daki M\u00fcsl\u00fcman T\u00fcrk Toplumu da 6 hafta aradan sonra Cuma namaz\u0131 k\u0131lma imkan\u0131 buldu.<\/p>\n<p><strong>25 Aral\u0131k &#8211;&nbsp;<\/strong>Yunanistan&#8217;\u0131n \u0130yon Denizi&#8217;nde karasular\u0131n\u0131 6 milden 12 mile \u00e7\u0131karmas\u0131yla ilgili kararnamenin Yunan Dan\u0131\u015ftay&nbsp;Mahkemesince onayland\u0131\u011f\u0131 bildirildi.<\/p>\n<p><strong>25 Aral\u0131k &#8211;&nbsp;<\/strong>Bat\u0131 Trakya T\u00fcrk Az\u0131nl\u0131\u011f\u0131\u2019n\u0131n k\u00fclt\u00fcr ve sanat de\u011ferini yans\u0131tan \u0130ske\u00e7e Ova b\u00f6lgesine ait i\u011fne oyalar\u0131, akademisyen Dr. Nevval Konuk edit\u00f6rl\u00fc\u011f\u00fcnde Sabriye Kas\u0131m Delio\u011flu taraf\u0131ndan kitapla\u015ft\u0131r\u0131ld\u0131.<\/p>\n<p><strong>27 Aral\u0131k &#8211;&nbsp;<\/strong>G\u00fcm\u00fclcine Medrese-i Hayriye Enc\u00fcmen Heyeti ve Okul Aile Birli\u011fi, Okulu&#8217;nun tabelas\u0131ndaki &#8220;Az\u0131nl\u0131k&#8221; ibaresinin &#8220;M\u00fcsl\u00fcman&#8221; \u015feklinde bir oldubittiyle de\u011fi\u015ftirilerek darbe y\u00f6ntemiyle yok edilmek istenmesini ortak a\u00e7\u0131klama ile k\u0131nad\u0131.<\/p>\n<p><strong>27 Aral\u0131k &#8211;&nbsp;<\/strong>Yunanistan&#8217;da Kovid-19 a\u015f\u0131lar\u0131 yap\u0131lmaya ba\u015fland\u0131. \u0130lk olarak bir hem\u015fire a\u015f\u0131 oldu. Ayn\u0131 g\u00fcn a\u015f\u0131 olan Cumhurba\u015fkan\u0131 Katerina Sakellaropoulou, Yunanistan&#8217;da a\u015f\u0131 olan ilk siyaset\u00e7i oldu.<\/p>\n<p><strong>29 Aral\u0131k &#8211;&nbsp;<\/strong>Rodop Milletvekili \u0130lhan AHMET, G\u00fcm\u00fclcine\u2019deki Medrese-i Hayriye Az\u0131nl\u0131k Ortaokul ve Lisesi\u2019nin isminden \u2018az\u0131nl\u0131k\u2019 kelimesinin \u00e7\u0131kart\u0131lmas\u0131n\u0131 meclis g\u00fcndemine ta\u015f\u0131d\u0131.<\/p>\n<p><strong>29 Aral\u0131k &#8211;&nbsp;<\/strong>G\u00fcm\u00fclcine Medrese-i Hayriye Vak\u0131f Az\u0131nl\u0131k Okulu&#8217;nun tabelas\u0131ndaki &#8220;<strong>Az\u0131nl\u0131k<\/strong>&#8221; kelimesinin bir oldu bittiyle \u00e7\u0131kart\u0131larak yerine &#8220;<strong>M\u00fcsl\u00fcman<\/strong>&#8221; kelimesinin yer ald\u0131\u011f\u0131 tabelan\u0131n 24 Aral\u0131k Per\u015fembe g\u00fcn\u00fc okul m\u00fcd\u00fcr\u00fc ve enc\u00fcmen heyetinden habersizce de\u011fi\u015ftirilmesinin ard\u0131ndan, \u0130ske\u00e7e Medrese&#8217;sinin tabelas\u0131ndaki &#8220;<strong>Az\u0131nl\u0131k<\/strong>&#8221; kelimesi de benzer operasyonla \u00e7\u0131kart\u0131larak yerine &#8220;<strong>M\u00fcsl\u00fcman<\/strong>&#8221; kelimesinin yer ald\u0131\u011f\u0131 tabela 29 Aral\u0131k Sal\u0131 g\u00fcn\u00fc de\u011fi\u015ftirildi.<\/p>\n<p><strong>30 Aral\u0131k &#8211;&nbsp;<\/strong>Bat\u0131 Trakya T\u00fcrk Az\u0131nl\u0131\u011f\u0131 Dan\u0131\u015fma Kurulu (BTTADK) G\u00fcm\u00fclcine Medrese-i Hayriye&#8217;de ger\u00e7ekle\u015fen tabela operasyonu ile Bat\u0131 Trakya T\u00fcrklerinin &#8220;Az\u0131nl\u0131k&#8221; stat\u00fcs\u00fcne vurulan darbeye dikkat \u00e7ekti.<\/p>\n","protected":false},"excerpt":{"rendered":"<p>Korona vir\u00fcs salg\u0131n\u0131 d\u00fcnyan\u0131n g\u00fcndeminde tart\u0131\u015fmas\u0131z 1 numaral\u0131 g\u00fcndem maddesi olurken, gerek \u00fclke genelinde gerekse Yunanistan-T\u00fcrkiye ili\u015fkileri a\u00e7\u0131s\u0131ndan da \u00f6nemli geli\u015fmeler ya\u015fand\u0131. Yunanistan ile T\u00fcrkiye aras\u0131ndaki Do\u011fu Akdeniz gerginli\u011fi hi\u00e7 \u015f\u00fcphesiz 2020 y\u0131l\u0131nda iki \u00fclke ili\u015fkileri ba\u011flam\u0131nda en \u00e7ok g\u00fcndeme gelen ba\u015fl\u0131klardan biri oldu. Ayasofya&#8217;n\u0131n yeniden ibadete a\u00e7\u0131lmas\u0131, Amerika&#8217;da siyahi bir vatanda\u015f\u0131n polis taraf\u0131ndan \u00f6ld\u00fcr\u00fclmesi, &hellip;<\/p>\n","protected":false},"author":1,"featured_media":30793,"comment_status":"open","ping_status":"open","sticky":false,"template":"","format":"standard","meta":{"footnotes":""},"categories":[24],"tags":[48],"class_list":["post-30789","post","type-post","status-publish","format-standard","has-post-thumbnail","hentry","category-bati-trakyam-haber","tag-bati-trakya"],"yoast_head":"<!-- This site is optimized with the Yoast SEO Premium plugin v26.3 (Yoast SEO v27.3) - https:\/\/yoast.com\/product\/yoast-seo-premium-wordpress\/ -->\n<title>2020 y\u0131l\u0131nda Bat\u0131 Trakya, Yunanistan ve d\u00fcnyada neler ya\u015fand\u0131... - Bat\u0131 Trakya Haber<\/title>\n<meta name=\"robots\" content=\"index, follow, max-snippet:-1, max-image-preview:large, max-video-preview:-1\" \/>\n<link rel=\"canonical\" href=\"https:\/\/batitrakya.live\/index.php\/bati-trakyada-insanlar-covid-19un-gercek-oldugunu-anladi\/\" \/>\n<meta property=\"og:locale\" content=\"tr_TR\" \/>\n<meta property=\"og:type\" content=\"article\" \/>\n<meta property=\"og:title\" content=\"2020 y\u0131l\u0131nda Bat\u0131 Trakya, Yunanistan ve d\u00fcnyada neler ya\u015fand\u0131...\" \/>\n<meta property=\"og:description\" content=\"Korona vir\u00fcs salg\u0131n\u0131 d\u00fcnyan\u0131n g\u00fcndeminde tart\u0131\u015fmas\u0131z 1 numaral\u0131 g\u00fcndem maddesi olurken, gerek \u00fclke genelinde gerekse Yunanistan-T\u00fcrkiye ili\u015fkileri a\u00e7\u0131s\u0131ndan da \u00f6nemli geli\u015fmeler ya\u015fand\u0131. Yunanistan ile T\u00fcrkiye aras\u0131ndaki Do\u011fu Akdeniz gerginli\u011fi hi\u00e7 \u015f\u00fcphesiz 2020 y\u0131l\u0131nda iki \u00fclke ili\u015fkileri ba\u011flam\u0131nda en \u00e7ok g\u00fcndeme gelen ba\u015fl\u0131klardan biri oldu. Ayasofya&#8217;n\u0131n yeniden ibadete a\u00e7\u0131lmas\u0131, Amerika&#8217;da siyahi bir vatanda\u015f\u0131n polis taraf\u0131ndan \u00f6ld\u00fcr\u00fclmesi, &hellip;\" \/>\n<meta property=\"og:url\" content=\"https:\/\/batitrakya.live\/index.php\/bati-trakyada-insanlar-covid-19un-gercek-oldugunu-anladi\/\" \/>\n<meta property=\"og:site_name\" content=\"Bat\u0131 Trakya Haber\" \/>\n<meta property=\"article:published_time\" content=\"2020-12-31T16:32:05+00:00\" \/>\n<meta property=\"og:image\" content=\"https:\/\/batitrakya.live\/wp-content\/uploads\/2020\/12\/2020-panorama.jpg\" \/>\n\t<meta property=\"og:image:width\" content=\"633\" \/>\n\t<meta property=\"og:image:height\" content=\"348\" \/>\n\t<meta property=\"og:image:type\" content=\"image\/jpeg\" \/>\n<meta name=\"author\" content=\"tamer\" \/>\n<meta name=\"twitter:card\" content=\"summary_large_image\" \/>\n<meta name=\"twitter:label1\" content=\"Yazan:\" \/>\n\t<meta name=\"twitter:data1\" content=\"tamer\" \/>\n\t<meta name=\"twitter:label2\" content=\"Tahmini okuma s\u00fcresi\" \/>\n\t<meta name=\"twitter:data2\" content=\"52 dakika\" \/>\n<script type=\"application\/ld+json\" class=\"yoast-schema-graph\">{\"@context\":\"https:\\\/\\\/schema.org\",\"@graph\":[{\"@type\":\"Article\",\"@id\":\"https:\\\/\\\/batitrakya.live\\\/index.php\\\/bati-trakyada-insanlar-covid-19un-gercek-oldugunu-anladi\\\/#article\",\"isPartOf\":{\"@id\":\"https:\\\/\\\/batitrakya.live\\\/index.php\\\/bati-trakyada-insanlar-covid-19un-gercek-oldugunu-anladi\\\/\"},\"author\":{\"name\":\"tamer\",\"@id\":\"https:\\\/\\\/batitrakya.live\\\/#\\\/schema\\\/person\\\/61b86abbc19e5fa0bbc3059670546fe5\"},\"headline\":\"2020 y\u0131l\u0131nda Bat\u0131 Trakya, Yunanistan ve d\u00fcnyada neler ya\u015fand\u0131&#8230;\",\"datePublished\":\"2020-12-31T16:32:05+00:00\",\"mainEntityOfPage\":{\"@id\":\"https:\\\/\\\/batitrakya.live\\\/index.php\\\/bati-trakyada-insanlar-covid-19un-gercek-oldugunu-anladi\\\/\"},\"wordCount\":10563,\"commentCount\":0,\"image\":{\"@id\":\"https:\\\/\\\/batitrakya.live\\\/index.php\\\/bati-trakyada-insanlar-covid-19un-gercek-oldugunu-anladi\\\/#primaryimage\"},\"thumbnailUrl\":\"https:\\\/\\\/batitrakya.live\\\/wp-content\\\/uploads\\\/2020\\\/12\\\/2020-panorama.jpg\",\"keywords\":[\"Bat\u0131 Trakya\"],\"articleSection\":[\"Bat\u0131 Trakyam Haber\"],\"inLanguage\":\"tr\",\"potentialAction\":[{\"@type\":\"CommentAction\",\"name\":\"Comment\",\"target\":[\"https:\\\/\\\/batitrakya.live\\\/index.php\\\/bati-trakyada-insanlar-covid-19un-gercek-oldugunu-anladi\\\/#respond\"]}],\"copyrightYear\":\"2020\",\"copyrightHolder\":{\"@id\":\"https:\\\/\\\/batitrakya.live\\\/#organization\"}},{\"@type\":\"WebPage\",\"@id\":\"https:\\\/\\\/batitrakya.live\\\/index.php\\\/bati-trakyada-insanlar-covid-19un-gercek-oldugunu-anladi\\\/\",\"url\":\"https:\\\/\\\/batitrakya.live\\\/index.php\\\/bati-trakyada-insanlar-covid-19un-gercek-oldugunu-anladi\\\/\",\"name\":\"2020 y\u0131l\u0131nda Bat\u0131 Trakya, Yunanistan ve d\u00fcnyada neler ya\u015fand\u0131... - Bat\u0131 Trakya Haber\",\"isPartOf\":{\"@id\":\"https:\\\/\\\/batitrakya.live\\\/#website\"},\"primaryImageOfPage\":{\"@id\":\"https:\\\/\\\/batitrakya.live\\\/index.php\\\/bati-trakyada-insanlar-covid-19un-gercek-oldugunu-anladi\\\/#primaryimage\"},\"image\":{\"@id\":\"https:\\\/\\\/batitrakya.live\\\/index.php\\\/bati-trakyada-insanlar-covid-19un-gercek-oldugunu-anladi\\\/#primaryimage\"},\"thumbnailUrl\":\"https:\\\/\\\/batitrakya.live\\\/wp-content\\\/uploads\\\/2020\\\/12\\\/2020-panorama.jpg\",\"datePublished\":\"2020-12-31T16:32:05+00:00\",\"author\":{\"@id\":\"https:\\\/\\\/batitrakya.live\\\/#\\\/schema\\\/person\\\/61b86abbc19e5fa0bbc3059670546fe5\"},\"breadcrumb\":{\"@id\":\"https:\\\/\\\/batitrakya.live\\\/index.php\\\/bati-trakyada-insanlar-covid-19un-gercek-oldugunu-anladi\\\/#breadcrumb\"},\"inLanguage\":\"tr\",\"potentialAction\":[{\"@type\":\"ReadAction\",\"target\":[\"https:\\\/\\\/batitrakya.live\\\/index.php\\\/bati-trakyada-insanlar-covid-19un-gercek-oldugunu-anladi\\\/\"]}]},{\"@type\":\"ImageObject\",\"inLanguage\":\"tr\",\"@id\":\"https:\\\/\\\/batitrakya.live\\\/index.php\\\/bati-trakyada-insanlar-covid-19un-gercek-oldugunu-anladi\\\/#primaryimage\",\"url\":\"https:\\\/\\\/batitrakya.live\\\/wp-content\\\/uploads\\\/2020\\\/12\\\/2020-panorama.jpg\",\"contentUrl\":\"https:\\\/\\\/batitrakya.live\\\/wp-content\\\/uploads\\\/2020\\\/12\\\/2020-panorama.jpg\",\"width\":633,\"height\":348},{\"@type\":\"BreadcrumbList\",\"@id\":\"https:\\\/\\\/batitrakya.live\\\/index.php\\\/bati-trakyada-insanlar-covid-19un-gercek-oldugunu-anladi\\\/#breadcrumb\",\"itemListElement\":[{\"@type\":\"ListItem\",\"position\":1,\"name\":\"Anasayfa\",\"item\":\"https:\\\/\\\/batitrakya.live\\\/\"},{\"@type\":\"ListItem\",\"position\":2,\"name\":\"2020 y\u0131l\u0131nda Bat\u0131 Trakya, Yunanistan ve d\u00fcnyada neler ya\u015fand\u0131&#8230;\"}]},{\"@type\":\"WebSite\",\"@id\":\"https:\\\/\\\/batitrakya.live\\\/#website\",\"url\":\"https:\\\/\\\/batitrakya.live\\\/\",\"name\":\"Bat\u0131 Trakya Haber\",\"description\":\"Bat\u0131 Trakyan\u0131n internetteki sesi..\",\"potentialAction\":[{\"@type\":\"SearchAction\",\"target\":{\"@type\":\"EntryPoint\",\"urlTemplate\":\"https:\\\/\\\/batitrakya.live\\\/?s={search_term_string}\"},\"query-input\":{\"@type\":\"PropertyValueSpecification\",\"valueRequired\":true,\"valueName\":\"search_term_string\"}}],\"inLanguage\":\"tr\"},{\"@type\":\"Person\",\"@id\":\"https:\\\/\\\/batitrakya.live\\\/#\\\/schema\\\/person\\\/61b86abbc19e5fa0bbc3059670546fe5\",\"name\":\"tamer\",\"image\":{\"@type\":\"ImageObject\",\"inLanguage\":\"tr\",\"@id\":\"https:\\\/\\\/secure.gravatar.com\\\/avatar\\\/60b0ff14c4376999cea9565d28b91fc61ff0f727c28cd083506a6d83ad6df9c9?s=96&d=mm&r=g\",\"url\":\"https:\\\/\\\/secure.gravatar.com\\\/avatar\\\/60b0ff14c4376999cea9565d28b91fc61ff0f727c28cd083506a6d83ad6df9c9?s=96&d=mm&r=g\",\"contentUrl\":\"https:\\\/\\\/secure.gravatar.com\\\/avatar\\\/60b0ff14c4376999cea9565d28b91fc61ff0f727c28cd083506a6d83ad6df9c9?s=96&d=mm&r=g\",\"caption\":\"tamer\"},\"sameAs\":[\"https:\\\/\\\/batitrakya.live\"],\"url\":\"https:\\\/\\\/batitrakya.live\\\/index.php\\\/author\\\/tamer\\\/\"}]}<\/script>\n<!-- \/ Yoast SEO Premium plugin. -->","yoast_head_json":{"title":"2020 y\u0131l\u0131nda Bat\u0131 Trakya, Yunanistan ve d\u00fcnyada neler ya\u015fand\u0131... - Bat\u0131 Trakya Haber","robots":{"index":"index","follow":"follow","max-snippet":"max-snippet:-1","max-image-preview":"max-image-preview:large","max-video-preview":"max-video-preview:-1"},"canonical":"https:\/\/batitrakya.live\/index.php\/bati-trakyada-insanlar-covid-19un-gercek-oldugunu-anladi\/","og_locale":"tr_TR","og_type":"article","og_title":"2020 y\u0131l\u0131nda Bat\u0131 Trakya, Yunanistan ve d\u00fcnyada neler ya\u015fand\u0131...","og_description":"Korona vir\u00fcs salg\u0131n\u0131 d\u00fcnyan\u0131n g\u00fcndeminde tart\u0131\u015fmas\u0131z 1 numaral\u0131 g\u00fcndem maddesi olurken, gerek \u00fclke genelinde gerekse Yunanistan-T\u00fcrkiye ili\u015fkileri a\u00e7\u0131s\u0131ndan da \u00f6nemli geli\u015fmeler ya\u015fand\u0131. Yunanistan ile T\u00fcrkiye aras\u0131ndaki Do\u011fu Akdeniz gerginli\u011fi hi\u00e7 \u015f\u00fcphesiz 2020 y\u0131l\u0131nda iki \u00fclke ili\u015fkileri ba\u011flam\u0131nda en \u00e7ok g\u00fcndeme gelen ba\u015fl\u0131klardan biri oldu. Ayasofya&#8217;n\u0131n yeniden ibadete a\u00e7\u0131lmas\u0131, Amerika&#8217;da siyahi bir vatanda\u015f\u0131n polis taraf\u0131ndan \u00f6ld\u00fcr\u00fclmesi, &hellip;","og_url":"https:\/\/batitrakya.live\/index.php\/bati-trakyada-insanlar-covid-19un-gercek-oldugunu-anladi\/","og_site_name":"Bat\u0131 Trakya Haber","article_published_time":"2020-12-31T16:32:05+00:00","og_image":[{"width":633,"height":348,"url":"https:\/\/batitrakya.live\/wp-content\/uploads\/2020\/12\/2020-panorama.jpg","type":"image\/jpeg"}],"author":"tamer","twitter_card":"summary_large_image","twitter_misc":{"Yazan:":"tamer","Tahmini okuma s\u00fcresi":"52 dakika"},"schema":{"@context":"https:\/\/schema.org","@graph":[{"@type":"Article","@id":"https:\/\/batitrakya.live\/index.php\/bati-trakyada-insanlar-covid-19un-gercek-oldugunu-anladi\/#article","isPartOf":{"@id":"https:\/\/batitrakya.live\/index.php\/bati-trakyada-insanlar-covid-19un-gercek-oldugunu-anladi\/"},"author":{"name":"tamer","@id":"https:\/\/batitrakya.live\/#\/schema\/person\/61b86abbc19e5fa0bbc3059670546fe5"},"headline":"2020 y\u0131l\u0131nda Bat\u0131 Trakya, Yunanistan ve d\u00fcnyada neler ya\u015fand\u0131&#8230;","datePublished":"2020-12-31T16:32:05+00:00","mainEntityOfPage":{"@id":"https:\/\/batitrakya.live\/index.php\/bati-trakyada-insanlar-covid-19un-gercek-oldugunu-anladi\/"},"wordCount":10563,"commentCount":0,"image":{"@id":"https:\/\/batitrakya.live\/index.php\/bati-trakyada-insanlar-covid-19un-gercek-oldugunu-anladi\/#primaryimage"},"thumbnailUrl":"https:\/\/batitrakya.live\/wp-content\/uploads\/2020\/12\/2020-panorama.jpg","keywords":["Bat\u0131 Trakya"],"articleSection":["Bat\u0131 Trakyam Haber"],"inLanguage":"tr","potentialAction":[{"@type":"CommentAction","name":"Comment","target":["https:\/\/batitrakya.live\/index.php\/bati-trakyada-insanlar-covid-19un-gercek-oldugunu-anladi\/#respond"]}],"copyrightYear":"2020","copyrightHolder":{"@id":"https:\/\/batitrakya.live\/#organization"}},{"@type":"WebPage","@id":"https:\/\/batitrakya.live\/index.php\/bati-trakyada-insanlar-covid-19un-gercek-oldugunu-anladi\/","url":"https:\/\/batitrakya.live\/index.php\/bati-trakyada-insanlar-covid-19un-gercek-oldugunu-anladi\/","name":"2020 y\u0131l\u0131nda Bat\u0131 Trakya, Yunanistan ve d\u00fcnyada neler ya\u015fand\u0131... - Bat\u0131 Trakya Haber","isPartOf":{"@id":"https:\/\/batitrakya.live\/#website"},"primaryImageOfPage":{"@id":"https:\/\/batitrakya.live\/index.php\/bati-trakyada-insanlar-covid-19un-gercek-oldugunu-anladi\/#primaryimage"},"image":{"@id":"https:\/\/batitrakya.live\/index.php\/bati-trakyada-insanlar-covid-19un-gercek-oldugunu-anladi\/#primaryimage"},"thumbnailUrl":"https:\/\/batitrakya.live\/wp-content\/uploads\/2020\/12\/2020-panorama.jpg","datePublished":"2020-12-31T16:32:05+00:00","author":{"@id":"https:\/\/batitrakya.live\/#\/schema\/person\/61b86abbc19e5fa0bbc3059670546fe5"},"breadcrumb":{"@id":"https:\/\/batitrakya.live\/index.php\/bati-trakyada-insanlar-covid-19un-gercek-oldugunu-anladi\/#breadcrumb"},"inLanguage":"tr","potentialAction":[{"@type":"ReadAction","target":["https:\/\/batitrakya.live\/index.php\/bati-trakyada-insanlar-covid-19un-gercek-oldugunu-anladi\/"]}]},{"@type":"ImageObject","inLanguage":"tr","@id":"https:\/\/batitrakya.live\/index.php\/bati-trakyada-insanlar-covid-19un-gercek-oldugunu-anladi\/#primaryimage","url":"https:\/\/batitrakya.live\/wp-content\/uploads\/2020\/12\/2020-panorama.jpg","contentUrl":"https:\/\/batitrakya.live\/wp-content\/uploads\/2020\/12\/2020-panorama.jpg","width":633,"height":348},{"@type":"BreadcrumbList","@id":"https:\/\/batitrakya.live\/index.php\/bati-trakyada-insanlar-covid-19un-gercek-oldugunu-anladi\/#breadcrumb","itemListElement":[{"@type":"ListItem","position":1,"name":"Anasayfa","item":"https:\/\/batitrakya.live\/"},{"@type":"ListItem","position":2,"name":"2020 y\u0131l\u0131nda Bat\u0131 Trakya, Yunanistan ve d\u00fcnyada neler ya\u015fand\u0131&#8230;"}]},{"@type":"WebSite","@id":"https:\/\/batitrakya.live\/#website","url":"https:\/\/batitrakya.live\/","name":"Bat\u0131 Trakya Haber","description":"Bat\u0131 Trakyan\u0131n internetteki sesi..","potentialAction":[{"@type":"SearchAction","target":{"@type":"EntryPoint","urlTemplate":"https:\/\/batitrakya.live\/?s={search_term_string}"},"query-input":{"@type":"PropertyValueSpecification","valueRequired":true,"valueName":"search_term_string"}}],"inLanguage":"tr"},{"@type":"Person","@id":"https:\/\/batitrakya.live\/#\/schema\/person\/61b86abbc19e5fa0bbc3059670546fe5","name":"tamer","image":{"@type":"ImageObject","inLanguage":"tr","@id":"https:\/\/secure.gravatar.com\/avatar\/60b0ff14c4376999cea9565d28b91fc61ff0f727c28cd083506a6d83ad6df9c9?s=96&d=mm&r=g","url":"https:\/\/secure.gravatar.com\/avatar\/60b0ff14c4376999cea9565d28b91fc61ff0f727c28cd083506a6d83ad6df9c9?s=96&d=mm&r=g","contentUrl":"https:\/\/secure.gravatar.com\/avatar\/60b0ff14c4376999cea9565d28b91fc61ff0f727c28cd083506a6d83ad6df9c9?s=96&d=mm&r=g","caption":"tamer"},"sameAs":["https:\/\/batitrakya.live"],"url":"https:\/\/batitrakya.live\/index.php\/author\/tamer\/"}]}},"_links":{"self":[{"href":"https:\/\/batitrakya.live\/index.php\/wp-json\/wp\/v2\/posts\/30789","targetHints":{"allow":["GET"]}}],"collection":[{"href":"https:\/\/batitrakya.live\/index.php\/wp-json\/wp\/v2\/posts"}],"about":[{"href":"https:\/\/batitrakya.live\/index.php\/wp-json\/wp\/v2\/types\/post"}],"author":[{"embeddable":true,"href":"https:\/\/batitrakya.live\/index.php\/wp-json\/wp\/v2\/users\/1"}],"replies":[{"embeddable":true,"href":"https:\/\/batitrakya.live\/index.php\/wp-json\/wp\/v2\/comments?post=30789"}],"version-history":[{"count":0,"href":"https:\/\/batitrakya.live\/index.php\/wp-json\/wp\/v2\/posts\/30789\/revisions"}],"wp:featuredmedia":[{"embeddable":true,"href":"https:\/\/batitrakya.live\/index.php\/wp-json\/wp\/v2\/media\/30793"}],"wp:attachment":[{"href":"https:\/\/batitrakya.live\/index.php\/wp-json\/wp\/v2\/media?parent=30789"}],"wp:term":[{"taxonomy":"category","embeddable":true,"href":"https:\/\/batitrakya.live\/index.php\/wp-json\/wp\/v2\/categories?post=30789"},{"taxonomy":"post_tag","embeddable":true,"href":"https:\/\/batitrakya.live\/index.php\/wp-json\/wp\/v2\/tags?post=30789"}],"curies":[{"name":"wp","href":"https:\/\/api.w.org\/{rel}","templated":true}]}}