{"id":30568,"date":"2020-12-21T08:50:44","date_gmt":"2020-12-21T07:50:44","guid":{"rendered":"https:\/\/batitrakya.live\/?p=30568"},"modified":"2020-12-21T08:50:44","modified_gmt":"2020-12-21T07:50:44","slug":"ingiltereden-yunanistana-gelecek-olanlara-7-gunluk-ev-karantinasi","status":"publish","type":"post","link":"https:\/\/batitrakya.live\/index.php\/ingiltereden-yunanistana-gelecek-olanlara-7-gunluk-ev-karantinasi\/","title":{"rendered":"\u0130ngiltere\u2019den Yunanistan&#8217;a gelecek olanlara 7 g\u00fcnl\u00fck ev karantinas\u0131&#8230;"},"content":{"rendered":"<p>\u0130ngiltere\u2019de tespit edilen mutasyona u\u011fram\u0131\u015f Kovid-19&#8217;un yeni t\u00fcr\u00fc nedeniyle bu \u00fclkeden Yunanistan\u2019a gelecek vatanda\u015flara yedi (7) g\u00fcn zorunlu ev karantinas\u0131 uygulanacak.<\/p>\n<p>Konu hakk\u0131nda a\u00e7\u0131klama Yunanistan Sivil Koruma Bakan Yard\u0131mc\u0131s\u0131 Nikos Hardalias taraf\u0131ndan yap\u0131ld\u0131. A\u00e7\u0131klama do\u011frultusunda yar\u0131n 21 Aral\u0131k 2020 Pazartesi saat 06.00 itibaren \u0130ngiltere&#8217;den gelecek olanlar i\u00e7in yedi (7) g\u00fcnl\u00fck ev karantinas\u0131 uygulamas\u0131 y\u00fcr\u00fcrl\u00fc\u011fe girecek.<\/p>\n<p>\u0130ngiltere Ba\u015fbakan\u0131 Boris Johnson&#8217;a g\u00f6re daha h\u0131zl\u0131 iletilen bir mutasyon olan yeni koronavir\u00fcs t\u00fcr\u00fc nedeniyle \u0130ngiltere&#8217;den gelen yolcular i\u00e7in Sivil Koruma Bakanl\u0131\u011f\u0131 tedbirleri a\u00e7\u0131kland\u0131.<\/p>\n<p>Di\u011fer \u00fclkelerden gelecek vatanda\u015flara \u00fc\u00e7 (3) g\u00fcnl\u00fck karantina uygulamas\u0131 ge\u00e7erli olurken \u0130ngiltere\u2019den gelecekler i\u00e7in ise yedi (7) g\u00fcnl\u00fck ev izolasyonu uygulanacak. Uygulama, 21 Aral\u0131k Pazartesi g\u00fcn\u00fc saat 06.00&#8217;da ba\u015flayacak.<\/p>\n<p>Bu yeni \u00f6nlemin mevcut \u00f6nlemleri tamamlay\u0131c\u0131 niteli\u011finde oldu\u011fu belirtildi. Ayr\u0131ca t\u00fcm yolcular\u0131n 72 saatlik negatif molek\u00fcler (PCR) testi yapt\u0131rma zorunlulu\u011fu devam ederken, \u00fclkeye vard\u0131klar\u0131nda da zorunlu bir testten ge\u00e7meye devam edecekleri belirtildi.<\/p>\n<p>Mutasyona u\u011fram\u0131\u015f Kovid-19 t\u00fcr\u00fc konusunda Sa\u011fl\u0131k Bakanl\u0131\u011f\u0131 Uzmanlar Komitesi yar\u0131n (21-Aral\u0131k 2020) elde edecekleri bilimsel verileri detayl\u0131 de\u011ferlendirecekler. Bu de\u011ferlendirme neticesinde yeni \u00f6neriler a\u00e7\u0131klanacak.<\/p>\n","protected":false},"excerpt":{"rendered":"<p>\u0130ngiltere\u2019de tespit edilen mutasyona u\u011fram\u0131\u015f Kovid-19&#8217;un yeni t\u00fcr\u00fc nedeniyle bu \u00fclkeden Yunanistan\u2019a gelecek vatanda\u015flara yedi (7) g\u00fcn zorunlu ev karantinas\u0131 uygulanacak. Konu hakk\u0131nda a\u00e7\u0131klama Yunanistan Sivil Koruma Bakan Yard\u0131mc\u0131s\u0131 Nikos Hardalias taraf\u0131ndan yap\u0131ld\u0131. A\u00e7\u0131klama do\u011frultusunda yar\u0131n 21 Aral\u0131k 2020 Pazartesi saat 06.00 itibaren \u0130ngiltere&#8217;den gelecek olanlar i\u00e7in yedi (7) g\u00fcnl\u00fck ev karantinas\u0131 uygulamas\u0131 y\u00fcr\u00fcrl\u00fc\u011fe girecek. &hellip;<\/p>\n","protected":false},"author":1,"featured_media":30569,"comment_status":"open","ping_status":"open","sticky":false,"template":"","format":"standard","meta":{"footnotes":""},"categories":[57],"tags":[383],"class_list":["post-30568","post","type-post","status-publish","format-standard","has-post-thumbnail","hentry","category-yunanistan","tag-karantina"],"yoast_head":"<!-- This site is optimized with the Yoast SEO Premium plugin v26.3 (Yoast SEO v27.3) - https:\/\/yoast.com\/product\/yoast-seo-premium-wordpress\/ -->\n<title>\u0130ngiltere\u2019den Yunanistan&#039;a gelecek olanlara 7 g\u00fcnl\u00fck ev karantinas\u0131... - Bat\u0131 Trakya Haber<\/title>\n<meta name=\"robots\" content=\"index, follow, max-snippet:-1, max-image-preview:large, max-video-preview:-1\" \/>\n<link rel=\"canonical\" href=\"https:\/\/batitrakya.live\/index.php\/ingiltereden-yunanistana-gelecek-olanlara-7-gunluk-ev-karantinasi\/\" \/>\n<meta property=\"og:locale\" content=\"tr_TR\" \/>\n<meta property=\"og:type\" content=\"article\" \/>\n<meta property=\"og:title\" content=\"\u0130ngiltere\u2019den Yunanistan&#039;a gelecek olanlara 7 g\u00fcnl\u00fck ev karantinas\u0131...\" \/>\n<meta property=\"og:description\" content=\"\u0130ngiltere\u2019de tespit edilen mutasyona u\u011fram\u0131\u015f Kovid-19&#8217;un yeni t\u00fcr\u00fc nedeniyle bu \u00fclkeden Yunanistan\u2019a gelecek vatanda\u015flara yedi (7) g\u00fcn zorunlu ev karantinas\u0131 uygulanacak. Konu hakk\u0131nda a\u00e7\u0131klama Yunanistan Sivil Koruma Bakan Yard\u0131mc\u0131s\u0131 Nikos Hardalias taraf\u0131ndan yap\u0131ld\u0131. A\u00e7\u0131klama do\u011frultusunda yar\u0131n 21 Aral\u0131k 2020 Pazartesi saat 06.00 itibaren \u0130ngiltere&#8217;den gelecek olanlar i\u00e7in yedi (7) g\u00fcnl\u00fck ev karantinas\u0131 uygulamas\u0131 y\u00fcr\u00fcrl\u00fc\u011fe girecek. &hellip;\" \/>\n<meta property=\"og:url\" content=\"https:\/\/batitrakya.live\/index.php\/ingiltereden-yunanistana-gelecek-olanlara-7-gunluk-ev-karantinasi\/\" \/>\n<meta property=\"og:site_name\" content=\"Bat\u0131 Trakya Haber\" \/>\n<meta property=\"article:published_time\" content=\"2020-12-21T07:50:44+00:00\" \/>\n<meta property=\"og:image\" content=\"https:\/\/batitrakya.live\/wp-content\/uploads\/2020\/12\/igitere.jpg\" \/>\n\t<meta property=\"og:image:width\" content=\"720\" \/>\n\t<meta property=\"og:image:height\" content=\"348\" \/>\n\t<meta property=\"og:image:type\" content=\"image\/jpeg\" \/>\n<meta name=\"author\" content=\"tamer\" \/>\n<meta name=\"twitter:card\" content=\"summary_large_image\" \/>\n<meta name=\"twitter:label1\" content=\"Yazan:\" \/>\n\t<meta name=\"twitter:data1\" content=\"tamer\" \/>\n\t<meta name=\"twitter:label2\" content=\"Tahmini okuma s\u00fcresi\" \/>\n\t<meta name=\"twitter:data2\" content=\"1 dakika\" \/>\n<script type=\"application\/ld+json\" class=\"yoast-schema-graph\">{\"@context\":\"https:\\\/\\\/schema.org\",\"@graph\":[{\"@type\":\"Article\",\"@id\":\"https:\\\/\\\/batitrakya.live\\\/index.php\\\/ingiltereden-yunanistana-gelecek-olanlara-7-gunluk-ev-karantinasi\\\/#article\",\"isPartOf\":{\"@id\":\"https:\\\/\\\/batitrakya.live\\\/index.php\\\/ingiltereden-yunanistana-gelecek-olanlara-7-gunluk-ev-karantinasi\\\/\"},\"author\":{\"name\":\"tamer\",\"@id\":\"https:\\\/\\\/batitrakya.live\\\/#\\\/schema\\\/person\\\/61b86abbc19e5fa0bbc3059670546fe5\"},\"headline\":\"\u0130ngiltere\u2019den Yunanistan&#8217;a gelecek olanlara 7 g\u00fcnl\u00fck ev karantinas\u0131&#8230;\",\"datePublished\":\"2020-12-21T07:50:44+00:00\",\"mainEntityOfPage\":{\"@id\":\"https:\\\/\\\/batitrakya.live\\\/index.php\\\/ingiltereden-yunanistana-gelecek-olanlara-7-gunluk-ev-karantinasi\\\/\"},\"wordCount\":230,\"commentCount\":0,\"image\":{\"@id\":\"https:\\\/\\\/batitrakya.live\\\/index.php\\\/ingiltereden-yunanistana-gelecek-olanlara-7-gunluk-ev-karantinasi\\\/#primaryimage\"},\"thumbnailUrl\":\"https:\\\/\\\/batitrakya.live\\\/wp-content\\\/uploads\\\/2020\\\/12\\\/igitere.jpg\",\"keywords\":[\"Karantina\"],\"articleSection\":[\"Yunanistan Haber\"],\"inLanguage\":\"tr\",\"potentialAction\":[{\"@type\":\"CommentAction\",\"name\":\"Comment\",\"target\":[\"https:\\\/\\\/batitrakya.live\\\/index.php\\\/ingiltereden-yunanistana-gelecek-olanlara-7-gunluk-ev-karantinasi\\\/#respond\"]}],\"copyrightYear\":\"2020\",\"copyrightHolder\":{\"@id\":\"https:\\\/\\\/batitrakya.live\\\/#organization\"}},{\"@type\":\"WebPage\",\"@id\":\"https:\\\/\\\/batitrakya.live\\\/index.php\\\/ingiltereden-yunanistana-gelecek-olanlara-7-gunluk-ev-karantinasi\\\/\",\"url\":\"https:\\\/\\\/batitrakya.live\\\/index.php\\\/ingiltereden-yunanistana-gelecek-olanlara-7-gunluk-ev-karantinasi\\\/\",\"name\":\"\u0130ngiltere\u2019den Yunanistan'a gelecek olanlara 7 g\u00fcnl\u00fck ev karantinas\u0131... - Bat\u0131 Trakya Haber\",\"isPartOf\":{\"@id\":\"https:\\\/\\\/batitrakya.live\\\/#website\"},\"primaryImageOfPage\":{\"@id\":\"https:\\\/\\\/batitrakya.live\\\/index.php\\\/ingiltereden-yunanistana-gelecek-olanlara-7-gunluk-ev-karantinasi\\\/#primaryimage\"},\"image\":{\"@id\":\"https:\\\/\\\/batitrakya.live\\\/index.php\\\/ingiltereden-yunanistana-gelecek-olanlara-7-gunluk-ev-karantinasi\\\/#primaryimage\"},\"thumbnailUrl\":\"https:\\\/\\\/batitrakya.live\\\/wp-content\\\/uploads\\\/2020\\\/12\\\/igitere.jpg\",\"datePublished\":\"2020-12-21T07:50:44+00:00\",\"author\":{\"@id\":\"https:\\\/\\\/batitrakya.live\\\/#\\\/schema\\\/person\\\/61b86abbc19e5fa0bbc3059670546fe5\"},\"breadcrumb\":{\"@id\":\"https:\\\/\\\/batitrakya.live\\\/index.php\\\/ingiltereden-yunanistana-gelecek-olanlara-7-gunluk-ev-karantinasi\\\/#breadcrumb\"},\"inLanguage\":\"tr\",\"potentialAction\":[{\"@type\":\"ReadAction\",\"target\":[\"https:\\\/\\\/batitrakya.live\\\/index.php\\\/ingiltereden-yunanistana-gelecek-olanlara-7-gunluk-ev-karantinasi\\\/\"]}]},{\"@type\":\"ImageObject\",\"inLanguage\":\"tr\",\"@id\":\"https:\\\/\\\/batitrakya.live\\\/index.php\\\/ingiltereden-yunanistana-gelecek-olanlara-7-gunluk-ev-karantinasi\\\/#primaryimage\",\"url\":\"https:\\\/\\\/batitrakya.live\\\/wp-content\\\/uploads\\\/2020\\\/12\\\/igitere.jpg\",\"contentUrl\":\"https:\\\/\\\/batitrakya.live\\\/wp-content\\\/uploads\\\/2020\\\/12\\\/igitere.jpg\",\"width\":720,\"height\":348},{\"@type\":\"BreadcrumbList\",\"@id\":\"https:\\\/\\\/batitrakya.live\\\/index.php\\\/ingiltereden-yunanistana-gelecek-olanlara-7-gunluk-ev-karantinasi\\\/#breadcrumb\",\"itemListElement\":[{\"@type\":\"ListItem\",\"position\":1,\"name\":\"Anasayfa\",\"item\":\"https:\\\/\\\/batitrakya.live\\\/\"},{\"@type\":\"ListItem\",\"position\":2,\"name\":\"\u0130ngiltere\u2019den Yunanistan&#8217;a gelecek olanlara 7 g\u00fcnl\u00fck ev karantinas\u0131&#8230;\"}]},{\"@type\":\"WebSite\",\"@id\":\"https:\\\/\\\/batitrakya.live\\\/#website\",\"url\":\"https:\\\/\\\/batitrakya.live\\\/\",\"name\":\"Bat\u0131 Trakya Haber\",\"description\":\"Bat\u0131 Trakyan\u0131n internetteki sesi..\",\"potentialAction\":[{\"@type\":\"SearchAction\",\"target\":{\"@type\":\"EntryPoint\",\"urlTemplate\":\"https:\\\/\\\/batitrakya.live\\\/?s={search_term_string}\"},\"query-input\":{\"@type\":\"PropertyValueSpecification\",\"valueRequired\":true,\"valueName\":\"search_term_string\"}}],\"inLanguage\":\"tr\"},{\"@type\":\"Person\",\"@id\":\"https:\\\/\\\/batitrakya.live\\\/#\\\/schema\\\/person\\\/61b86abbc19e5fa0bbc3059670546fe5\",\"name\":\"tamer\",\"image\":{\"@type\":\"ImageObject\",\"inLanguage\":\"tr\",\"@id\":\"https:\\\/\\\/secure.gravatar.com\\\/avatar\\\/60b0ff14c4376999cea9565d28b91fc61ff0f727c28cd083506a6d83ad6df9c9?s=96&d=mm&r=g\",\"url\":\"https:\\\/\\\/secure.gravatar.com\\\/avatar\\\/60b0ff14c4376999cea9565d28b91fc61ff0f727c28cd083506a6d83ad6df9c9?s=96&d=mm&r=g\",\"contentUrl\":\"https:\\\/\\\/secure.gravatar.com\\\/avatar\\\/60b0ff14c4376999cea9565d28b91fc61ff0f727c28cd083506a6d83ad6df9c9?s=96&d=mm&r=g\",\"caption\":\"tamer\"},\"sameAs\":[\"https:\\\/\\\/batitrakya.live\"],\"url\":\"https:\\\/\\\/batitrakya.live\\\/index.php\\\/author\\\/tamer\\\/\"}]}<\/script>\n<!-- \/ Yoast SEO Premium plugin. -->","yoast_head_json":{"title":"\u0130ngiltere\u2019den Yunanistan'a gelecek olanlara 7 g\u00fcnl\u00fck ev karantinas\u0131... - Bat\u0131 Trakya Haber","robots":{"index":"index","follow":"follow","max-snippet":"max-snippet:-1","max-image-preview":"max-image-preview:large","max-video-preview":"max-video-preview:-1"},"canonical":"https:\/\/batitrakya.live\/index.php\/ingiltereden-yunanistana-gelecek-olanlara-7-gunluk-ev-karantinasi\/","og_locale":"tr_TR","og_type":"article","og_title":"\u0130ngiltere\u2019den Yunanistan'a gelecek olanlara 7 g\u00fcnl\u00fck ev karantinas\u0131...","og_description":"\u0130ngiltere\u2019de tespit edilen mutasyona u\u011fram\u0131\u015f Kovid-19&#8217;un yeni t\u00fcr\u00fc nedeniyle bu \u00fclkeden Yunanistan\u2019a gelecek vatanda\u015flara yedi (7) g\u00fcn zorunlu ev karantinas\u0131 uygulanacak. Konu hakk\u0131nda a\u00e7\u0131klama Yunanistan Sivil Koruma Bakan Yard\u0131mc\u0131s\u0131 Nikos Hardalias taraf\u0131ndan yap\u0131ld\u0131. A\u00e7\u0131klama do\u011frultusunda yar\u0131n 21 Aral\u0131k 2020 Pazartesi saat 06.00 itibaren \u0130ngiltere&#8217;den gelecek olanlar i\u00e7in yedi (7) g\u00fcnl\u00fck ev karantinas\u0131 uygulamas\u0131 y\u00fcr\u00fcrl\u00fc\u011fe girecek. &hellip;","og_url":"https:\/\/batitrakya.live\/index.php\/ingiltereden-yunanistana-gelecek-olanlara-7-gunluk-ev-karantinasi\/","og_site_name":"Bat\u0131 Trakya Haber","article_published_time":"2020-12-21T07:50:44+00:00","og_image":[{"width":720,"height":348,"url":"https:\/\/batitrakya.live\/wp-content\/uploads\/2020\/12\/igitere.jpg","type":"image\/jpeg"}],"author":"tamer","twitter_card":"summary_large_image","twitter_misc":{"Yazan:":"tamer","Tahmini okuma s\u00fcresi":"1 dakika"},"schema":{"@context":"https:\/\/schema.org","@graph":[{"@type":"Article","@id":"https:\/\/batitrakya.live\/index.php\/ingiltereden-yunanistana-gelecek-olanlara-7-gunluk-ev-karantinasi\/#article","isPartOf":{"@id":"https:\/\/batitrakya.live\/index.php\/ingiltereden-yunanistana-gelecek-olanlara-7-gunluk-ev-karantinasi\/"},"author":{"name":"tamer","@id":"https:\/\/batitrakya.live\/#\/schema\/person\/61b86abbc19e5fa0bbc3059670546fe5"},"headline":"\u0130ngiltere\u2019den Yunanistan&#8217;a gelecek olanlara 7 g\u00fcnl\u00fck ev karantinas\u0131&#8230;","datePublished":"2020-12-21T07:50:44+00:00","mainEntityOfPage":{"@id":"https:\/\/batitrakya.live\/index.php\/ingiltereden-yunanistana-gelecek-olanlara-7-gunluk-ev-karantinasi\/"},"wordCount":230,"commentCount":0,"image":{"@id":"https:\/\/batitrakya.live\/index.php\/ingiltereden-yunanistana-gelecek-olanlara-7-gunluk-ev-karantinasi\/#primaryimage"},"thumbnailUrl":"https:\/\/batitrakya.live\/wp-content\/uploads\/2020\/12\/igitere.jpg","keywords":["Karantina"],"articleSection":["Yunanistan Haber"],"inLanguage":"tr","potentialAction":[{"@type":"CommentAction","name":"Comment","target":["https:\/\/batitrakya.live\/index.php\/ingiltereden-yunanistana-gelecek-olanlara-7-gunluk-ev-karantinasi\/#respond"]}],"copyrightYear":"2020","copyrightHolder":{"@id":"https:\/\/batitrakya.live\/#organization"}},{"@type":"WebPage","@id":"https:\/\/batitrakya.live\/index.php\/ingiltereden-yunanistana-gelecek-olanlara-7-gunluk-ev-karantinasi\/","url":"https:\/\/batitrakya.live\/index.php\/ingiltereden-yunanistana-gelecek-olanlara-7-gunluk-ev-karantinasi\/","name":"\u0130ngiltere\u2019den Yunanistan'a gelecek olanlara 7 g\u00fcnl\u00fck ev karantinas\u0131... - Bat\u0131 Trakya Haber","isPartOf":{"@id":"https:\/\/batitrakya.live\/#website"},"primaryImageOfPage":{"@id":"https:\/\/batitrakya.live\/index.php\/ingiltereden-yunanistana-gelecek-olanlara-7-gunluk-ev-karantinasi\/#primaryimage"},"image":{"@id":"https:\/\/batitrakya.live\/index.php\/ingiltereden-yunanistana-gelecek-olanlara-7-gunluk-ev-karantinasi\/#primaryimage"},"thumbnailUrl":"https:\/\/batitrakya.live\/wp-content\/uploads\/2020\/12\/igitere.jpg","datePublished":"2020-12-21T07:50:44+00:00","author":{"@id":"https:\/\/batitrakya.live\/#\/schema\/person\/61b86abbc19e5fa0bbc3059670546fe5"},"breadcrumb":{"@id":"https:\/\/batitrakya.live\/index.php\/ingiltereden-yunanistana-gelecek-olanlara-7-gunluk-ev-karantinasi\/#breadcrumb"},"inLanguage":"tr","potentialAction":[{"@type":"ReadAction","target":["https:\/\/batitrakya.live\/index.php\/ingiltereden-yunanistana-gelecek-olanlara-7-gunluk-ev-karantinasi\/"]}]},{"@type":"ImageObject","inLanguage":"tr","@id":"https:\/\/batitrakya.live\/index.php\/ingiltereden-yunanistana-gelecek-olanlara-7-gunluk-ev-karantinasi\/#primaryimage","url":"https:\/\/batitrakya.live\/wp-content\/uploads\/2020\/12\/igitere.jpg","contentUrl":"https:\/\/batitrakya.live\/wp-content\/uploads\/2020\/12\/igitere.jpg","width":720,"height":348},{"@type":"BreadcrumbList","@id":"https:\/\/batitrakya.live\/index.php\/ingiltereden-yunanistana-gelecek-olanlara-7-gunluk-ev-karantinasi\/#breadcrumb","itemListElement":[{"@type":"ListItem","position":1,"name":"Anasayfa","item":"https:\/\/batitrakya.live\/"},{"@type":"ListItem","position":2,"name":"\u0130ngiltere\u2019den Yunanistan&#8217;a gelecek olanlara 7 g\u00fcnl\u00fck ev karantinas\u0131&#8230;"}]},{"@type":"WebSite","@id":"https:\/\/batitrakya.live\/#website","url":"https:\/\/batitrakya.live\/","name":"Bat\u0131 Trakya Haber","description":"Bat\u0131 Trakyan\u0131n internetteki sesi..","potentialAction":[{"@type":"SearchAction","target":{"@type":"EntryPoint","urlTemplate":"https:\/\/batitrakya.live\/?s={search_term_string}"},"query-input":{"@type":"PropertyValueSpecification","valueRequired":true,"valueName":"search_term_string"}}],"inLanguage":"tr"},{"@type":"Person","@id":"https:\/\/batitrakya.live\/#\/schema\/person\/61b86abbc19e5fa0bbc3059670546fe5","name":"tamer","image":{"@type":"ImageObject","inLanguage":"tr","@id":"https:\/\/secure.gravatar.com\/avatar\/60b0ff14c4376999cea9565d28b91fc61ff0f727c28cd083506a6d83ad6df9c9?s=96&d=mm&r=g","url":"https:\/\/secure.gravatar.com\/avatar\/60b0ff14c4376999cea9565d28b91fc61ff0f727c28cd083506a6d83ad6df9c9?s=96&d=mm&r=g","contentUrl":"https:\/\/secure.gravatar.com\/avatar\/60b0ff14c4376999cea9565d28b91fc61ff0f727c28cd083506a6d83ad6df9c9?s=96&d=mm&r=g","caption":"tamer"},"sameAs":["https:\/\/batitrakya.live"],"url":"https:\/\/batitrakya.live\/index.php\/author\/tamer\/"}]}},"_links":{"self":[{"href":"https:\/\/batitrakya.live\/index.php\/wp-json\/wp\/v2\/posts\/30568","targetHints":{"allow":["GET"]}}],"collection":[{"href":"https:\/\/batitrakya.live\/index.php\/wp-json\/wp\/v2\/posts"}],"about":[{"href":"https:\/\/batitrakya.live\/index.php\/wp-json\/wp\/v2\/types\/post"}],"author":[{"embeddable":true,"href":"https:\/\/batitrakya.live\/index.php\/wp-json\/wp\/v2\/users\/1"}],"replies":[{"embeddable":true,"href":"https:\/\/batitrakya.live\/index.php\/wp-json\/wp\/v2\/comments?post=30568"}],"version-history":[{"count":0,"href":"https:\/\/batitrakya.live\/index.php\/wp-json\/wp\/v2\/posts\/30568\/revisions"}],"wp:featuredmedia":[{"embeddable":true,"href":"https:\/\/batitrakya.live\/index.php\/wp-json\/wp\/v2\/media\/30569"}],"wp:attachment":[{"href":"https:\/\/batitrakya.live\/index.php\/wp-json\/wp\/v2\/media?parent=30568"}],"wp:term":[{"taxonomy":"category","embeddable":true,"href":"https:\/\/batitrakya.live\/index.php\/wp-json\/wp\/v2\/categories?post=30568"},{"taxonomy":"post_tag","embeddable":true,"href":"https:\/\/batitrakya.live\/index.php\/wp-json\/wp\/v2\/tags?post=30568"}],"curies":[{"name":"wp","href":"https:\/\/api.w.org\/{rel}","templated":true}]}}