{"id":30438,"date":"2020-12-11T19:00:37","date_gmt":"2020-12-11T18:00:37","guid":{"rendered":"https:\/\/batitrakya.live\/?p=30438"},"modified":"2020-12-11T19:00:37","modified_gmt":"2020-12-11T18:00:37","slug":"yunanistanda-halk-kovid-19-asisina-temkinli-yaklasiyor","status":"publish","type":"post","link":"https:\/\/batitrakya.live\/index.php\/yunanistanda-halk-kovid-19-asisina-temkinli-yaklasiyor\/","title":{"rendered":"Yunanistan&#8217;da halk Kovid-19 a\u015f\u0131s\u0131na temkinli yakla\u015f\u0131yor&#8230;"},"content":{"rendered":"<p>Kamuoyu ara\u015ft\u0131rma \u015firketi ALCO taraf\u0131ndan OPEN TV i\u00e7in yap\u0131lan ankete kat\u0131lanlar\u0131n y\u00fczde 42\u2019si a\u015f\u0131y\u0131 yapt\u0131rmak i\u00e7in bir s\u00fcre bekleyece\u011fini belirtti. Y\u00fczde 19\u2019luk bir oran ise hi\u00e7 a\u015f\u0131 yapt\u0131rmay\u0131 d\u00fc\u015f\u00fcnmedi\u011fini s\u00f6yledi.<\/p>\n<p>Kovid -19 a\u015f\u0131s\u0131yla ilgili ankete kat\u0131lanlar\u0131n, \u201cKovid -19 a\u015f\u0131s\u0131n\u0131 hemen yapt\u0131racak m\u0131s\u0131n\u0131z?\u201d sorusuna verdi\u011fi cevaplar \u015f\u00f6yle:<\/p>\n<p><strong>&#8211; Birka\u00e7 ay bekleyece\u011fim (% 42)<\/strong><br \/>\n<strong>&#8211; A\u015f\u0131y\u0131 hemen yapt\u0131raca\u011f\u0131m (% 33)<\/strong><br \/>\n<strong>&#8211; A\u015f\u0131y\u0131 yapt\u0131rmayaca\u011f\u0131m (% 19)<\/strong><br \/>\n<strong>&#8211; Cevap vermiyorum (% 6)<\/strong><\/p>\n<p>A\u015f\u0131y\u0131 yapt\u0131rmayaca\u011f\u0131n\u0131 s\u00f6yleyenlerin \u00e7o\u011fu gen\u00e7lerden olu\u015fuyor; ya\u015fl\u0131lar\u0131n ise daha \u00e7ok a\u015f\u0131y\u0131 yapt\u0131rma e\u011filiminde oldu\u011fu g\u00f6r\u00fcl\u00fcyor.<\/p>\n<p>\u00d6te yandan, vatanda\u015flar\u0131n y\u00fczde 64\u2019\u00fc Kovid -19 \u00f6nlemleriyle ilgili bilim kurulunun iyi \u00e7al\u0131\u015ft\u0131\u011f\u0131na, y\u00fczde 24\u2019\u00fc ise iyi \u00e7al\u0131\u015fmad\u0131\u011f\u0131na inan\u0131yor. Ankete kat\u0131lanlar\u0131n y\u00fczde 12\u2019si ise bu soruya cevap vermiyor.<\/p>\n<p>Kuzey Yunanistan\u2019da salg\u0131n\u0131n neden patlama yapt\u0131\u011f\u0131na ili\u015fkin soruya yan\u0131t veren vatanda\u015flar\u0131n y\u00fczde 46\u2019s\u0131 gerekli \u00f6nlemlerin al\u0131nmas\u0131nda gecikme ya\u015fand\u0131\u011f\u0131na inan\u0131yor. Vatanda\u015flar\u0131n y\u00fczde 31\u2019i ise halk\u0131n \u00f6nlemlere uymad\u0131\u011f\u0131n\u0131 ve bunun sonucunda da vakalarda patlama ya\u015fand\u0131\u011f\u0131na inan\u0131yor.<\/p>\n<p>Bu arada, ankete kat\u0131lanlar\u0131n y\u00fczde 38\u2019i, \u201c\u0130ktidarda S\u0130R\u0130ZA olsayd\u0131 salg\u0131nla m\u00fccadelede daha ba\u015far\u0131l\u0131 olur muydu?\u201d sorusuna \u201chay\u0131r\u201d, y\u00fczde 17\u2019si de \u201cevet\u201d yan\u0131t\u0131n\u0131 verdi.<\/p>\n","protected":false},"excerpt":{"rendered":"<p>Kamuoyu ara\u015ft\u0131rma \u015firketi ALCO taraf\u0131ndan OPEN TV i\u00e7in yap\u0131lan ankete kat\u0131lanlar\u0131n y\u00fczde 42\u2019si a\u015f\u0131y\u0131 yapt\u0131rmak i\u00e7in bir s\u00fcre bekleyece\u011fini belirtti. Y\u00fczde 19\u2019luk bir oran ise hi\u00e7 a\u015f\u0131 yapt\u0131rmay\u0131 d\u00fc\u015f\u00fcnmedi\u011fini s\u00f6yledi. Kovid -19 a\u015f\u0131s\u0131yla ilgili ankete kat\u0131lanlar\u0131n, \u201cKovid -19 a\u015f\u0131s\u0131n\u0131 hemen yapt\u0131racak m\u0131s\u0131n\u0131z?\u201d sorusuna verdi\u011fi cevaplar \u015f\u00f6yle: &#8211; Birka\u00e7 ay bekleyece\u011fim (% 42) &#8211; A\u015f\u0131y\u0131 hemen &hellip;<\/p>\n","protected":false},"author":1,"featured_media":30439,"comment_status":"open","ping_status":"open","sticky":false,"template":"","format":"standard","meta":{"footnotes":""},"categories":[24],"tags":[242],"class_list":["post-30438","post","type-post","status-publish","format-standard","has-post-thumbnail","hentry","category-bati-trakyam-haber","tag-asi"],"yoast_head":"<!-- This site is optimized with the Yoast SEO Premium plugin v26.3 (Yoast SEO v27.3) - https:\/\/yoast.com\/product\/yoast-seo-premium-wordpress\/ -->\n<title>Yunanistan&#039;da halk Kovid-19 a\u015f\u0131s\u0131na temkinli yakla\u015f\u0131yor... - Bat\u0131 Trakya Haber<\/title>\n<meta name=\"robots\" content=\"index, follow, max-snippet:-1, max-image-preview:large, max-video-preview:-1\" \/>\n<link rel=\"canonical\" href=\"https:\/\/batitrakya.live\/index.php\/yunanistanda-halk-kovid-19-asisina-temkinli-yaklasiyor\/\" \/>\n<meta property=\"og:locale\" content=\"tr_TR\" \/>\n<meta property=\"og:type\" content=\"article\" \/>\n<meta property=\"og:title\" content=\"Yunanistan&#039;da halk Kovid-19 a\u015f\u0131s\u0131na temkinli yakla\u015f\u0131yor...\" \/>\n<meta property=\"og:description\" content=\"Kamuoyu ara\u015ft\u0131rma \u015firketi ALCO taraf\u0131ndan OPEN TV i\u00e7in yap\u0131lan ankete kat\u0131lanlar\u0131n y\u00fczde 42\u2019si a\u015f\u0131y\u0131 yapt\u0131rmak i\u00e7in bir s\u00fcre bekleyece\u011fini belirtti. Y\u00fczde 19\u2019luk bir oran ise hi\u00e7 a\u015f\u0131 yapt\u0131rmay\u0131 d\u00fc\u015f\u00fcnmedi\u011fini s\u00f6yledi. Kovid -19 a\u015f\u0131s\u0131yla ilgili ankete kat\u0131lanlar\u0131n, \u201cKovid -19 a\u015f\u0131s\u0131n\u0131 hemen yapt\u0131racak m\u0131s\u0131n\u0131z?\u201d sorusuna verdi\u011fi cevaplar \u015f\u00f6yle: &#8211; Birka\u00e7 ay bekleyece\u011fim (% 42) &#8211; A\u015f\u0131y\u0131 hemen &hellip;\" \/>\n<meta property=\"og:url\" content=\"https:\/\/batitrakya.live\/index.php\/yunanistanda-halk-kovid-19-asisina-temkinli-yaklasiyor\/\" \/>\n<meta property=\"og:site_name\" content=\"Bat\u0131 Trakya Haber\" \/>\n<meta property=\"article:published_time\" content=\"2020-12-11T18:00:37+00:00\" \/>\n<meta property=\"og:image\" content=\"https:\/\/batitrakya.live\/wp-content\/uploads\/2020\/12\/asi-shutter_.jpg\" \/>\n\t<meta property=\"og:image:width\" content=\"720\" \/>\n\t<meta property=\"og:image:height\" content=\"348\" \/>\n\t<meta property=\"og:image:type\" content=\"image\/jpeg\" \/>\n<meta name=\"author\" content=\"tamer\" \/>\n<meta name=\"twitter:card\" content=\"summary_large_image\" \/>\n<meta name=\"twitter:label1\" content=\"Yazan:\" \/>\n\t<meta name=\"twitter:data1\" content=\"tamer\" \/>\n\t<meta name=\"twitter:label2\" content=\"Tahmini okuma s\u00fcresi\" \/>\n\t<meta name=\"twitter:data2\" content=\"1 dakika\" \/>\n<script type=\"application\/ld+json\" class=\"yoast-schema-graph\">{\"@context\":\"https:\\\/\\\/schema.org\",\"@graph\":[{\"@type\":\"Article\",\"@id\":\"https:\\\/\\\/batitrakya.live\\\/index.php\\\/yunanistanda-halk-kovid-19-asisina-temkinli-yaklasiyor\\\/#article\",\"isPartOf\":{\"@id\":\"https:\\\/\\\/batitrakya.live\\\/index.php\\\/yunanistanda-halk-kovid-19-asisina-temkinli-yaklasiyor\\\/\"},\"author\":{\"name\":\"tamer\",\"@id\":\"https:\\\/\\\/batitrakya.live\\\/#\\\/schema\\\/person\\\/61b86abbc19e5fa0bbc3059670546fe5\"},\"headline\":\"Yunanistan&#8217;da halk Kovid-19 a\u015f\u0131s\u0131na temkinli yakla\u015f\u0131yor&#8230;\",\"datePublished\":\"2020-12-11T18:00:37+00:00\",\"mainEntityOfPage\":{\"@id\":\"https:\\\/\\\/batitrakya.live\\\/index.php\\\/yunanistanda-halk-kovid-19-asisina-temkinli-yaklasiyor\\\/\"},\"wordCount\":268,\"commentCount\":0,\"image\":{\"@id\":\"https:\\\/\\\/batitrakya.live\\\/index.php\\\/yunanistanda-halk-kovid-19-asisina-temkinli-yaklasiyor\\\/#primaryimage\"},\"thumbnailUrl\":\"https:\\\/\\\/batitrakya.live\\\/wp-content\\\/uploads\\\/2020\\\/12\\\/asi-shutter_.jpg\",\"keywords\":[\"A\u015f\u0131\"],\"articleSection\":[\"Bat\u0131 Trakyam Haber\"],\"inLanguage\":\"tr\",\"potentialAction\":[{\"@type\":\"CommentAction\",\"name\":\"Comment\",\"target\":[\"https:\\\/\\\/batitrakya.live\\\/index.php\\\/yunanistanda-halk-kovid-19-asisina-temkinli-yaklasiyor\\\/#respond\"]}],\"copyrightYear\":\"2020\",\"copyrightHolder\":{\"@id\":\"https:\\\/\\\/batitrakya.live\\\/#organization\"}},{\"@type\":\"WebPage\",\"@id\":\"https:\\\/\\\/batitrakya.live\\\/index.php\\\/yunanistanda-halk-kovid-19-asisina-temkinli-yaklasiyor\\\/\",\"url\":\"https:\\\/\\\/batitrakya.live\\\/index.php\\\/yunanistanda-halk-kovid-19-asisina-temkinli-yaklasiyor\\\/\",\"name\":\"Yunanistan'da halk Kovid-19 a\u015f\u0131s\u0131na temkinli yakla\u015f\u0131yor... - Bat\u0131 Trakya Haber\",\"isPartOf\":{\"@id\":\"https:\\\/\\\/batitrakya.live\\\/#website\"},\"primaryImageOfPage\":{\"@id\":\"https:\\\/\\\/batitrakya.live\\\/index.php\\\/yunanistanda-halk-kovid-19-asisina-temkinli-yaklasiyor\\\/#primaryimage\"},\"image\":{\"@id\":\"https:\\\/\\\/batitrakya.live\\\/index.php\\\/yunanistanda-halk-kovid-19-asisina-temkinli-yaklasiyor\\\/#primaryimage\"},\"thumbnailUrl\":\"https:\\\/\\\/batitrakya.live\\\/wp-content\\\/uploads\\\/2020\\\/12\\\/asi-shutter_.jpg\",\"datePublished\":\"2020-12-11T18:00:37+00:00\",\"author\":{\"@id\":\"https:\\\/\\\/batitrakya.live\\\/#\\\/schema\\\/person\\\/61b86abbc19e5fa0bbc3059670546fe5\"},\"breadcrumb\":{\"@id\":\"https:\\\/\\\/batitrakya.live\\\/index.php\\\/yunanistanda-halk-kovid-19-asisina-temkinli-yaklasiyor\\\/#breadcrumb\"},\"inLanguage\":\"tr\",\"potentialAction\":[{\"@type\":\"ReadAction\",\"target\":[\"https:\\\/\\\/batitrakya.live\\\/index.php\\\/yunanistanda-halk-kovid-19-asisina-temkinli-yaklasiyor\\\/\"]}]},{\"@type\":\"ImageObject\",\"inLanguage\":\"tr\",\"@id\":\"https:\\\/\\\/batitrakya.live\\\/index.php\\\/yunanistanda-halk-kovid-19-asisina-temkinli-yaklasiyor\\\/#primaryimage\",\"url\":\"https:\\\/\\\/batitrakya.live\\\/wp-content\\\/uploads\\\/2020\\\/12\\\/asi-shutter_.jpg\",\"contentUrl\":\"https:\\\/\\\/batitrakya.live\\\/wp-content\\\/uploads\\\/2020\\\/12\\\/asi-shutter_.jpg\",\"width\":720,\"height\":348},{\"@type\":\"BreadcrumbList\",\"@id\":\"https:\\\/\\\/batitrakya.live\\\/index.php\\\/yunanistanda-halk-kovid-19-asisina-temkinli-yaklasiyor\\\/#breadcrumb\",\"itemListElement\":[{\"@type\":\"ListItem\",\"position\":1,\"name\":\"Anasayfa\",\"item\":\"https:\\\/\\\/batitrakya.live\\\/\"},{\"@type\":\"ListItem\",\"position\":2,\"name\":\"Yunanistan&#8217;da halk Kovid-19 a\u015f\u0131s\u0131na temkinli yakla\u015f\u0131yor&#8230;\"}]},{\"@type\":\"WebSite\",\"@id\":\"https:\\\/\\\/batitrakya.live\\\/#website\",\"url\":\"https:\\\/\\\/batitrakya.live\\\/\",\"name\":\"Bat\u0131 Trakya Haber\",\"description\":\"Bat\u0131 Trakyan\u0131n internetteki sesi..\",\"potentialAction\":[{\"@type\":\"SearchAction\",\"target\":{\"@type\":\"EntryPoint\",\"urlTemplate\":\"https:\\\/\\\/batitrakya.live\\\/?s={search_term_string}\"},\"query-input\":{\"@type\":\"PropertyValueSpecification\",\"valueRequired\":true,\"valueName\":\"search_term_string\"}}],\"inLanguage\":\"tr\"},{\"@type\":\"Person\",\"@id\":\"https:\\\/\\\/batitrakya.live\\\/#\\\/schema\\\/person\\\/61b86abbc19e5fa0bbc3059670546fe5\",\"name\":\"tamer\",\"image\":{\"@type\":\"ImageObject\",\"inLanguage\":\"tr\",\"@id\":\"https:\\\/\\\/secure.gravatar.com\\\/avatar\\\/60b0ff14c4376999cea9565d28b91fc61ff0f727c28cd083506a6d83ad6df9c9?s=96&d=mm&r=g\",\"url\":\"https:\\\/\\\/secure.gravatar.com\\\/avatar\\\/60b0ff14c4376999cea9565d28b91fc61ff0f727c28cd083506a6d83ad6df9c9?s=96&d=mm&r=g\",\"contentUrl\":\"https:\\\/\\\/secure.gravatar.com\\\/avatar\\\/60b0ff14c4376999cea9565d28b91fc61ff0f727c28cd083506a6d83ad6df9c9?s=96&d=mm&r=g\",\"caption\":\"tamer\"},\"sameAs\":[\"https:\\\/\\\/batitrakya.live\"],\"url\":\"https:\\\/\\\/batitrakya.live\\\/index.php\\\/author\\\/tamer\\\/\"}]}<\/script>\n<!-- \/ Yoast SEO Premium plugin. -->","yoast_head_json":{"title":"Yunanistan'da halk Kovid-19 a\u015f\u0131s\u0131na temkinli yakla\u015f\u0131yor... - Bat\u0131 Trakya Haber","robots":{"index":"index","follow":"follow","max-snippet":"max-snippet:-1","max-image-preview":"max-image-preview:large","max-video-preview":"max-video-preview:-1"},"canonical":"https:\/\/batitrakya.live\/index.php\/yunanistanda-halk-kovid-19-asisina-temkinli-yaklasiyor\/","og_locale":"tr_TR","og_type":"article","og_title":"Yunanistan'da halk Kovid-19 a\u015f\u0131s\u0131na temkinli yakla\u015f\u0131yor...","og_description":"Kamuoyu ara\u015ft\u0131rma \u015firketi ALCO taraf\u0131ndan OPEN TV i\u00e7in yap\u0131lan ankete kat\u0131lanlar\u0131n y\u00fczde 42\u2019si a\u015f\u0131y\u0131 yapt\u0131rmak i\u00e7in bir s\u00fcre bekleyece\u011fini belirtti. Y\u00fczde 19\u2019luk bir oran ise hi\u00e7 a\u015f\u0131 yapt\u0131rmay\u0131 d\u00fc\u015f\u00fcnmedi\u011fini s\u00f6yledi. Kovid -19 a\u015f\u0131s\u0131yla ilgili ankete kat\u0131lanlar\u0131n, \u201cKovid -19 a\u015f\u0131s\u0131n\u0131 hemen yapt\u0131racak m\u0131s\u0131n\u0131z?\u201d sorusuna verdi\u011fi cevaplar \u015f\u00f6yle: &#8211; Birka\u00e7 ay bekleyece\u011fim (% 42) &#8211; A\u015f\u0131y\u0131 hemen &hellip;","og_url":"https:\/\/batitrakya.live\/index.php\/yunanistanda-halk-kovid-19-asisina-temkinli-yaklasiyor\/","og_site_name":"Bat\u0131 Trakya Haber","article_published_time":"2020-12-11T18:00:37+00:00","og_image":[{"width":720,"height":348,"url":"https:\/\/batitrakya.live\/wp-content\/uploads\/2020\/12\/asi-shutter_.jpg","type":"image\/jpeg"}],"author":"tamer","twitter_card":"summary_large_image","twitter_misc":{"Yazan:":"tamer","Tahmini okuma s\u00fcresi":"1 dakika"},"schema":{"@context":"https:\/\/schema.org","@graph":[{"@type":"Article","@id":"https:\/\/batitrakya.live\/index.php\/yunanistanda-halk-kovid-19-asisina-temkinli-yaklasiyor\/#article","isPartOf":{"@id":"https:\/\/batitrakya.live\/index.php\/yunanistanda-halk-kovid-19-asisina-temkinli-yaklasiyor\/"},"author":{"name":"tamer","@id":"https:\/\/batitrakya.live\/#\/schema\/person\/61b86abbc19e5fa0bbc3059670546fe5"},"headline":"Yunanistan&#8217;da halk Kovid-19 a\u015f\u0131s\u0131na temkinli yakla\u015f\u0131yor&#8230;","datePublished":"2020-12-11T18:00:37+00:00","mainEntityOfPage":{"@id":"https:\/\/batitrakya.live\/index.php\/yunanistanda-halk-kovid-19-asisina-temkinli-yaklasiyor\/"},"wordCount":268,"commentCount":0,"image":{"@id":"https:\/\/batitrakya.live\/index.php\/yunanistanda-halk-kovid-19-asisina-temkinli-yaklasiyor\/#primaryimage"},"thumbnailUrl":"https:\/\/batitrakya.live\/wp-content\/uploads\/2020\/12\/asi-shutter_.jpg","keywords":["A\u015f\u0131"],"articleSection":["Bat\u0131 Trakyam Haber"],"inLanguage":"tr","potentialAction":[{"@type":"CommentAction","name":"Comment","target":["https:\/\/batitrakya.live\/index.php\/yunanistanda-halk-kovid-19-asisina-temkinli-yaklasiyor\/#respond"]}],"copyrightYear":"2020","copyrightHolder":{"@id":"https:\/\/batitrakya.live\/#organization"}},{"@type":"WebPage","@id":"https:\/\/batitrakya.live\/index.php\/yunanistanda-halk-kovid-19-asisina-temkinli-yaklasiyor\/","url":"https:\/\/batitrakya.live\/index.php\/yunanistanda-halk-kovid-19-asisina-temkinli-yaklasiyor\/","name":"Yunanistan'da halk Kovid-19 a\u015f\u0131s\u0131na temkinli yakla\u015f\u0131yor... - Bat\u0131 Trakya Haber","isPartOf":{"@id":"https:\/\/batitrakya.live\/#website"},"primaryImageOfPage":{"@id":"https:\/\/batitrakya.live\/index.php\/yunanistanda-halk-kovid-19-asisina-temkinli-yaklasiyor\/#primaryimage"},"image":{"@id":"https:\/\/batitrakya.live\/index.php\/yunanistanda-halk-kovid-19-asisina-temkinli-yaklasiyor\/#primaryimage"},"thumbnailUrl":"https:\/\/batitrakya.live\/wp-content\/uploads\/2020\/12\/asi-shutter_.jpg","datePublished":"2020-12-11T18:00:37+00:00","author":{"@id":"https:\/\/batitrakya.live\/#\/schema\/person\/61b86abbc19e5fa0bbc3059670546fe5"},"breadcrumb":{"@id":"https:\/\/batitrakya.live\/index.php\/yunanistanda-halk-kovid-19-asisina-temkinli-yaklasiyor\/#breadcrumb"},"inLanguage":"tr","potentialAction":[{"@type":"ReadAction","target":["https:\/\/batitrakya.live\/index.php\/yunanistanda-halk-kovid-19-asisina-temkinli-yaklasiyor\/"]}]},{"@type":"ImageObject","inLanguage":"tr","@id":"https:\/\/batitrakya.live\/index.php\/yunanistanda-halk-kovid-19-asisina-temkinli-yaklasiyor\/#primaryimage","url":"https:\/\/batitrakya.live\/wp-content\/uploads\/2020\/12\/asi-shutter_.jpg","contentUrl":"https:\/\/batitrakya.live\/wp-content\/uploads\/2020\/12\/asi-shutter_.jpg","width":720,"height":348},{"@type":"BreadcrumbList","@id":"https:\/\/batitrakya.live\/index.php\/yunanistanda-halk-kovid-19-asisina-temkinli-yaklasiyor\/#breadcrumb","itemListElement":[{"@type":"ListItem","position":1,"name":"Anasayfa","item":"https:\/\/batitrakya.live\/"},{"@type":"ListItem","position":2,"name":"Yunanistan&#8217;da halk Kovid-19 a\u015f\u0131s\u0131na temkinli yakla\u015f\u0131yor&#8230;"}]},{"@type":"WebSite","@id":"https:\/\/batitrakya.live\/#website","url":"https:\/\/batitrakya.live\/","name":"Bat\u0131 Trakya Haber","description":"Bat\u0131 Trakyan\u0131n internetteki sesi..","potentialAction":[{"@type":"SearchAction","target":{"@type":"EntryPoint","urlTemplate":"https:\/\/batitrakya.live\/?s={search_term_string}"},"query-input":{"@type":"PropertyValueSpecification","valueRequired":true,"valueName":"search_term_string"}}],"inLanguage":"tr"},{"@type":"Person","@id":"https:\/\/batitrakya.live\/#\/schema\/person\/61b86abbc19e5fa0bbc3059670546fe5","name":"tamer","image":{"@type":"ImageObject","inLanguage":"tr","@id":"https:\/\/secure.gravatar.com\/avatar\/60b0ff14c4376999cea9565d28b91fc61ff0f727c28cd083506a6d83ad6df9c9?s=96&d=mm&r=g","url":"https:\/\/secure.gravatar.com\/avatar\/60b0ff14c4376999cea9565d28b91fc61ff0f727c28cd083506a6d83ad6df9c9?s=96&d=mm&r=g","contentUrl":"https:\/\/secure.gravatar.com\/avatar\/60b0ff14c4376999cea9565d28b91fc61ff0f727c28cd083506a6d83ad6df9c9?s=96&d=mm&r=g","caption":"tamer"},"sameAs":["https:\/\/batitrakya.live"],"url":"https:\/\/batitrakya.live\/index.php\/author\/tamer\/"}]}},"_links":{"self":[{"href":"https:\/\/batitrakya.live\/index.php\/wp-json\/wp\/v2\/posts\/30438","targetHints":{"allow":["GET"]}}],"collection":[{"href":"https:\/\/batitrakya.live\/index.php\/wp-json\/wp\/v2\/posts"}],"about":[{"href":"https:\/\/batitrakya.live\/index.php\/wp-json\/wp\/v2\/types\/post"}],"author":[{"embeddable":true,"href":"https:\/\/batitrakya.live\/index.php\/wp-json\/wp\/v2\/users\/1"}],"replies":[{"embeddable":true,"href":"https:\/\/batitrakya.live\/index.php\/wp-json\/wp\/v2\/comments?post=30438"}],"version-history":[{"count":0,"href":"https:\/\/batitrakya.live\/index.php\/wp-json\/wp\/v2\/posts\/30438\/revisions"}],"wp:featuredmedia":[{"embeddable":true,"href":"https:\/\/batitrakya.live\/index.php\/wp-json\/wp\/v2\/media\/30439"}],"wp:attachment":[{"href":"https:\/\/batitrakya.live\/index.php\/wp-json\/wp\/v2\/media?parent=30438"}],"wp:term":[{"taxonomy":"category","embeddable":true,"href":"https:\/\/batitrakya.live\/index.php\/wp-json\/wp\/v2\/categories?post=30438"},{"taxonomy":"post_tag","embeddable":true,"href":"https:\/\/batitrakya.live\/index.php\/wp-json\/wp\/v2\/tags?post=30438"}],"curies":[{"name":"wp","href":"https:\/\/api.w.org\/{rel}","templated":true}]}}