{"id":30415,"date":"2020-12-10T19:15:30","date_gmt":"2020-12-10T18:15:30","guid":{"rendered":"https:\/\/batitrakya.live\/?p=30415"},"modified":"2020-12-10T19:15:30","modified_gmt":"2020-12-10T18:15:30","slug":"azinligimizin-lozandan-dogan-haklarini-yuksek-sesle-talep-ediyorum","status":"publish","type":"post","link":"https:\/\/batitrakya.live\/index.php\/azinligimizin-lozandan-dogan-haklarini-yuksek-sesle-talep-ediyorum\/","title":{"rendered":"Az\u0131nl\u0131\u011f\u0131m\u0131z\u0131n Lozan\u2019dan do\u011fan haklar\u0131n\u0131 y\u00fcksek sesle talep ediyorum&#8230;"},"content":{"rendered":"<p>Dostluk E\u015fitlik Bar\u0131\u015f (DEB) Partisi Genel Ba\u015fkan\u0131 \u00c7i\u011fdem Asafo\u011flu 10 Aral\u0131k D\u00fcnya \u0130nsan Haklar\u0131 g\u00fcn\u00fc dolay\u0131s\u0131yla bir mesaj yay\u0131nlad\u0131.<\/p>\n<p>DEB Partisi Ba\u015fkan\u0131 Asafo\u011flu taraf\u0131ndan yay\u0131nlanan mesajda Az\u0131nl\u0131\u011f\u0131n insan ve az\u0131nl\u0131k haklar\u0131na vurgu yap\u0131larak Bat\u0131 Trakya T\u00fcrk Az\u0131nl\u0131\u011f\u0131n\u0131n Lozan&#8217;dan do\u011fan haklar\u0131 bir kez daha y\u00fcksek sesle talep edildi.<\/p>\n<p>A\u00e7\u0131klamada \u015fu ifadelere yer verildi:<\/p>\n<p><em><strong>&#8220;D\u00fcnyam\u0131zda son y\u0131llarda hak ve h\u00fcrriyetler ba\u011flam\u0131nda insanl\u0131k \u00f6nemli s\u0131navlar vermekte iken t\u00fcm temennimiz insanlar aras\u0131nda \u0131rk, din, renk, ya\u015f ve cinsiyet ayr\u0131m\u0131 yap\u0131lmadan, sevgi, sayg\u0131 ve dostluk duygular\u0131n\u0131n geli\u015fmesidir. \u0130nsan haklar\u0131, ki\u015fiyi kendi \u00f6z\u00fcyle ya\u015fatacak kurallard\u0131r. \u0130nsan\u0131n insana h\u00fckmetmesi, onu ezmesi insan onuruna yak\u0131\u015fmayan ve kabul edilemeyecek bir davran\u0131\u015ft\u0131r. \u0130nsanlar aras\u0131nda hak, e\u015fitlik, adalet ve \u00f6zg\u00fcrl\u00fck d\u00fc\u015f\u00fcncesine her zaman sayg\u0131 g\u00f6sterilmelidir.<\/strong><\/em><\/p>\n<p><em><strong>\u0130nsan Haklar\u0131 G\u00fcn\u00fc m\u00fcnasebetiyle bir kez daha az\u0131nl\u0131\u011f\u0131m\u0131z\u0131n Lozan\u2019dan do\u011fan haklar\u0131n\u0131 y\u00fcksek sesle talep ediyorum. Bu taleplerimize \u00fclkemiz Yunanistan taraf\u0131ndan anlay\u0131\u015f ve ho\u015fg\u00f6r\u00fc bekliyorum. Daha \u00f6nce bir \u00e7ok kez belirtti\u011fimiz gibi Az\u0131nl\u0131\u011f\u0131m\u0131zla diyalog kurulmas\u0131 halinde t\u00fcm sorunlar\u0131n \u00e7\u00f6z\u00fclebilece\u011fine g\u00f6n\u00fclden inan\u0131yorum.<\/strong><\/em><\/p>\n<p><em><strong>Birle\u015fmi\u015f Milletler \u0130nsan Haklar\u0131 Evrensel Beyannamesi\u2019nin y\u0131l d\u00f6n\u00fcm\u00fc vesilesiyle az\u0131nl\u0131\u011f\u0131m\u0131z\u0131n, vatanda\u015flar\u0131m\u0131z\u0131n ve t\u00fcm D\u00fcnya milletlerinin \u0130nsan Haklar\u0131 G\u00fcn\u00fc\u2019n\u00fc g\u00f6n\u00fclden kutluyorum. D\u00fcnya \u0130nsan Haklar\u0131 G\u00fcn\u00fc\u2019n\u00fcn az\u0131nl\u0131\u011f\u0131m\u0131za, \u00fclkemize ve t\u00fcm insanl\u0131\u011fa bar\u0131\u015f, huzur ve adalet getirmesini temenni ediyorum.&#8221;<\/strong><\/em><\/p>\n","protected":false},"excerpt":{"rendered":"<p>Dostluk E\u015fitlik Bar\u0131\u015f (DEB) Partisi Genel Ba\u015fkan\u0131 \u00c7i\u011fdem Asafo\u011flu 10 Aral\u0131k D\u00fcnya \u0130nsan Haklar\u0131 g\u00fcn\u00fc dolay\u0131s\u0131yla bir mesaj yay\u0131nlad\u0131. DEB Partisi Ba\u015fkan\u0131 Asafo\u011flu taraf\u0131ndan yay\u0131nlanan mesajda Az\u0131nl\u0131\u011f\u0131n insan ve az\u0131nl\u0131k haklar\u0131na vurgu yap\u0131larak Bat\u0131 Trakya T\u00fcrk Az\u0131nl\u0131\u011f\u0131n\u0131n Lozan&#8217;dan do\u011fan haklar\u0131 bir kez daha y\u00fcksek sesle talep edildi. A\u00e7\u0131klamada \u015fu ifadelere yer verildi: &#8220;D\u00fcnyam\u0131zda son y\u0131llarda &hellip;<\/p>\n","protected":false},"author":1,"featured_media":30416,"comment_status":"open","ping_status":"open","sticky":false,"template":"","format":"standard","meta":{"footnotes":""},"categories":[24],"tags":[34],"class_list":["post-30415","post","type-post","status-publish","format-standard","has-post-thumbnail","hentry","category-bati-trakyam-haber","tag-deb"],"yoast_head":"<!-- This site is optimized with the Yoast SEO Premium plugin v26.3 (Yoast SEO v27.3) - https:\/\/yoast.com\/product\/yoast-seo-premium-wordpress\/ -->\n<title>Az\u0131nl\u0131\u011f\u0131m\u0131z\u0131n Lozan\u2019dan do\u011fan haklar\u0131n\u0131 y\u00fcksek sesle talep ediyorum... - Bat\u0131 Trakya Haber<\/title>\n<meta name=\"robots\" content=\"index, follow, max-snippet:-1, max-image-preview:large, max-video-preview:-1\" \/>\n<link rel=\"canonical\" href=\"https:\/\/batitrakya.live\/index.php\/azinligimizin-lozandan-dogan-haklarini-yuksek-sesle-talep-ediyorum\/\" \/>\n<meta property=\"og:locale\" content=\"tr_TR\" \/>\n<meta property=\"og:type\" content=\"article\" \/>\n<meta property=\"og:title\" content=\"Az\u0131nl\u0131\u011f\u0131m\u0131z\u0131n Lozan\u2019dan do\u011fan haklar\u0131n\u0131 y\u00fcksek sesle talep ediyorum...\" \/>\n<meta property=\"og:description\" content=\"Dostluk E\u015fitlik Bar\u0131\u015f (DEB) Partisi Genel Ba\u015fkan\u0131 \u00c7i\u011fdem Asafo\u011flu 10 Aral\u0131k D\u00fcnya \u0130nsan Haklar\u0131 g\u00fcn\u00fc dolay\u0131s\u0131yla bir mesaj yay\u0131nlad\u0131. DEB Partisi Ba\u015fkan\u0131 Asafo\u011flu taraf\u0131ndan yay\u0131nlanan mesajda Az\u0131nl\u0131\u011f\u0131n insan ve az\u0131nl\u0131k haklar\u0131na vurgu yap\u0131larak Bat\u0131 Trakya T\u00fcrk Az\u0131nl\u0131\u011f\u0131n\u0131n Lozan&#8217;dan do\u011fan haklar\u0131 bir kez daha y\u00fcksek sesle talep edildi. A\u00e7\u0131klamada \u015fu ifadelere yer verildi: &#8220;D\u00fcnyam\u0131zda son y\u0131llarda &hellip;\" \/>\n<meta property=\"og:url\" content=\"https:\/\/batitrakya.live\/index.php\/azinligimizin-lozandan-dogan-haklarini-yuksek-sesle-talep-ediyorum\/\" \/>\n<meta property=\"og:site_name\" content=\"Bat\u0131 Trakya Haber\" \/>\n<meta property=\"article:published_time\" content=\"2020-12-10T18:15:30+00:00\" \/>\n<meta property=\"og:image\" content=\"https:\/\/batitrakya.live\/wp-content\/uploads\/2020\/12\/cigdem_asafoglou.png\" \/>\n\t<meta property=\"og:image:width\" content=\"720\" \/>\n\t<meta property=\"og:image:height\" content=\"347\" \/>\n\t<meta property=\"og:image:type\" content=\"image\/png\" \/>\n<meta name=\"author\" content=\"tamer\" \/>\n<meta name=\"twitter:card\" content=\"summary_large_image\" \/>\n<meta name=\"twitter:label1\" content=\"Yazan:\" \/>\n\t<meta name=\"twitter:data1\" content=\"tamer\" \/>\n\t<meta name=\"twitter:label2\" content=\"Tahmini okuma s\u00fcresi\" \/>\n\t<meta name=\"twitter:data2\" content=\"1 dakika\" \/>\n<script type=\"application\/ld+json\" class=\"yoast-schema-graph\">{\"@context\":\"https:\\\/\\\/schema.org\",\"@graph\":[{\"@type\":\"Article\",\"@id\":\"https:\\\/\\\/batitrakya.live\\\/index.php\\\/azinligimizin-lozandan-dogan-haklarini-yuksek-sesle-talep-ediyorum\\\/#article\",\"isPartOf\":{\"@id\":\"https:\\\/\\\/batitrakya.live\\\/index.php\\\/azinligimizin-lozandan-dogan-haklarini-yuksek-sesle-talep-ediyorum\\\/\"},\"author\":{\"name\":\"tamer\",\"@id\":\"https:\\\/\\\/batitrakya.live\\\/#\\\/schema\\\/person\\\/61b86abbc19e5fa0bbc3059670546fe5\"},\"headline\":\"Az\u0131nl\u0131\u011f\u0131m\u0131z\u0131n Lozan\u2019dan do\u011fan haklar\u0131n\u0131 y\u00fcksek sesle talep ediyorum&#8230;\",\"datePublished\":\"2020-12-10T18:15:30+00:00\",\"mainEntityOfPage\":{\"@id\":\"https:\\\/\\\/batitrakya.live\\\/index.php\\\/azinligimizin-lozandan-dogan-haklarini-yuksek-sesle-talep-ediyorum\\\/\"},\"wordCount\":315,\"commentCount\":0,\"image\":{\"@id\":\"https:\\\/\\\/batitrakya.live\\\/index.php\\\/azinligimizin-lozandan-dogan-haklarini-yuksek-sesle-talep-ediyorum\\\/#primaryimage\"},\"thumbnailUrl\":\"https:\\\/\\\/batitrakya.live\\\/wp-content\\\/uploads\\\/2020\\\/12\\\/cigdem_asafoglou.png\",\"keywords\":[\"DEB\"],\"articleSection\":[\"Bat\u0131 Trakyam Haber\"],\"inLanguage\":\"tr\",\"potentialAction\":[{\"@type\":\"CommentAction\",\"name\":\"Comment\",\"target\":[\"https:\\\/\\\/batitrakya.live\\\/index.php\\\/azinligimizin-lozandan-dogan-haklarini-yuksek-sesle-talep-ediyorum\\\/#respond\"]}],\"copyrightYear\":\"2020\",\"copyrightHolder\":{\"@id\":\"https:\\\/\\\/batitrakya.live\\\/#organization\"}},{\"@type\":\"WebPage\",\"@id\":\"https:\\\/\\\/batitrakya.live\\\/index.php\\\/azinligimizin-lozandan-dogan-haklarini-yuksek-sesle-talep-ediyorum\\\/\",\"url\":\"https:\\\/\\\/batitrakya.live\\\/index.php\\\/azinligimizin-lozandan-dogan-haklarini-yuksek-sesle-talep-ediyorum\\\/\",\"name\":\"Az\u0131nl\u0131\u011f\u0131m\u0131z\u0131n Lozan\u2019dan do\u011fan haklar\u0131n\u0131 y\u00fcksek sesle talep ediyorum... - Bat\u0131 Trakya Haber\",\"isPartOf\":{\"@id\":\"https:\\\/\\\/batitrakya.live\\\/#website\"},\"primaryImageOfPage\":{\"@id\":\"https:\\\/\\\/batitrakya.live\\\/index.php\\\/azinligimizin-lozandan-dogan-haklarini-yuksek-sesle-talep-ediyorum\\\/#primaryimage\"},\"image\":{\"@id\":\"https:\\\/\\\/batitrakya.live\\\/index.php\\\/azinligimizin-lozandan-dogan-haklarini-yuksek-sesle-talep-ediyorum\\\/#primaryimage\"},\"thumbnailUrl\":\"https:\\\/\\\/batitrakya.live\\\/wp-content\\\/uploads\\\/2020\\\/12\\\/cigdem_asafoglou.png\",\"datePublished\":\"2020-12-10T18:15:30+00:00\",\"author\":{\"@id\":\"https:\\\/\\\/batitrakya.live\\\/#\\\/schema\\\/person\\\/61b86abbc19e5fa0bbc3059670546fe5\"},\"breadcrumb\":{\"@id\":\"https:\\\/\\\/batitrakya.live\\\/index.php\\\/azinligimizin-lozandan-dogan-haklarini-yuksek-sesle-talep-ediyorum\\\/#breadcrumb\"},\"inLanguage\":\"tr\",\"potentialAction\":[{\"@type\":\"ReadAction\",\"target\":[\"https:\\\/\\\/batitrakya.live\\\/index.php\\\/azinligimizin-lozandan-dogan-haklarini-yuksek-sesle-talep-ediyorum\\\/\"]}]},{\"@type\":\"ImageObject\",\"inLanguage\":\"tr\",\"@id\":\"https:\\\/\\\/batitrakya.live\\\/index.php\\\/azinligimizin-lozandan-dogan-haklarini-yuksek-sesle-talep-ediyorum\\\/#primaryimage\",\"url\":\"https:\\\/\\\/batitrakya.live\\\/wp-content\\\/uploads\\\/2020\\\/12\\\/cigdem_asafoglou.png\",\"contentUrl\":\"https:\\\/\\\/batitrakya.live\\\/wp-content\\\/uploads\\\/2020\\\/12\\\/cigdem_asafoglou.png\",\"width\":720,\"height\":347},{\"@type\":\"BreadcrumbList\",\"@id\":\"https:\\\/\\\/batitrakya.live\\\/index.php\\\/azinligimizin-lozandan-dogan-haklarini-yuksek-sesle-talep-ediyorum\\\/#breadcrumb\",\"itemListElement\":[{\"@type\":\"ListItem\",\"position\":1,\"name\":\"Anasayfa\",\"item\":\"https:\\\/\\\/batitrakya.live\\\/\"},{\"@type\":\"ListItem\",\"position\":2,\"name\":\"Az\u0131nl\u0131\u011f\u0131m\u0131z\u0131n Lozan\u2019dan do\u011fan haklar\u0131n\u0131 y\u00fcksek sesle talep ediyorum&#8230;\"}]},{\"@type\":\"WebSite\",\"@id\":\"https:\\\/\\\/batitrakya.live\\\/#website\",\"url\":\"https:\\\/\\\/batitrakya.live\\\/\",\"name\":\"Bat\u0131 Trakya Haber\",\"description\":\"Bat\u0131 Trakyan\u0131n internetteki sesi..\",\"potentialAction\":[{\"@type\":\"SearchAction\",\"target\":{\"@type\":\"EntryPoint\",\"urlTemplate\":\"https:\\\/\\\/batitrakya.live\\\/?s={search_term_string}\"},\"query-input\":{\"@type\":\"PropertyValueSpecification\",\"valueRequired\":true,\"valueName\":\"search_term_string\"}}],\"inLanguage\":\"tr\"},{\"@type\":\"Person\",\"@id\":\"https:\\\/\\\/batitrakya.live\\\/#\\\/schema\\\/person\\\/61b86abbc19e5fa0bbc3059670546fe5\",\"name\":\"tamer\",\"image\":{\"@type\":\"ImageObject\",\"inLanguage\":\"tr\",\"@id\":\"https:\\\/\\\/secure.gravatar.com\\\/avatar\\\/60b0ff14c4376999cea9565d28b91fc61ff0f727c28cd083506a6d83ad6df9c9?s=96&d=mm&r=g\",\"url\":\"https:\\\/\\\/secure.gravatar.com\\\/avatar\\\/60b0ff14c4376999cea9565d28b91fc61ff0f727c28cd083506a6d83ad6df9c9?s=96&d=mm&r=g\",\"contentUrl\":\"https:\\\/\\\/secure.gravatar.com\\\/avatar\\\/60b0ff14c4376999cea9565d28b91fc61ff0f727c28cd083506a6d83ad6df9c9?s=96&d=mm&r=g\",\"caption\":\"tamer\"},\"sameAs\":[\"https:\\\/\\\/batitrakya.live\"],\"url\":\"https:\\\/\\\/batitrakya.live\\\/index.php\\\/author\\\/tamer\\\/\"}]}<\/script>\n<!-- \/ Yoast SEO Premium plugin. -->","yoast_head_json":{"title":"Az\u0131nl\u0131\u011f\u0131m\u0131z\u0131n Lozan\u2019dan do\u011fan haklar\u0131n\u0131 y\u00fcksek sesle talep ediyorum... - Bat\u0131 Trakya Haber","robots":{"index":"index","follow":"follow","max-snippet":"max-snippet:-1","max-image-preview":"max-image-preview:large","max-video-preview":"max-video-preview:-1"},"canonical":"https:\/\/batitrakya.live\/index.php\/azinligimizin-lozandan-dogan-haklarini-yuksek-sesle-talep-ediyorum\/","og_locale":"tr_TR","og_type":"article","og_title":"Az\u0131nl\u0131\u011f\u0131m\u0131z\u0131n Lozan\u2019dan do\u011fan haklar\u0131n\u0131 y\u00fcksek sesle talep ediyorum...","og_description":"Dostluk E\u015fitlik Bar\u0131\u015f (DEB) Partisi Genel Ba\u015fkan\u0131 \u00c7i\u011fdem Asafo\u011flu 10 Aral\u0131k D\u00fcnya \u0130nsan Haklar\u0131 g\u00fcn\u00fc dolay\u0131s\u0131yla bir mesaj yay\u0131nlad\u0131. DEB Partisi Ba\u015fkan\u0131 Asafo\u011flu taraf\u0131ndan yay\u0131nlanan mesajda Az\u0131nl\u0131\u011f\u0131n insan ve az\u0131nl\u0131k haklar\u0131na vurgu yap\u0131larak Bat\u0131 Trakya T\u00fcrk Az\u0131nl\u0131\u011f\u0131n\u0131n Lozan&#8217;dan do\u011fan haklar\u0131 bir kez daha y\u00fcksek sesle talep edildi. A\u00e7\u0131klamada \u015fu ifadelere yer verildi: &#8220;D\u00fcnyam\u0131zda son y\u0131llarda &hellip;","og_url":"https:\/\/batitrakya.live\/index.php\/azinligimizin-lozandan-dogan-haklarini-yuksek-sesle-talep-ediyorum\/","og_site_name":"Bat\u0131 Trakya Haber","article_published_time":"2020-12-10T18:15:30+00:00","og_image":[{"width":720,"height":347,"url":"https:\/\/batitrakya.live\/wp-content\/uploads\/2020\/12\/cigdem_asafoglou.png","type":"image\/png"}],"author":"tamer","twitter_card":"summary_large_image","twitter_misc":{"Yazan:":"tamer","Tahmini okuma s\u00fcresi":"1 dakika"},"schema":{"@context":"https:\/\/schema.org","@graph":[{"@type":"Article","@id":"https:\/\/batitrakya.live\/index.php\/azinligimizin-lozandan-dogan-haklarini-yuksek-sesle-talep-ediyorum\/#article","isPartOf":{"@id":"https:\/\/batitrakya.live\/index.php\/azinligimizin-lozandan-dogan-haklarini-yuksek-sesle-talep-ediyorum\/"},"author":{"name":"tamer","@id":"https:\/\/batitrakya.live\/#\/schema\/person\/61b86abbc19e5fa0bbc3059670546fe5"},"headline":"Az\u0131nl\u0131\u011f\u0131m\u0131z\u0131n Lozan\u2019dan do\u011fan haklar\u0131n\u0131 y\u00fcksek sesle talep ediyorum&#8230;","datePublished":"2020-12-10T18:15:30+00:00","mainEntityOfPage":{"@id":"https:\/\/batitrakya.live\/index.php\/azinligimizin-lozandan-dogan-haklarini-yuksek-sesle-talep-ediyorum\/"},"wordCount":315,"commentCount":0,"image":{"@id":"https:\/\/batitrakya.live\/index.php\/azinligimizin-lozandan-dogan-haklarini-yuksek-sesle-talep-ediyorum\/#primaryimage"},"thumbnailUrl":"https:\/\/batitrakya.live\/wp-content\/uploads\/2020\/12\/cigdem_asafoglou.png","keywords":["DEB"],"articleSection":["Bat\u0131 Trakyam Haber"],"inLanguage":"tr","potentialAction":[{"@type":"CommentAction","name":"Comment","target":["https:\/\/batitrakya.live\/index.php\/azinligimizin-lozandan-dogan-haklarini-yuksek-sesle-talep-ediyorum\/#respond"]}],"copyrightYear":"2020","copyrightHolder":{"@id":"https:\/\/batitrakya.live\/#organization"}},{"@type":"WebPage","@id":"https:\/\/batitrakya.live\/index.php\/azinligimizin-lozandan-dogan-haklarini-yuksek-sesle-talep-ediyorum\/","url":"https:\/\/batitrakya.live\/index.php\/azinligimizin-lozandan-dogan-haklarini-yuksek-sesle-talep-ediyorum\/","name":"Az\u0131nl\u0131\u011f\u0131m\u0131z\u0131n Lozan\u2019dan do\u011fan haklar\u0131n\u0131 y\u00fcksek sesle talep ediyorum... - Bat\u0131 Trakya Haber","isPartOf":{"@id":"https:\/\/batitrakya.live\/#website"},"primaryImageOfPage":{"@id":"https:\/\/batitrakya.live\/index.php\/azinligimizin-lozandan-dogan-haklarini-yuksek-sesle-talep-ediyorum\/#primaryimage"},"image":{"@id":"https:\/\/batitrakya.live\/index.php\/azinligimizin-lozandan-dogan-haklarini-yuksek-sesle-talep-ediyorum\/#primaryimage"},"thumbnailUrl":"https:\/\/batitrakya.live\/wp-content\/uploads\/2020\/12\/cigdem_asafoglou.png","datePublished":"2020-12-10T18:15:30+00:00","author":{"@id":"https:\/\/batitrakya.live\/#\/schema\/person\/61b86abbc19e5fa0bbc3059670546fe5"},"breadcrumb":{"@id":"https:\/\/batitrakya.live\/index.php\/azinligimizin-lozandan-dogan-haklarini-yuksek-sesle-talep-ediyorum\/#breadcrumb"},"inLanguage":"tr","potentialAction":[{"@type":"ReadAction","target":["https:\/\/batitrakya.live\/index.php\/azinligimizin-lozandan-dogan-haklarini-yuksek-sesle-talep-ediyorum\/"]}]},{"@type":"ImageObject","inLanguage":"tr","@id":"https:\/\/batitrakya.live\/index.php\/azinligimizin-lozandan-dogan-haklarini-yuksek-sesle-talep-ediyorum\/#primaryimage","url":"https:\/\/batitrakya.live\/wp-content\/uploads\/2020\/12\/cigdem_asafoglou.png","contentUrl":"https:\/\/batitrakya.live\/wp-content\/uploads\/2020\/12\/cigdem_asafoglou.png","width":720,"height":347},{"@type":"BreadcrumbList","@id":"https:\/\/batitrakya.live\/index.php\/azinligimizin-lozandan-dogan-haklarini-yuksek-sesle-talep-ediyorum\/#breadcrumb","itemListElement":[{"@type":"ListItem","position":1,"name":"Anasayfa","item":"https:\/\/batitrakya.live\/"},{"@type":"ListItem","position":2,"name":"Az\u0131nl\u0131\u011f\u0131m\u0131z\u0131n Lozan\u2019dan do\u011fan haklar\u0131n\u0131 y\u00fcksek sesle talep ediyorum&#8230;"}]},{"@type":"WebSite","@id":"https:\/\/batitrakya.live\/#website","url":"https:\/\/batitrakya.live\/","name":"Bat\u0131 Trakya Haber","description":"Bat\u0131 Trakyan\u0131n internetteki sesi..","potentialAction":[{"@type":"SearchAction","target":{"@type":"EntryPoint","urlTemplate":"https:\/\/batitrakya.live\/?s={search_term_string}"},"query-input":{"@type":"PropertyValueSpecification","valueRequired":true,"valueName":"search_term_string"}}],"inLanguage":"tr"},{"@type":"Person","@id":"https:\/\/batitrakya.live\/#\/schema\/person\/61b86abbc19e5fa0bbc3059670546fe5","name":"tamer","image":{"@type":"ImageObject","inLanguage":"tr","@id":"https:\/\/secure.gravatar.com\/avatar\/60b0ff14c4376999cea9565d28b91fc61ff0f727c28cd083506a6d83ad6df9c9?s=96&d=mm&r=g","url":"https:\/\/secure.gravatar.com\/avatar\/60b0ff14c4376999cea9565d28b91fc61ff0f727c28cd083506a6d83ad6df9c9?s=96&d=mm&r=g","contentUrl":"https:\/\/secure.gravatar.com\/avatar\/60b0ff14c4376999cea9565d28b91fc61ff0f727c28cd083506a6d83ad6df9c9?s=96&d=mm&r=g","caption":"tamer"},"sameAs":["https:\/\/batitrakya.live"],"url":"https:\/\/batitrakya.live\/index.php\/author\/tamer\/"}]}},"_links":{"self":[{"href":"https:\/\/batitrakya.live\/index.php\/wp-json\/wp\/v2\/posts\/30415","targetHints":{"allow":["GET"]}}],"collection":[{"href":"https:\/\/batitrakya.live\/index.php\/wp-json\/wp\/v2\/posts"}],"about":[{"href":"https:\/\/batitrakya.live\/index.php\/wp-json\/wp\/v2\/types\/post"}],"author":[{"embeddable":true,"href":"https:\/\/batitrakya.live\/index.php\/wp-json\/wp\/v2\/users\/1"}],"replies":[{"embeddable":true,"href":"https:\/\/batitrakya.live\/index.php\/wp-json\/wp\/v2\/comments?post=30415"}],"version-history":[{"count":0,"href":"https:\/\/batitrakya.live\/index.php\/wp-json\/wp\/v2\/posts\/30415\/revisions"}],"wp:featuredmedia":[{"embeddable":true,"href":"https:\/\/batitrakya.live\/index.php\/wp-json\/wp\/v2\/media\/30416"}],"wp:attachment":[{"href":"https:\/\/batitrakya.live\/index.php\/wp-json\/wp\/v2\/media?parent=30415"}],"wp:term":[{"taxonomy":"category","embeddable":true,"href":"https:\/\/batitrakya.live\/index.php\/wp-json\/wp\/v2\/categories?post=30415"},{"taxonomy":"post_tag","embeddable":true,"href":"https:\/\/batitrakya.live\/index.php\/wp-json\/wp\/v2\/tags?post=30415"}],"curies":[{"name":"wp","href":"https:\/\/api.w.org\/{rel}","templated":true}]}}