{"id":30317,"date":"2020-12-04T12:40:38","date_gmt":"2020-12-04T11:40:38","guid":{"rendered":"https:\/\/batitrakya.live\/?p=30317"},"modified":"2020-12-04T12:40:38","modified_gmt":"2020-12-04T11:40:38","slug":"natodaki-toplantilara-yunanistan-katilmadi","status":"publish","type":"post","link":"https:\/\/batitrakya.live\/index.php\/natodaki-toplantilara-yunanistan-katilmadi\/","title":{"rendered":"NATO\u2019daki toplant\u0131lara Yunanistan kat\u0131lmad\u0131&#8230;"},"content":{"rendered":"<p>Do\u011fu Akdeniz\u2019de ayr\u0131\u015ft\u0131rma tedbirlerine y\u00f6nelik teknik detaylar\u0131n belirlenmesi i\u00e7in T\u00fcrkiye ile Yunanistan askeri heyetleri aras\u0131nda 30 Kas\u0131m\u2019da NATO Karargah\u0131\u2019nda yap\u0131lmas\u0131 planlanan teknik g\u00f6r\u00fc\u015fmenin Yunanistan heyetinin kat\u0131lmamas\u0131 nedeniyle ger\u00e7ekle\u015ftirilemedi\u011fi bildirildi.<\/p>\n<p>T\u00fcrk ve Yunan teknik heyetlerinin Do\u011fu Akdeniz\u2019de ayr\u0131\u015ft\u0131rma tedbirlerine y\u00f6nelik askeri \u00f6nlemlerin belirlenmesi d\u00f6n\u00fck ilk toplant\u0131s\u0131, NATO Askeri Komite Ba\u015fkan Yard\u0131mc\u0131s\u0131 (DCMC) ba\u015fkanl\u0131\u011f\u0131nda 3 Eyl\u00fcl\u2019de yap\u0131lm\u0131\u015ft\u0131. S\u00f6z konusu tarihten bug\u00fcne kadar 6 toplant\u0131 ger\u00e7ekle\u015ftirilmi\u015fti.<\/p>\n<p>NATO Karargah\u0131\u2019ndaki toplant\u0131lar sonucunda genel \u00e7er\u00e7eveyi belirleyen <em><strong>\u201cTeknik D\u00fczenlemeler Metni\u201d<\/strong><\/em> 1 Ekim\u2019de her iki \u00fclkenin onay\u0131 ile kabul edilmi\u015fti.<\/p>\n<p>Mutabakat sonras\u0131 teknik detaylar\u0131n belirlenmesi amac\u0131yla birincisi 9 Ekim\u2019de yap\u0131lan s\u00f6z konusu toplant\u0131n\u0131n devam\u0131na y\u00f6nelik yap\u0131lan planlamalar, Yunanistan\u2019\u0131n tutumu nedeniyle sonuca ula\u015famad\u0131.<\/p>\n<p>\u0130lk olarak 16 Ekim olarak belirlenen ikinci toplant\u0131 sonras\u0131nda 23 Ekim ve 30 Ekim&#8217;de tekrar planlanmas\u0131na ra\u011fmen Yunanistan taraf\u0131ndan olumlu cevap verilmemesi nedeniyle ger\u00e7ekle\u015ftirilemedi.<\/p>\n<p>Son olarak 30 Kas\u0131m tarihinde planlanan toplant\u0131n\u0131n Yunanistan heyetinin kat\u0131lmamas\u0131 nedeniyle iptal edildi\u011fi bilgisi al\u0131nd\u0131.<\/p>\n","protected":false},"excerpt":{"rendered":"<p>Do\u011fu Akdeniz\u2019de ayr\u0131\u015ft\u0131rma tedbirlerine y\u00f6nelik teknik detaylar\u0131n belirlenmesi i\u00e7in T\u00fcrkiye ile Yunanistan askeri heyetleri aras\u0131nda 30 Kas\u0131m\u2019da NATO Karargah\u0131\u2019nda yap\u0131lmas\u0131 planlanan teknik g\u00f6r\u00fc\u015fmenin Yunanistan heyetinin kat\u0131lmamas\u0131 nedeniyle ger\u00e7ekle\u015ftirilemedi\u011fi bildirildi. T\u00fcrk ve Yunan teknik heyetlerinin Do\u011fu Akdeniz\u2019de ayr\u0131\u015ft\u0131rma tedbirlerine y\u00f6nelik askeri \u00f6nlemlerin belirlenmesi d\u00f6n\u00fck ilk toplant\u0131s\u0131, NATO Askeri Komite Ba\u015fkan Yard\u0131mc\u0131s\u0131 (DCMC) ba\u015fkanl\u0131\u011f\u0131nda 3 Eyl\u00fcl\u2019de yap\u0131lm\u0131\u015ft\u0131. &hellip;<\/p>\n","protected":false},"author":1,"featured_media":30318,"comment_status":"open","ping_status":"open","sticky":false,"template":"","format":"standard","meta":{"footnotes":""},"categories":[57],"tags":[173],"class_list":["post-30317","post","type-post","status-publish","format-standard","has-post-thumbnail","hentry","category-yunanistan","tag-nato"],"yoast_head":"<!-- This site is optimized with the Yoast SEO Premium plugin v26.3 (Yoast SEO v27.3) - https:\/\/yoast.com\/product\/yoast-seo-premium-wordpress\/ -->\n<title>NATO\u2019daki toplant\u0131lara Yunanistan kat\u0131lmad\u0131... - Bat\u0131 Trakya Haber<\/title>\n<meta name=\"robots\" content=\"index, follow, max-snippet:-1, max-image-preview:large, max-video-preview:-1\" \/>\n<link rel=\"canonical\" href=\"https:\/\/batitrakya.live\/index.php\/natodaki-toplantilara-yunanistan-katilmadi\/\" \/>\n<meta property=\"og:locale\" content=\"tr_TR\" \/>\n<meta property=\"og:type\" content=\"article\" \/>\n<meta property=\"og:title\" content=\"NATO\u2019daki toplant\u0131lara Yunanistan kat\u0131lmad\u0131...\" \/>\n<meta property=\"og:description\" content=\"Do\u011fu Akdeniz\u2019de ayr\u0131\u015ft\u0131rma tedbirlerine y\u00f6nelik teknik detaylar\u0131n belirlenmesi i\u00e7in T\u00fcrkiye ile Yunanistan askeri heyetleri aras\u0131nda 30 Kas\u0131m\u2019da NATO Karargah\u0131\u2019nda yap\u0131lmas\u0131 planlanan teknik g\u00f6r\u00fc\u015fmenin Yunanistan heyetinin kat\u0131lmamas\u0131 nedeniyle ger\u00e7ekle\u015ftirilemedi\u011fi bildirildi. T\u00fcrk ve Yunan teknik heyetlerinin Do\u011fu Akdeniz\u2019de ayr\u0131\u015ft\u0131rma tedbirlerine y\u00f6nelik askeri \u00f6nlemlerin belirlenmesi d\u00f6n\u00fck ilk toplant\u0131s\u0131, NATO Askeri Komite Ba\u015fkan Yard\u0131mc\u0131s\u0131 (DCMC) ba\u015fkanl\u0131\u011f\u0131nda 3 Eyl\u00fcl\u2019de yap\u0131lm\u0131\u015ft\u0131. &hellip;\" \/>\n<meta property=\"og:url\" content=\"https:\/\/batitrakya.live\/index.php\/natodaki-toplantilara-yunanistan-katilmadi\/\" \/>\n<meta property=\"og:site_name\" content=\"Bat\u0131 Trakya Haber\" \/>\n<meta property=\"article:published_time\" content=\"2020-12-04T11:40:38+00:00\" \/>\n<meta property=\"og:image\" content=\"https:\/\/batitrakya.live\/wp-content\/uploads\/2020\/12\/turko_greco.png\" \/>\n\t<meta property=\"og:image:width\" content=\"720\" \/>\n\t<meta property=\"og:image:height\" content=\"348\" \/>\n\t<meta property=\"og:image:type\" content=\"image\/png\" \/>\n<meta name=\"author\" content=\"tamer\" \/>\n<meta name=\"twitter:card\" content=\"summary_large_image\" \/>\n<meta name=\"twitter:label1\" content=\"Yazan:\" \/>\n\t<meta name=\"twitter:data1\" content=\"tamer\" \/>\n\t<meta name=\"twitter:label2\" content=\"Tahmini okuma s\u00fcresi\" \/>\n\t<meta name=\"twitter:data2\" content=\"1 dakika\" \/>\n<script type=\"application\/ld+json\" class=\"yoast-schema-graph\">{\"@context\":\"https:\\\/\\\/schema.org\",\"@graph\":[{\"@type\":\"Article\",\"@id\":\"https:\\\/\\\/batitrakya.live\\\/index.php\\\/natodaki-toplantilara-yunanistan-katilmadi\\\/#article\",\"isPartOf\":{\"@id\":\"https:\\\/\\\/batitrakya.live\\\/index.php\\\/natodaki-toplantilara-yunanistan-katilmadi\\\/\"},\"author\":{\"name\":\"tamer\",\"@id\":\"https:\\\/\\\/batitrakya.live\\\/#\\\/schema\\\/person\\\/61b86abbc19e5fa0bbc3059670546fe5\"},\"headline\":\"NATO\u2019daki toplant\u0131lara Yunanistan kat\u0131lmad\u0131&#8230;\",\"datePublished\":\"2020-12-04T11:40:38+00:00\",\"mainEntityOfPage\":{\"@id\":\"https:\\\/\\\/batitrakya.live\\\/index.php\\\/natodaki-toplantilara-yunanistan-katilmadi\\\/\"},\"wordCount\":214,\"commentCount\":0,\"image\":{\"@id\":\"https:\\\/\\\/batitrakya.live\\\/index.php\\\/natodaki-toplantilara-yunanistan-katilmadi\\\/#primaryimage\"},\"thumbnailUrl\":\"https:\\\/\\\/batitrakya.live\\\/wp-content\\\/uploads\\\/2020\\\/12\\\/turko_greco.png\",\"keywords\":[\"NATO\"],\"articleSection\":[\"Yunanistan Haber\"],\"inLanguage\":\"tr\",\"potentialAction\":[{\"@type\":\"CommentAction\",\"name\":\"Comment\",\"target\":[\"https:\\\/\\\/batitrakya.live\\\/index.php\\\/natodaki-toplantilara-yunanistan-katilmadi\\\/#respond\"]}],\"copyrightYear\":\"2020\",\"copyrightHolder\":{\"@id\":\"https:\\\/\\\/batitrakya.live\\\/#organization\"}},{\"@type\":\"WebPage\",\"@id\":\"https:\\\/\\\/batitrakya.live\\\/index.php\\\/natodaki-toplantilara-yunanistan-katilmadi\\\/\",\"url\":\"https:\\\/\\\/batitrakya.live\\\/index.php\\\/natodaki-toplantilara-yunanistan-katilmadi\\\/\",\"name\":\"NATO\u2019daki toplant\u0131lara Yunanistan kat\u0131lmad\u0131... - Bat\u0131 Trakya Haber\",\"isPartOf\":{\"@id\":\"https:\\\/\\\/batitrakya.live\\\/#website\"},\"primaryImageOfPage\":{\"@id\":\"https:\\\/\\\/batitrakya.live\\\/index.php\\\/natodaki-toplantilara-yunanistan-katilmadi\\\/#primaryimage\"},\"image\":{\"@id\":\"https:\\\/\\\/batitrakya.live\\\/index.php\\\/natodaki-toplantilara-yunanistan-katilmadi\\\/#primaryimage\"},\"thumbnailUrl\":\"https:\\\/\\\/batitrakya.live\\\/wp-content\\\/uploads\\\/2020\\\/12\\\/turko_greco.png\",\"datePublished\":\"2020-12-04T11:40:38+00:00\",\"author\":{\"@id\":\"https:\\\/\\\/batitrakya.live\\\/#\\\/schema\\\/person\\\/61b86abbc19e5fa0bbc3059670546fe5\"},\"breadcrumb\":{\"@id\":\"https:\\\/\\\/batitrakya.live\\\/index.php\\\/natodaki-toplantilara-yunanistan-katilmadi\\\/#breadcrumb\"},\"inLanguage\":\"tr\",\"potentialAction\":[{\"@type\":\"ReadAction\",\"target\":[\"https:\\\/\\\/batitrakya.live\\\/index.php\\\/natodaki-toplantilara-yunanistan-katilmadi\\\/\"]}]},{\"@type\":\"ImageObject\",\"inLanguage\":\"tr\",\"@id\":\"https:\\\/\\\/batitrakya.live\\\/index.php\\\/natodaki-toplantilara-yunanistan-katilmadi\\\/#primaryimage\",\"url\":\"https:\\\/\\\/batitrakya.live\\\/wp-content\\\/uploads\\\/2020\\\/12\\\/turko_greco.png\",\"contentUrl\":\"https:\\\/\\\/batitrakya.live\\\/wp-content\\\/uploads\\\/2020\\\/12\\\/turko_greco.png\",\"width\":720,\"height\":348},{\"@type\":\"BreadcrumbList\",\"@id\":\"https:\\\/\\\/batitrakya.live\\\/index.php\\\/natodaki-toplantilara-yunanistan-katilmadi\\\/#breadcrumb\",\"itemListElement\":[{\"@type\":\"ListItem\",\"position\":1,\"name\":\"Anasayfa\",\"item\":\"https:\\\/\\\/batitrakya.live\\\/\"},{\"@type\":\"ListItem\",\"position\":2,\"name\":\"NATO\u2019daki toplant\u0131lara Yunanistan kat\u0131lmad\u0131&#8230;\"}]},{\"@type\":\"WebSite\",\"@id\":\"https:\\\/\\\/batitrakya.live\\\/#website\",\"url\":\"https:\\\/\\\/batitrakya.live\\\/\",\"name\":\"Bat\u0131 Trakya Haber\",\"description\":\"Bat\u0131 Trakyan\u0131n internetteki sesi..\",\"potentialAction\":[{\"@type\":\"SearchAction\",\"target\":{\"@type\":\"EntryPoint\",\"urlTemplate\":\"https:\\\/\\\/batitrakya.live\\\/?s={search_term_string}\"},\"query-input\":{\"@type\":\"PropertyValueSpecification\",\"valueRequired\":true,\"valueName\":\"search_term_string\"}}],\"inLanguage\":\"tr\"},{\"@type\":\"Person\",\"@id\":\"https:\\\/\\\/batitrakya.live\\\/#\\\/schema\\\/person\\\/61b86abbc19e5fa0bbc3059670546fe5\",\"name\":\"tamer\",\"image\":{\"@type\":\"ImageObject\",\"inLanguage\":\"tr\",\"@id\":\"https:\\\/\\\/secure.gravatar.com\\\/avatar\\\/60b0ff14c4376999cea9565d28b91fc61ff0f727c28cd083506a6d83ad6df9c9?s=96&d=mm&r=g\",\"url\":\"https:\\\/\\\/secure.gravatar.com\\\/avatar\\\/60b0ff14c4376999cea9565d28b91fc61ff0f727c28cd083506a6d83ad6df9c9?s=96&d=mm&r=g\",\"contentUrl\":\"https:\\\/\\\/secure.gravatar.com\\\/avatar\\\/60b0ff14c4376999cea9565d28b91fc61ff0f727c28cd083506a6d83ad6df9c9?s=96&d=mm&r=g\",\"caption\":\"tamer\"},\"sameAs\":[\"https:\\\/\\\/batitrakya.live\"],\"url\":\"https:\\\/\\\/batitrakya.live\\\/index.php\\\/author\\\/tamer\\\/\"}]}<\/script>\n<!-- \/ Yoast SEO Premium plugin. -->","yoast_head_json":{"title":"NATO\u2019daki toplant\u0131lara Yunanistan kat\u0131lmad\u0131... - Bat\u0131 Trakya Haber","robots":{"index":"index","follow":"follow","max-snippet":"max-snippet:-1","max-image-preview":"max-image-preview:large","max-video-preview":"max-video-preview:-1"},"canonical":"https:\/\/batitrakya.live\/index.php\/natodaki-toplantilara-yunanistan-katilmadi\/","og_locale":"tr_TR","og_type":"article","og_title":"NATO\u2019daki toplant\u0131lara Yunanistan kat\u0131lmad\u0131...","og_description":"Do\u011fu Akdeniz\u2019de ayr\u0131\u015ft\u0131rma tedbirlerine y\u00f6nelik teknik detaylar\u0131n belirlenmesi i\u00e7in T\u00fcrkiye ile Yunanistan askeri heyetleri aras\u0131nda 30 Kas\u0131m\u2019da NATO Karargah\u0131\u2019nda yap\u0131lmas\u0131 planlanan teknik g\u00f6r\u00fc\u015fmenin Yunanistan heyetinin kat\u0131lmamas\u0131 nedeniyle ger\u00e7ekle\u015ftirilemedi\u011fi bildirildi. T\u00fcrk ve Yunan teknik heyetlerinin Do\u011fu Akdeniz\u2019de ayr\u0131\u015ft\u0131rma tedbirlerine y\u00f6nelik askeri \u00f6nlemlerin belirlenmesi d\u00f6n\u00fck ilk toplant\u0131s\u0131, NATO Askeri Komite Ba\u015fkan Yard\u0131mc\u0131s\u0131 (DCMC) ba\u015fkanl\u0131\u011f\u0131nda 3 Eyl\u00fcl\u2019de yap\u0131lm\u0131\u015ft\u0131. &hellip;","og_url":"https:\/\/batitrakya.live\/index.php\/natodaki-toplantilara-yunanistan-katilmadi\/","og_site_name":"Bat\u0131 Trakya Haber","article_published_time":"2020-12-04T11:40:38+00:00","og_image":[{"width":720,"height":348,"url":"https:\/\/batitrakya.live\/wp-content\/uploads\/2020\/12\/turko_greco.png","type":"image\/png"}],"author":"tamer","twitter_card":"summary_large_image","twitter_misc":{"Yazan:":"tamer","Tahmini okuma s\u00fcresi":"1 dakika"},"schema":{"@context":"https:\/\/schema.org","@graph":[{"@type":"Article","@id":"https:\/\/batitrakya.live\/index.php\/natodaki-toplantilara-yunanistan-katilmadi\/#article","isPartOf":{"@id":"https:\/\/batitrakya.live\/index.php\/natodaki-toplantilara-yunanistan-katilmadi\/"},"author":{"name":"tamer","@id":"https:\/\/batitrakya.live\/#\/schema\/person\/61b86abbc19e5fa0bbc3059670546fe5"},"headline":"NATO\u2019daki toplant\u0131lara Yunanistan kat\u0131lmad\u0131&#8230;","datePublished":"2020-12-04T11:40:38+00:00","mainEntityOfPage":{"@id":"https:\/\/batitrakya.live\/index.php\/natodaki-toplantilara-yunanistan-katilmadi\/"},"wordCount":214,"commentCount":0,"image":{"@id":"https:\/\/batitrakya.live\/index.php\/natodaki-toplantilara-yunanistan-katilmadi\/#primaryimage"},"thumbnailUrl":"https:\/\/batitrakya.live\/wp-content\/uploads\/2020\/12\/turko_greco.png","keywords":["NATO"],"articleSection":["Yunanistan Haber"],"inLanguage":"tr","potentialAction":[{"@type":"CommentAction","name":"Comment","target":["https:\/\/batitrakya.live\/index.php\/natodaki-toplantilara-yunanistan-katilmadi\/#respond"]}],"copyrightYear":"2020","copyrightHolder":{"@id":"https:\/\/batitrakya.live\/#organization"}},{"@type":"WebPage","@id":"https:\/\/batitrakya.live\/index.php\/natodaki-toplantilara-yunanistan-katilmadi\/","url":"https:\/\/batitrakya.live\/index.php\/natodaki-toplantilara-yunanistan-katilmadi\/","name":"NATO\u2019daki toplant\u0131lara Yunanistan kat\u0131lmad\u0131... - Bat\u0131 Trakya Haber","isPartOf":{"@id":"https:\/\/batitrakya.live\/#website"},"primaryImageOfPage":{"@id":"https:\/\/batitrakya.live\/index.php\/natodaki-toplantilara-yunanistan-katilmadi\/#primaryimage"},"image":{"@id":"https:\/\/batitrakya.live\/index.php\/natodaki-toplantilara-yunanistan-katilmadi\/#primaryimage"},"thumbnailUrl":"https:\/\/batitrakya.live\/wp-content\/uploads\/2020\/12\/turko_greco.png","datePublished":"2020-12-04T11:40:38+00:00","author":{"@id":"https:\/\/batitrakya.live\/#\/schema\/person\/61b86abbc19e5fa0bbc3059670546fe5"},"breadcrumb":{"@id":"https:\/\/batitrakya.live\/index.php\/natodaki-toplantilara-yunanistan-katilmadi\/#breadcrumb"},"inLanguage":"tr","potentialAction":[{"@type":"ReadAction","target":["https:\/\/batitrakya.live\/index.php\/natodaki-toplantilara-yunanistan-katilmadi\/"]}]},{"@type":"ImageObject","inLanguage":"tr","@id":"https:\/\/batitrakya.live\/index.php\/natodaki-toplantilara-yunanistan-katilmadi\/#primaryimage","url":"https:\/\/batitrakya.live\/wp-content\/uploads\/2020\/12\/turko_greco.png","contentUrl":"https:\/\/batitrakya.live\/wp-content\/uploads\/2020\/12\/turko_greco.png","width":720,"height":348},{"@type":"BreadcrumbList","@id":"https:\/\/batitrakya.live\/index.php\/natodaki-toplantilara-yunanistan-katilmadi\/#breadcrumb","itemListElement":[{"@type":"ListItem","position":1,"name":"Anasayfa","item":"https:\/\/batitrakya.live\/"},{"@type":"ListItem","position":2,"name":"NATO\u2019daki toplant\u0131lara Yunanistan kat\u0131lmad\u0131&#8230;"}]},{"@type":"WebSite","@id":"https:\/\/batitrakya.live\/#website","url":"https:\/\/batitrakya.live\/","name":"Bat\u0131 Trakya Haber","description":"Bat\u0131 Trakyan\u0131n internetteki sesi..","potentialAction":[{"@type":"SearchAction","target":{"@type":"EntryPoint","urlTemplate":"https:\/\/batitrakya.live\/?s={search_term_string}"},"query-input":{"@type":"PropertyValueSpecification","valueRequired":true,"valueName":"search_term_string"}}],"inLanguage":"tr"},{"@type":"Person","@id":"https:\/\/batitrakya.live\/#\/schema\/person\/61b86abbc19e5fa0bbc3059670546fe5","name":"tamer","image":{"@type":"ImageObject","inLanguage":"tr","@id":"https:\/\/secure.gravatar.com\/avatar\/60b0ff14c4376999cea9565d28b91fc61ff0f727c28cd083506a6d83ad6df9c9?s=96&d=mm&r=g","url":"https:\/\/secure.gravatar.com\/avatar\/60b0ff14c4376999cea9565d28b91fc61ff0f727c28cd083506a6d83ad6df9c9?s=96&d=mm&r=g","contentUrl":"https:\/\/secure.gravatar.com\/avatar\/60b0ff14c4376999cea9565d28b91fc61ff0f727c28cd083506a6d83ad6df9c9?s=96&d=mm&r=g","caption":"tamer"},"sameAs":["https:\/\/batitrakya.live"],"url":"https:\/\/batitrakya.live\/index.php\/author\/tamer\/"}]}},"_links":{"self":[{"href":"https:\/\/batitrakya.live\/index.php\/wp-json\/wp\/v2\/posts\/30317","targetHints":{"allow":["GET"]}}],"collection":[{"href":"https:\/\/batitrakya.live\/index.php\/wp-json\/wp\/v2\/posts"}],"about":[{"href":"https:\/\/batitrakya.live\/index.php\/wp-json\/wp\/v2\/types\/post"}],"author":[{"embeddable":true,"href":"https:\/\/batitrakya.live\/index.php\/wp-json\/wp\/v2\/users\/1"}],"replies":[{"embeddable":true,"href":"https:\/\/batitrakya.live\/index.php\/wp-json\/wp\/v2\/comments?post=30317"}],"version-history":[{"count":0,"href":"https:\/\/batitrakya.live\/index.php\/wp-json\/wp\/v2\/posts\/30317\/revisions"}],"wp:featuredmedia":[{"embeddable":true,"href":"https:\/\/batitrakya.live\/index.php\/wp-json\/wp\/v2\/media\/30318"}],"wp:attachment":[{"href":"https:\/\/batitrakya.live\/index.php\/wp-json\/wp\/v2\/media?parent=30317"}],"wp:term":[{"taxonomy":"category","embeddable":true,"href":"https:\/\/batitrakya.live\/index.php\/wp-json\/wp\/v2\/categories?post=30317"},{"taxonomy":"post_tag","embeddable":true,"href":"https:\/\/batitrakya.live\/index.php\/wp-json\/wp\/v2\/tags?post=30317"}],"curies":[{"name":"wp","href":"https:\/\/api.w.org\/{rel}","templated":true}]}}