{"id":30212,"date":"2020-11-27T22:24:11","date_gmt":"2020-11-27T21:24:11","guid":{"rendered":"https:\/\/batitrakya.live\/?p=30212"},"modified":"2020-11-27T22:24:11","modified_gmt":"2020-11-27T21:24:11","slug":"yunanistanda-covid-19dan-101-olu-bati-trakyada-en-cok-vaka-iskecede","status":"publish","type":"post","link":"https:\/\/batitrakya.live\/index.php\/yunanistanda-covid-19dan-101-olu-bati-trakyada-en-cok-vaka-iskecede\/","title":{"rendered":"Yunanistan&#8217;da Covid-19&#8217;dan 101 \u00f6l\u00fc.Bat\u0131 Trakya\u2019da en \u00e7ok vaka \u0130ske\u00e7e\u2019de&#8230;"},"content":{"rendered":"\n<p><em>Ulusal Kamu Sa\u011fl\u0131\u011f\u0131 Kurumu (EODY), g\u00fcnl\u00fck koronavir\u00fcs salg\u0131n\u0131 raporunu a\u00e7\u0131klad\u0131. Salg\u0131n ba\u015flang\u0131c\u0131ndan bu yana hayat\u0131n\u0131 kaybedenlerin say\u0131s\u0131 2102\u2019ye ula\u015ft\u0131.<\/em><\/p>\n\n\n<p>Son 24 saat i\u00e7inde 101 ki\u015fi hayat\u0131n\u0131 kaybetti. Hastanelerdeki ent\u00fcbe hasta say\u0131s\u0131 da 607 olarak a\u00e7\u0131kland\u0131.<\/p>\n<p>27 Kas\u0131m Cuma g\u00fcn\u00fc itibar\u0131yla koronavir\u00fcs vakalar\u0131na 2.013 ki\u015fi daha eklendi.<\/p>\n<p><strong> Bat\u0131 Trakya\u2019da;<\/strong><\/p>\n<ul>\n<li><strong> Rodop ilinde 12,<\/strong><\/li>\n<li><strong> \u0130ske\u00e7e ilinde 46, <\/strong><\/li>\n<li><strong>Evros ilinde de 26<\/strong><\/li>\n<\/ul>\n<p><strong> vaka olmak \u00fczere toplam 84 vaka tespit edildi.<\/strong><\/p>\n<p>\u00dclke genelinde en y\u00fcksek vakalar yine Selanik b\u00f6lgesinde ortaya \u00e7\u0131kt\u0131. Selanik b\u00f6lgesinde 545 koronavir\u00fcs vakas\u0131 tespit edildi.<\/p>\n<p>14 vaka ise s\u0131n\u0131r kap\u0131lar\u0131ndan giri\u015fte tespit edildi.<\/p>\n<p>Vakalar\u0131n b\u00f6lgelere g\u00f6re da\u011f\u0131l\u0131m\u0131 \u015f\u00f6yle:<\/p>\n<ul>\n<li>&#8211; Attika 319 vaka<\/li>\n<li>&#8211; Selanik 545 vaka<\/li>\n<li>&#8211; Eteloakarnania 18 vaka<\/li>\n<li>&#8211; Argolida 4 vaka<\/li>\n<li>&#8211; Arta 12 vaka<\/li>\n<li>&#8211; Ahaia 22 vaka<\/li>\n<li>&#8211; Viotia 3 vaka<\/li>\n<li>&#8211; Grevena 15 vaka<\/li>\n<li>&#8211; Drama 40 vaka<\/li>\n<li>&#8211; Evros 26 vaka<\/li>\n<li>&#8211; Evia 5 vaka<\/li>\n<li>&#8211; Evritania 1 vaka<\/li>\n<li>&#8211; \u0130lia 7 vaka<\/li>\n<li>&#8211; Thiras 1 vaka<\/li>\n<li>&#8211; \u0130mathia 65 vaka<\/li>\n<li>&#8211; \u0130raklio 22 vaka<\/li>\n<li>&#8211; \u0130oannina 19 vaka<\/li>\n<li>&#8211; Kavala 51 vaka<\/li>\n<li>&#8211; Kalimnos 2 vaka<\/li>\n<li>&#8211; Kardi\u00e7a 20 vaka<\/li>\n<li>&#8211; Kastoria 6 vaka<\/li>\n<li>&#8211; Kerkira 3 vaka<\/li>\n<li>&#8211; Kefalonia 2 vaka<\/li>\n<li>&#8211; K\u0131lk\u0131\u015f 39 vaka<\/li>\n<li>&#8211; Kozani 22 vaka<\/li>\n<li>&#8211; Korinthia 12 vaka<\/li>\n<li>&#8211; Lakonia 2 vaka<\/li>\n<li>&#8211; Larisa 106 vaka<\/li>\n<li>&#8211; Lasithiu 2 vaka<\/li>\n<li>&#8211; Lesvos 10 vaka<\/li>\n<li>&#8211; Lefkada 2 vaka<\/li>\n<li>&#8211; Limnos 2 vaka<\/li>\n<li>&#8211; Magnisia 80 vaka<\/li>\n<li>&#8211; Messinia 5 vaka<\/li>\n<li>&#8211; \u0130ske\u00e7e 46 vaka<\/li>\n<li>&#8211; Pella 73 vaka<\/li>\n<li>&#8211; Pieria 70 vaka<\/li>\n<li>&#8211; Rethimnos 5 vaka<\/li>\n<li>&#8211; Rodop 12 vaka<\/li>\n<li>&#8211; Rodos 5 vaka<\/li>\n<li>&#8211; Serres 97 vaka<\/li>\n<li>&#8211; Trikala 19 vaka<\/li>\n<li>&#8211; Fthiotida 4 vaka<\/li>\n<li>&#8211; Florina 34 vaka<\/li>\n<li>&#8211; Fokida 1 vaka<\/li>\n<li>&#8211; Halkidiki 73 vaka<\/li>\n<li>&#8211; Hanya 16 vaka<\/li>\n<li>&#8211; Hios 1 vaka<\/li>\n<\/ul>\n<p>Bu arada, geriye kalan 3 vakan\u0131n hala ara\u015ft\u0131rma a\u015famas\u0131nda oldu\u011fu ve b\u00f6lgelerinin belli olmad\u0131\u011f\u0131 bildirildi.<\/p>","protected":false},"excerpt":{"rendered":"<p>Ulusal Kamu Sa\u011fl\u0131\u011f\u0131 Kurumu (EODY), g\u00fcnl\u00fck koronavir\u00fcs salg\u0131n\u0131 raporunu a\u00e7\u0131klad\u0131. Salg\u0131n ba\u015flang\u0131c\u0131ndan bu yana hayat\u0131n\u0131 kaybedenlerin say\u0131s\u0131 2102\u2019ye ula\u015ft\u0131. Son 24 saat i\u00e7inde 101 ki\u015fi hayat\u0131n\u0131 kaybetti. Hastanelerdeki ent\u00fcbe hasta say\u0131s\u0131 da 607 olarak a\u00e7\u0131kland\u0131. 27 Kas\u0131m Cuma g\u00fcn\u00fc itibar\u0131yla koronavir\u00fcs vakalar\u0131na 2.013 ki\u015fi daha eklendi. Bat\u0131 Trakya\u2019da; Rodop ilinde 12, \u0130ske\u00e7e ilinde 46, Evros &hellip;<\/p>\n","protected":false},"author":1,"featured_media":0,"comment_status":"open","ping_status":"open","sticky":false,"template":"","format":"standard","meta":{"footnotes":""},"categories":[24,57],"tags":[138],"class_list":["post-30212","post","type-post","status-publish","format-standard","hentry","category-bati-trakyam-haber","category-yunanistan","tag-korona"],"yoast_head":"<!-- This site is optimized with the Yoast SEO Premium plugin v26.3 (Yoast SEO v27.3) - https:\/\/yoast.com\/product\/yoast-seo-premium-wordpress\/ -->\n<title>Yunanistan&#039;da Covid-19&#039;dan 101 \u00f6l\u00fc.Bat\u0131 Trakya\u2019da en \u00e7ok vaka \u0130ske\u00e7e\u2019de... - Bat\u0131 Trakya Haber<\/title>\n<meta name=\"robots\" content=\"index, follow, max-snippet:-1, max-image-preview:large, max-video-preview:-1\" \/>\n<link rel=\"canonical\" href=\"https:\/\/batitrakya.live\/index.php\/yunanistanda-covid-19dan-101-olu-bati-trakyada-en-cok-vaka-iskecede\/\" \/>\n<meta property=\"og:locale\" content=\"tr_TR\" \/>\n<meta property=\"og:type\" content=\"article\" \/>\n<meta property=\"og:title\" content=\"Yunanistan&#039;da Covid-19&#039;dan 101 \u00f6l\u00fc.Bat\u0131 Trakya\u2019da en \u00e7ok vaka \u0130ske\u00e7e\u2019de...\" \/>\n<meta property=\"og:description\" content=\"Ulusal Kamu Sa\u011fl\u0131\u011f\u0131 Kurumu (EODY), g\u00fcnl\u00fck koronavir\u00fcs salg\u0131n\u0131 raporunu a\u00e7\u0131klad\u0131. Salg\u0131n ba\u015flang\u0131c\u0131ndan bu yana hayat\u0131n\u0131 kaybedenlerin say\u0131s\u0131 2102\u2019ye ula\u015ft\u0131. Son 24 saat i\u00e7inde 101 ki\u015fi hayat\u0131n\u0131 kaybetti. Hastanelerdeki ent\u00fcbe hasta say\u0131s\u0131 da 607 olarak a\u00e7\u0131kland\u0131. 27 Kas\u0131m Cuma g\u00fcn\u00fc itibar\u0131yla koronavir\u00fcs vakalar\u0131na 2.013 ki\u015fi daha eklendi. Bat\u0131 Trakya\u2019da; Rodop ilinde 12, \u0130ske\u00e7e ilinde 46, Evros &hellip;\" \/>\n<meta property=\"og:url\" content=\"https:\/\/batitrakya.live\/index.php\/yunanistanda-covid-19dan-101-olu-bati-trakyada-en-cok-vaka-iskecede\/\" \/>\n<meta property=\"og:site_name\" content=\"Bat\u0131 Trakya Haber\" \/>\n<meta property=\"article:published_time\" content=\"2020-11-27T21:24:11+00:00\" \/>\n<meta property=\"og:image\" content=\"https:\/\/batitrakya.live\/wp-content\/uploads\/2021\/02\/cropped-aytrakya.png\" \/>\n\t<meta property=\"og:image:width\" content=\"512\" \/>\n\t<meta property=\"og:image:height\" content=\"512\" \/>\n\t<meta property=\"og:image:type\" content=\"image\/png\" \/>\n<meta name=\"author\" content=\"tamer\" \/>\n<meta name=\"twitter:card\" content=\"summary_large_image\" \/>\n<meta name=\"twitter:label1\" content=\"Yazan:\" \/>\n\t<meta name=\"twitter:data1\" content=\"tamer\" \/>\n\t<meta name=\"twitter:label2\" content=\"Tahmini okuma s\u00fcresi\" \/>\n\t<meta name=\"twitter:data2\" content=\"1 dakika\" \/>\n<script type=\"application\/ld+json\" class=\"yoast-schema-graph\">{\"@context\":\"https:\\\/\\\/schema.org\",\"@graph\":[{\"@type\":\"Article\",\"@id\":\"https:\\\/\\\/batitrakya.live\\\/index.php\\\/yunanistanda-covid-19dan-101-olu-bati-trakyada-en-cok-vaka-iskecede\\\/#article\",\"isPartOf\":{\"@id\":\"https:\\\/\\\/batitrakya.live\\\/index.php\\\/yunanistanda-covid-19dan-101-olu-bati-trakyada-en-cok-vaka-iskecede\\\/\"},\"author\":{\"name\":\"tamer\",\"@id\":\"https:\\\/\\\/batitrakya.live\\\/#\\\/schema\\\/person\\\/61b86abbc19e5fa0bbc3059670546fe5\"},\"headline\":\"Yunanistan&#8217;da Covid-19&#8217;dan 101 \u00f6l\u00fc.Bat\u0131 Trakya\u2019da en \u00e7ok vaka \u0130ske\u00e7e\u2019de&#8230;\",\"datePublished\":\"2020-11-27T21:24:11+00:00\",\"mainEntityOfPage\":{\"@id\":\"https:\\\/\\\/batitrakya.live\\\/index.php\\\/yunanistanda-covid-19dan-101-olu-bati-trakyada-en-cok-vaka-iskecede\\\/\"},\"wordCount\":308,\"commentCount\":0,\"keywords\":[\"Koronavirus(covid-19)\"],\"articleSection\":[\"Bat\u0131 Trakyam Haber\",\"Yunanistan Haber\"],\"inLanguage\":\"tr\",\"potentialAction\":[{\"@type\":\"CommentAction\",\"name\":\"Comment\",\"target\":[\"https:\\\/\\\/batitrakya.live\\\/index.php\\\/yunanistanda-covid-19dan-101-olu-bati-trakyada-en-cok-vaka-iskecede\\\/#respond\"]}],\"copyrightYear\":\"2020\",\"copyrightHolder\":{\"@id\":\"https:\\\/\\\/batitrakya.live\\\/#organization\"}},{\"@type\":\"WebPage\",\"@id\":\"https:\\\/\\\/batitrakya.live\\\/index.php\\\/yunanistanda-covid-19dan-101-olu-bati-trakyada-en-cok-vaka-iskecede\\\/\",\"url\":\"https:\\\/\\\/batitrakya.live\\\/index.php\\\/yunanistanda-covid-19dan-101-olu-bati-trakyada-en-cok-vaka-iskecede\\\/\",\"name\":\"Yunanistan'da Covid-19'dan 101 \u00f6l\u00fc.Bat\u0131 Trakya\u2019da en \u00e7ok vaka \u0130ske\u00e7e\u2019de... - Bat\u0131 Trakya Haber\",\"isPartOf\":{\"@id\":\"https:\\\/\\\/batitrakya.live\\\/#website\"},\"datePublished\":\"2020-11-27T21:24:11+00:00\",\"author\":{\"@id\":\"https:\\\/\\\/batitrakya.live\\\/#\\\/schema\\\/person\\\/61b86abbc19e5fa0bbc3059670546fe5\"},\"breadcrumb\":{\"@id\":\"https:\\\/\\\/batitrakya.live\\\/index.php\\\/yunanistanda-covid-19dan-101-olu-bati-trakyada-en-cok-vaka-iskecede\\\/#breadcrumb\"},\"inLanguage\":\"tr\",\"potentialAction\":[{\"@type\":\"ReadAction\",\"target\":[\"https:\\\/\\\/batitrakya.live\\\/index.php\\\/yunanistanda-covid-19dan-101-olu-bati-trakyada-en-cok-vaka-iskecede\\\/\"]}]},{\"@type\":\"BreadcrumbList\",\"@id\":\"https:\\\/\\\/batitrakya.live\\\/index.php\\\/yunanistanda-covid-19dan-101-olu-bati-trakyada-en-cok-vaka-iskecede\\\/#breadcrumb\",\"itemListElement\":[{\"@type\":\"ListItem\",\"position\":1,\"name\":\"Anasayfa\",\"item\":\"https:\\\/\\\/batitrakya.live\\\/\"},{\"@type\":\"ListItem\",\"position\":2,\"name\":\"Yunanistan&#8217;da Covid-19&#8217;dan 101 \u00f6l\u00fc.Bat\u0131 Trakya\u2019da en \u00e7ok vaka \u0130ske\u00e7e\u2019de&#8230;\"}]},{\"@type\":\"WebSite\",\"@id\":\"https:\\\/\\\/batitrakya.live\\\/#website\",\"url\":\"https:\\\/\\\/batitrakya.live\\\/\",\"name\":\"Bat\u0131 Trakya Haber\",\"description\":\"Bat\u0131 Trakyan\u0131n internetteki sesi..\",\"potentialAction\":[{\"@type\":\"SearchAction\",\"target\":{\"@type\":\"EntryPoint\",\"urlTemplate\":\"https:\\\/\\\/batitrakya.live\\\/?s={search_term_string}\"},\"query-input\":{\"@type\":\"PropertyValueSpecification\",\"valueRequired\":true,\"valueName\":\"search_term_string\"}}],\"inLanguage\":\"tr\"},{\"@type\":\"Person\",\"@id\":\"https:\\\/\\\/batitrakya.live\\\/#\\\/schema\\\/person\\\/61b86abbc19e5fa0bbc3059670546fe5\",\"name\":\"tamer\",\"image\":{\"@type\":\"ImageObject\",\"inLanguage\":\"tr\",\"@id\":\"https:\\\/\\\/secure.gravatar.com\\\/avatar\\\/60b0ff14c4376999cea9565d28b91fc61ff0f727c28cd083506a6d83ad6df9c9?s=96&d=mm&r=g\",\"url\":\"https:\\\/\\\/secure.gravatar.com\\\/avatar\\\/60b0ff14c4376999cea9565d28b91fc61ff0f727c28cd083506a6d83ad6df9c9?s=96&d=mm&r=g\",\"contentUrl\":\"https:\\\/\\\/secure.gravatar.com\\\/avatar\\\/60b0ff14c4376999cea9565d28b91fc61ff0f727c28cd083506a6d83ad6df9c9?s=96&d=mm&r=g\",\"caption\":\"tamer\"},\"sameAs\":[\"https:\\\/\\\/batitrakya.live\"],\"url\":\"https:\\\/\\\/batitrakya.live\\\/index.php\\\/author\\\/tamer\\\/\"}]}<\/script>\n<!-- \/ Yoast SEO Premium plugin. -->","yoast_head_json":{"title":"Yunanistan'da Covid-19'dan 101 \u00f6l\u00fc.Bat\u0131 Trakya\u2019da en \u00e7ok vaka \u0130ske\u00e7e\u2019de... - Bat\u0131 Trakya Haber","robots":{"index":"index","follow":"follow","max-snippet":"max-snippet:-1","max-image-preview":"max-image-preview:large","max-video-preview":"max-video-preview:-1"},"canonical":"https:\/\/batitrakya.live\/index.php\/yunanistanda-covid-19dan-101-olu-bati-trakyada-en-cok-vaka-iskecede\/","og_locale":"tr_TR","og_type":"article","og_title":"Yunanistan'da Covid-19'dan 101 \u00f6l\u00fc.Bat\u0131 Trakya\u2019da en \u00e7ok vaka \u0130ske\u00e7e\u2019de...","og_description":"Ulusal Kamu Sa\u011fl\u0131\u011f\u0131 Kurumu (EODY), g\u00fcnl\u00fck koronavir\u00fcs salg\u0131n\u0131 raporunu a\u00e7\u0131klad\u0131. Salg\u0131n ba\u015flang\u0131c\u0131ndan bu yana hayat\u0131n\u0131 kaybedenlerin say\u0131s\u0131 2102\u2019ye ula\u015ft\u0131. Son 24 saat i\u00e7inde 101 ki\u015fi hayat\u0131n\u0131 kaybetti. Hastanelerdeki ent\u00fcbe hasta say\u0131s\u0131 da 607 olarak a\u00e7\u0131kland\u0131. 27 Kas\u0131m Cuma g\u00fcn\u00fc itibar\u0131yla koronavir\u00fcs vakalar\u0131na 2.013 ki\u015fi daha eklendi. Bat\u0131 Trakya\u2019da; Rodop ilinde 12, \u0130ske\u00e7e ilinde 46, Evros &hellip;","og_url":"https:\/\/batitrakya.live\/index.php\/yunanistanda-covid-19dan-101-olu-bati-trakyada-en-cok-vaka-iskecede\/","og_site_name":"Bat\u0131 Trakya Haber","article_published_time":"2020-11-27T21:24:11+00:00","og_image":[{"width":512,"height":512,"url":"https:\/\/batitrakya.live\/wp-content\/uploads\/2021\/02\/cropped-aytrakya.png","type":"image\/png"}],"author":"tamer","twitter_card":"summary_large_image","twitter_misc":{"Yazan:":"tamer","Tahmini okuma s\u00fcresi":"1 dakika"},"schema":{"@context":"https:\/\/schema.org","@graph":[{"@type":"Article","@id":"https:\/\/batitrakya.live\/index.php\/yunanistanda-covid-19dan-101-olu-bati-trakyada-en-cok-vaka-iskecede\/#article","isPartOf":{"@id":"https:\/\/batitrakya.live\/index.php\/yunanistanda-covid-19dan-101-olu-bati-trakyada-en-cok-vaka-iskecede\/"},"author":{"name":"tamer","@id":"https:\/\/batitrakya.live\/#\/schema\/person\/61b86abbc19e5fa0bbc3059670546fe5"},"headline":"Yunanistan&#8217;da Covid-19&#8217;dan 101 \u00f6l\u00fc.Bat\u0131 Trakya\u2019da en \u00e7ok vaka \u0130ske\u00e7e\u2019de&#8230;","datePublished":"2020-11-27T21:24:11+00:00","mainEntityOfPage":{"@id":"https:\/\/batitrakya.live\/index.php\/yunanistanda-covid-19dan-101-olu-bati-trakyada-en-cok-vaka-iskecede\/"},"wordCount":308,"commentCount":0,"keywords":["Koronavirus(covid-19)"],"articleSection":["Bat\u0131 Trakyam Haber","Yunanistan Haber"],"inLanguage":"tr","potentialAction":[{"@type":"CommentAction","name":"Comment","target":["https:\/\/batitrakya.live\/index.php\/yunanistanda-covid-19dan-101-olu-bati-trakyada-en-cok-vaka-iskecede\/#respond"]}],"copyrightYear":"2020","copyrightHolder":{"@id":"https:\/\/batitrakya.live\/#organization"}},{"@type":"WebPage","@id":"https:\/\/batitrakya.live\/index.php\/yunanistanda-covid-19dan-101-olu-bati-trakyada-en-cok-vaka-iskecede\/","url":"https:\/\/batitrakya.live\/index.php\/yunanistanda-covid-19dan-101-olu-bati-trakyada-en-cok-vaka-iskecede\/","name":"Yunanistan'da Covid-19'dan 101 \u00f6l\u00fc.Bat\u0131 Trakya\u2019da en \u00e7ok vaka \u0130ske\u00e7e\u2019de... - Bat\u0131 Trakya Haber","isPartOf":{"@id":"https:\/\/batitrakya.live\/#website"},"datePublished":"2020-11-27T21:24:11+00:00","author":{"@id":"https:\/\/batitrakya.live\/#\/schema\/person\/61b86abbc19e5fa0bbc3059670546fe5"},"breadcrumb":{"@id":"https:\/\/batitrakya.live\/index.php\/yunanistanda-covid-19dan-101-olu-bati-trakyada-en-cok-vaka-iskecede\/#breadcrumb"},"inLanguage":"tr","potentialAction":[{"@type":"ReadAction","target":["https:\/\/batitrakya.live\/index.php\/yunanistanda-covid-19dan-101-olu-bati-trakyada-en-cok-vaka-iskecede\/"]}]},{"@type":"BreadcrumbList","@id":"https:\/\/batitrakya.live\/index.php\/yunanistanda-covid-19dan-101-olu-bati-trakyada-en-cok-vaka-iskecede\/#breadcrumb","itemListElement":[{"@type":"ListItem","position":1,"name":"Anasayfa","item":"https:\/\/batitrakya.live\/"},{"@type":"ListItem","position":2,"name":"Yunanistan&#8217;da Covid-19&#8217;dan 101 \u00f6l\u00fc.Bat\u0131 Trakya\u2019da en \u00e7ok vaka \u0130ske\u00e7e\u2019de&#8230;"}]},{"@type":"WebSite","@id":"https:\/\/batitrakya.live\/#website","url":"https:\/\/batitrakya.live\/","name":"Bat\u0131 Trakya Haber","description":"Bat\u0131 Trakyan\u0131n internetteki sesi..","potentialAction":[{"@type":"SearchAction","target":{"@type":"EntryPoint","urlTemplate":"https:\/\/batitrakya.live\/?s={search_term_string}"},"query-input":{"@type":"PropertyValueSpecification","valueRequired":true,"valueName":"search_term_string"}}],"inLanguage":"tr"},{"@type":"Person","@id":"https:\/\/batitrakya.live\/#\/schema\/person\/61b86abbc19e5fa0bbc3059670546fe5","name":"tamer","image":{"@type":"ImageObject","inLanguage":"tr","@id":"https:\/\/secure.gravatar.com\/avatar\/60b0ff14c4376999cea9565d28b91fc61ff0f727c28cd083506a6d83ad6df9c9?s=96&d=mm&r=g","url":"https:\/\/secure.gravatar.com\/avatar\/60b0ff14c4376999cea9565d28b91fc61ff0f727c28cd083506a6d83ad6df9c9?s=96&d=mm&r=g","contentUrl":"https:\/\/secure.gravatar.com\/avatar\/60b0ff14c4376999cea9565d28b91fc61ff0f727c28cd083506a6d83ad6df9c9?s=96&d=mm&r=g","caption":"tamer"},"sameAs":["https:\/\/batitrakya.live"],"url":"https:\/\/batitrakya.live\/index.php\/author\/tamer\/"}]}},"_links":{"self":[{"href":"https:\/\/batitrakya.live\/index.php\/wp-json\/wp\/v2\/posts\/30212","targetHints":{"allow":["GET"]}}],"collection":[{"href":"https:\/\/batitrakya.live\/index.php\/wp-json\/wp\/v2\/posts"}],"about":[{"href":"https:\/\/batitrakya.live\/index.php\/wp-json\/wp\/v2\/types\/post"}],"author":[{"embeddable":true,"href":"https:\/\/batitrakya.live\/index.php\/wp-json\/wp\/v2\/users\/1"}],"replies":[{"embeddable":true,"href":"https:\/\/batitrakya.live\/index.php\/wp-json\/wp\/v2\/comments?post=30212"}],"version-history":[{"count":0,"href":"https:\/\/batitrakya.live\/index.php\/wp-json\/wp\/v2\/posts\/30212\/revisions"}],"wp:attachment":[{"href":"https:\/\/batitrakya.live\/index.php\/wp-json\/wp\/v2\/media?parent=30212"}],"wp:term":[{"taxonomy":"category","embeddable":true,"href":"https:\/\/batitrakya.live\/index.php\/wp-json\/wp\/v2\/categories?post=30212"},{"taxonomy":"post_tag","embeddable":true,"href":"https:\/\/batitrakya.live\/index.php\/wp-json\/wp\/v2\/tags?post=30212"}],"curies":[{"name":"wp","href":"https:\/\/api.w.org\/{rel}","templated":true}]}}