{"id":30140,"date":"2020-11-24T18:27:00","date_gmt":"2020-11-24T17:27:00","guid":{"rendered":"https:\/\/batitrakya.live\/?p=30140"},"modified":"2020-11-24T18:27:00","modified_gmt":"2020-11-24T17:27:00","slug":"turkiye-egedeki-6-ada-ile-ilgili-yeni-navtex-yayinladi","status":"publish","type":"post","link":"https:\/\/batitrakya.live\/index.php\/turkiye-egedeki-6-ada-ile-ilgili-yeni-navtex-yayinladi\/","title":{"rendered":"T\u00fcrkiye Ege\u2019deki 6 Ada \u0130le \u0130lgili Yeni Navtex Yay\u0131nlad\u0131&#8230;"},"content":{"rendered":"<p>T\u00fcrkiye, Ege\u2019deki Sak\u0131z, Sisam, Semadirek, Limni, Ahikerya ve Batnoz adalar\u0131n\u0131n 1923 Lozan Bar\u0131\u015f Antla\u015fmas\u0131 ve 1947 Paris Antla\u015fmas\u0131 ile belirlenen gayri askeri stat\u00fcn\u00fcn ihlaline y\u00f6nelik 3 yeni Navtex yay\u0131nlad\u0131.<\/p>\n<p>Yunanistan, gerilimin azalt\u0131lmas\u0131na y\u00f6nelik diyalog \u00e7abalar\u0131na ra\u011fmen uluslararas\u0131 hukuk ve anla\u015fmalara ayk\u0131r\u0131 ad\u0131mlar\u0131na devam ediyor.<\/p>\n<p>Atina y\u00f6netimi Ege Denizi\u2019ndeki Sak\u0131z (Hios), Sisam (Samos), Semadirek (Samothraki), Limni (Limnos), Ahikerya (\u0130karia) ve Batnoz (Patmos) adalar\u0131na askeri sevkiyat yapt\u0131.<\/p>\n<p><strong>T\u00fcrkiye 3 ayr\u0131 Navtex yay\u0131nlad\u0131.<\/strong><br \/>\nSeyir Hidrografi ve O\u015finografi Dairesi Ba\u015fkanl\u0131\u011f\u0131\u2019ndan yap\u0131lan duyuruda, Ahikerya ve Batnoz adalar\u0131n\u0131n 1923 Lozan Bar\u0131\u015f Antla\u015fmas\u0131 ve 1947 Paris Antla\u015fmas\u0131 ile belirlenen gayri askeri stat\u00fcs\u00fcn\u00fcn ihlal edildi\u011fi belirtildi.<\/p>\n<p>Di\u011fer Navtex duyusunda ise Semadirek ve Limni adalar\u0131n\u0131n 1923 Lozan Bar\u0131\u015f Antla\u015fmas\u0131 ile belirlenen gayri askeri stat\u00fcs\u00fcn\u00fcn ihlal edildi\u011fi ifade edildi.<\/p>\n<p>Yine \u0130zmir istasyonu taraf\u0131ndan yay\u0131nlanan son Navtex duyurusunda ise Sak\u0131z ve Sisam adalar\u0131n\u0131n 1923 Lozan Bar\u0131\u015f Antla\u015fmas\u0131 ile belirlenen gayri askeri stat\u00fcs\u00fcn\u00fcn ihlal edildi\u011fi vurguland\u0131.<\/p>\n","protected":false},"excerpt":{"rendered":"<p>T\u00fcrkiye, Ege\u2019deki Sak\u0131z, Sisam, Semadirek, Limni, Ahikerya ve Batnoz adalar\u0131n\u0131n 1923 Lozan Bar\u0131\u015f Antla\u015fmas\u0131 ve 1947 Paris Antla\u015fmas\u0131 ile belirlenen gayri askeri stat\u00fcn\u00fcn ihlaline y\u00f6nelik 3 yeni Navtex yay\u0131nlad\u0131. Yunanistan, gerilimin azalt\u0131lmas\u0131na y\u00f6nelik diyalog \u00e7abalar\u0131na ra\u011fmen uluslararas\u0131 hukuk ve anla\u015fmalara ayk\u0131r\u0131 ad\u0131mlar\u0131na devam ediyor. Atina y\u00f6netimi Ege Denizi\u2019ndeki Sak\u0131z (Hios), Sisam (Samos), Semadirek (Samothraki), Limni &hellip;<\/p>\n","protected":false},"author":1,"featured_media":27099,"comment_status":"open","ping_status":"open","sticky":false,"template":"","format":"standard","meta":{"footnotes":""},"categories":[29],"tags":[56,345],"class_list":["post-30140","post","type-post","status-publish","format-standard","has-post-thumbnail","hentry","category-dunya-gundem","tag-ege","tag-navtex"],"yoast_head":"<!-- This site is optimized with the Yoast SEO Premium plugin v26.3 (Yoast SEO v27.3) - https:\/\/yoast.com\/product\/yoast-seo-premium-wordpress\/ -->\n<title>T\u00fcrkiye Ege\u2019deki 6 Ada \u0130le \u0130lgili Yeni Navtex Yay\u0131nlad\u0131... - Bat\u0131 Trakya Haber<\/title>\n<meta name=\"robots\" content=\"index, follow, max-snippet:-1, max-image-preview:large, max-video-preview:-1\" \/>\n<link rel=\"canonical\" href=\"https:\/\/batitrakya.live\/index.php\/turkiye-egedeki-6-ada-ile-ilgili-yeni-navtex-yayinladi\/\" \/>\n<meta property=\"og:locale\" content=\"tr_TR\" \/>\n<meta property=\"og:type\" content=\"article\" \/>\n<meta property=\"og:title\" content=\"T\u00fcrkiye Ege\u2019deki 6 Ada \u0130le \u0130lgili Yeni Navtex Yay\u0131nlad\u0131...\" \/>\n<meta property=\"og:description\" content=\"T\u00fcrkiye, Ege\u2019deki Sak\u0131z, Sisam, Semadirek, Limni, Ahikerya ve Batnoz adalar\u0131n\u0131n 1923 Lozan Bar\u0131\u015f Antla\u015fmas\u0131 ve 1947 Paris Antla\u015fmas\u0131 ile belirlenen gayri askeri stat\u00fcn\u00fcn ihlaline y\u00f6nelik 3 yeni Navtex yay\u0131nlad\u0131. Yunanistan, gerilimin azalt\u0131lmas\u0131na y\u00f6nelik diyalog \u00e7abalar\u0131na ra\u011fmen uluslararas\u0131 hukuk ve anla\u015fmalara ayk\u0131r\u0131 ad\u0131mlar\u0131na devam ediyor. Atina y\u00f6netimi Ege Denizi\u2019ndeki Sak\u0131z (Hios), Sisam (Samos), Semadirek (Samothraki), Limni &hellip;\" \/>\n<meta property=\"og:url\" content=\"https:\/\/batitrakya.live\/index.php\/turkiye-egedeki-6-ada-ile-ilgili-yeni-navtex-yayinladi\/\" \/>\n<meta property=\"og:site_name\" content=\"Bat\u0131 Trakya Haber\" \/>\n<meta property=\"article:published_time\" content=\"2020-11-24T17:27:00+00:00\" \/>\n<meta property=\"og:image\" content=\"https:\/\/batitrakya.live\/wp-content\/uploads\/2020\/09\/greece_turkey.png\" \/>\n\t<meta property=\"og:image:width\" content=\"720\" \/>\n\t<meta property=\"og:image:height\" content=\"348\" \/>\n\t<meta property=\"og:image:type\" content=\"image\/png\" \/>\n<meta name=\"author\" content=\"tamer\" \/>\n<meta name=\"twitter:card\" content=\"summary_large_image\" \/>\n<meta name=\"twitter:label1\" content=\"Yazan:\" \/>\n\t<meta name=\"twitter:data1\" content=\"tamer\" \/>\n\t<meta name=\"twitter:label2\" content=\"Tahmini okuma s\u00fcresi\" \/>\n\t<meta name=\"twitter:data2\" content=\"1 dakika\" \/>\n<script type=\"application\/ld+json\" class=\"yoast-schema-graph\">{\"@context\":\"https:\\\/\\\/schema.org\",\"@graph\":[{\"@type\":\"Article\",\"@id\":\"https:\\\/\\\/batitrakya.live\\\/index.php\\\/turkiye-egedeki-6-ada-ile-ilgili-yeni-navtex-yayinladi\\\/#article\",\"isPartOf\":{\"@id\":\"https:\\\/\\\/batitrakya.live\\\/index.php\\\/turkiye-egedeki-6-ada-ile-ilgili-yeni-navtex-yayinladi\\\/\"},\"author\":{\"name\":\"tamer\",\"@id\":\"https:\\\/\\\/batitrakya.live\\\/#\\\/schema\\\/person\\\/61b86abbc19e5fa0bbc3059670546fe5\"},\"headline\":\"T\u00fcrkiye Ege\u2019deki 6 Ada \u0130le \u0130lgili Yeni Navtex Yay\u0131nlad\u0131&#8230;\",\"datePublished\":\"2020-11-24T17:27:00+00:00\",\"mainEntityOfPage\":{\"@id\":\"https:\\\/\\\/batitrakya.live\\\/index.php\\\/turkiye-egedeki-6-ada-ile-ilgili-yeni-navtex-yayinladi\\\/\"},\"wordCount\":203,\"commentCount\":0,\"image\":{\"@id\":\"https:\\\/\\\/batitrakya.live\\\/index.php\\\/turkiye-egedeki-6-ada-ile-ilgili-yeni-navtex-yayinladi\\\/#primaryimage\"},\"thumbnailUrl\":\"https:\\\/\\\/batitrakya.live\\\/wp-content\\\/uploads\\\/2020\\\/09\\\/greece_turkey.png\",\"keywords\":[\"Ege\",\"Navtex\"],\"articleSection\":[\"T\u00fcrkiye | D\u00fcnya | G\u00fcndem\"],\"inLanguage\":\"tr\",\"potentialAction\":[{\"@type\":\"CommentAction\",\"name\":\"Comment\",\"target\":[\"https:\\\/\\\/batitrakya.live\\\/index.php\\\/turkiye-egedeki-6-ada-ile-ilgili-yeni-navtex-yayinladi\\\/#respond\"]}],\"copyrightYear\":\"2020\",\"copyrightHolder\":{\"@id\":\"https:\\\/\\\/batitrakya.live\\\/#organization\"}},{\"@type\":\"WebPage\",\"@id\":\"https:\\\/\\\/batitrakya.live\\\/index.php\\\/turkiye-egedeki-6-ada-ile-ilgili-yeni-navtex-yayinladi\\\/\",\"url\":\"https:\\\/\\\/batitrakya.live\\\/index.php\\\/turkiye-egedeki-6-ada-ile-ilgili-yeni-navtex-yayinladi\\\/\",\"name\":\"T\u00fcrkiye Ege\u2019deki 6 Ada \u0130le \u0130lgili Yeni Navtex Yay\u0131nlad\u0131... - Bat\u0131 Trakya Haber\",\"isPartOf\":{\"@id\":\"https:\\\/\\\/batitrakya.live\\\/#website\"},\"primaryImageOfPage\":{\"@id\":\"https:\\\/\\\/batitrakya.live\\\/index.php\\\/turkiye-egedeki-6-ada-ile-ilgili-yeni-navtex-yayinladi\\\/#primaryimage\"},\"image\":{\"@id\":\"https:\\\/\\\/batitrakya.live\\\/index.php\\\/turkiye-egedeki-6-ada-ile-ilgili-yeni-navtex-yayinladi\\\/#primaryimage\"},\"thumbnailUrl\":\"https:\\\/\\\/batitrakya.live\\\/wp-content\\\/uploads\\\/2020\\\/09\\\/greece_turkey.png\",\"datePublished\":\"2020-11-24T17:27:00+00:00\",\"author\":{\"@id\":\"https:\\\/\\\/batitrakya.live\\\/#\\\/schema\\\/person\\\/61b86abbc19e5fa0bbc3059670546fe5\"},\"breadcrumb\":{\"@id\":\"https:\\\/\\\/batitrakya.live\\\/index.php\\\/turkiye-egedeki-6-ada-ile-ilgili-yeni-navtex-yayinladi\\\/#breadcrumb\"},\"inLanguage\":\"tr\",\"potentialAction\":[{\"@type\":\"ReadAction\",\"target\":[\"https:\\\/\\\/batitrakya.live\\\/index.php\\\/turkiye-egedeki-6-ada-ile-ilgili-yeni-navtex-yayinladi\\\/\"]}]},{\"@type\":\"ImageObject\",\"inLanguage\":\"tr\",\"@id\":\"https:\\\/\\\/batitrakya.live\\\/index.php\\\/turkiye-egedeki-6-ada-ile-ilgili-yeni-navtex-yayinladi\\\/#primaryimage\",\"url\":\"https:\\\/\\\/batitrakya.live\\\/wp-content\\\/uploads\\\/2020\\\/09\\\/greece_turkey.png\",\"contentUrl\":\"https:\\\/\\\/batitrakya.live\\\/wp-content\\\/uploads\\\/2020\\\/09\\\/greece_turkey.png\",\"width\":720,\"height\":348},{\"@type\":\"BreadcrumbList\",\"@id\":\"https:\\\/\\\/batitrakya.live\\\/index.php\\\/turkiye-egedeki-6-ada-ile-ilgili-yeni-navtex-yayinladi\\\/#breadcrumb\",\"itemListElement\":[{\"@type\":\"ListItem\",\"position\":1,\"name\":\"Anasayfa\",\"item\":\"https:\\\/\\\/batitrakya.live\\\/\"},{\"@type\":\"ListItem\",\"position\":2,\"name\":\"T\u00fcrkiye Ege\u2019deki 6 Ada \u0130le \u0130lgili Yeni Navtex Yay\u0131nlad\u0131&#8230;\"}]},{\"@type\":\"WebSite\",\"@id\":\"https:\\\/\\\/batitrakya.live\\\/#website\",\"url\":\"https:\\\/\\\/batitrakya.live\\\/\",\"name\":\"Bat\u0131 Trakya Haber\",\"description\":\"Bat\u0131 Trakyan\u0131n internetteki sesi..\",\"potentialAction\":[{\"@type\":\"SearchAction\",\"target\":{\"@type\":\"EntryPoint\",\"urlTemplate\":\"https:\\\/\\\/batitrakya.live\\\/?s={search_term_string}\"},\"query-input\":{\"@type\":\"PropertyValueSpecification\",\"valueRequired\":true,\"valueName\":\"search_term_string\"}}],\"inLanguage\":\"tr\"},{\"@type\":\"Person\",\"@id\":\"https:\\\/\\\/batitrakya.live\\\/#\\\/schema\\\/person\\\/61b86abbc19e5fa0bbc3059670546fe5\",\"name\":\"tamer\",\"image\":{\"@type\":\"ImageObject\",\"inLanguage\":\"tr\",\"@id\":\"https:\\\/\\\/secure.gravatar.com\\\/avatar\\\/60b0ff14c4376999cea9565d28b91fc61ff0f727c28cd083506a6d83ad6df9c9?s=96&d=mm&r=g\",\"url\":\"https:\\\/\\\/secure.gravatar.com\\\/avatar\\\/60b0ff14c4376999cea9565d28b91fc61ff0f727c28cd083506a6d83ad6df9c9?s=96&d=mm&r=g\",\"contentUrl\":\"https:\\\/\\\/secure.gravatar.com\\\/avatar\\\/60b0ff14c4376999cea9565d28b91fc61ff0f727c28cd083506a6d83ad6df9c9?s=96&d=mm&r=g\",\"caption\":\"tamer\"},\"sameAs\":[\"https:\\\/\\\/batitrakya.live\"],\"url\":\"https:\\\/\\\/batitrakya.live\\\/index.php\\\/author\\\/tamer\\\/\"}]}<\/script>\n<!-- \/ Yoast SEO Premium plugin. -->","yoast_head_json":{"title":"T\u00fcrkiye Ege\u2019deki 6 Ada \u0130le \u0130lgili Yeni Navtex Yay\u0131nlad\u0131... - Bat\u0131 Trakya Haber","robots":{"index":"index","follow":"follow","max-snippet":"max-snippet:-1","max-image-preview":"max-image-preview:large","max-video-preview":"max-video-preview:-1"},"canonical":"https:\/\/batitrakya.live\/index.php\/turkiye-egedeki-6-ada-ile-ilgili-yeni-navtex-yayinladi\/","og_locale":"tr_TR","og_type":"article","og_title":"T\u00fcrkiye Ege\u2019deki 6 Ada \u0130le \u0130lgili Yeni Navtex Yay\u0131nlad\u0131...","og_description":"T\u00fcrkiye, Ege\u2019deki Sak\u0131z, Sisam, Semadirek, Limni, Ahikerya ve Batnoz adalar\u0131n\u0131n 1923 Lozan Bar\u0131\u015f Antla\u015fmas\u0131 ve 1947 Paris Antla\u015fmas\u0131 ile belirlenen gayri askeri stat\u00fcn\u00fcn ihlaline y\u00f6nelik 3 yeni Navtex yay\u0131nlad\u0131. Yunanistan, gerilimin azalt\u0131lmas\u0131na y\u00f6nelik diyalog \u00e7abalar\u0131na ra\u011fmen uluslararas\u0131 hukuk ve anla\u015fmalara ayk\u0131r\u0131 ad\u0131mlar\u0131na devam ediyor. Atina y\u00f6netimi Ege Denizi\u2019ndeki Sak\u0131z (Hios), Sisam (Samos), Semadirek (Samothraki), Limni &hellip;","og_url":"https:\/\/batitrakya.live\/index.php\/turkiye-egedeki-6-ada-ile-ilgili-yeni-navtex-yayinladi\/","og_site_name":"Bat\u0131 Trakya Haber","article_published_time":"2020-11-24T17:27:00+00:00","og_image":[{"width":720,"height":348,"url":"https:\/\/batitrakya.live\/wp-content\/uploads\/2020\/09\/greece_turkey.png","type":"image\/png"}],"author":"tamer","twitter_card":"summary_large_image","twitter_misc":{"Yazan:":"tamer","Tahmini okuma s\u00fcresi":"1 dakika"},"schema":{"@context":"https:\/\/schema.org","@graph":[{"@type":"Article","@id":"https:\/\/batitrakya.live\/index.php\/turkiye-egedeki-6-ada-ile-ilgili-yeni-navtex-yayinladi\/#article","isPartOf":{"@id":"https:\/\/batitrakya.live\/index.php\/turkiye-egedeki-6-ada-ile-ilgili-yeni-navtex-yayinladi\/"},"author":{"name":"tamer","@id":"https:\/\/batitrakya.live\/#\/schema\/person\/61b86abbc19e5fa0bbc3059670546fe5"},"headline":"T\u00fcrkiye Ege\u2019deki 6 Ada \u0130le \u0130lgili Yeni Navtex Yay\u0131nlad\u0131&#8230;","datePublished":"2020-11-24T17:27:00+00:00","mainEntityOfPage":{"@id":"https:\/\/batitrakya.live\/index.php\/turkiye-egedeki-6-ada-ile-ilgili-yeni-navtex-yayinladi\/"},"wordCount":203,"commentCount":0,"image":{"@id":"https:\/\/batitrakya.live\/index.php\/turkiye-egedeki-6-ada-ile-ilgili-yeni-navtex-yayinladi\/#primaryimage"},"thumbnailUrl":"https:\/\/batitrakya.live\/wp-content\/uploads\/2020\/09\/greece_turkey.png","keywords":["Ege","Navtex"],"articleSection":["T\u00fcrkiye | D\u00fcnya | G\u00fcndem"],"inLanguage":"tr","potentialAction":[{"@type":"CommentAction","name":"Comment","target":["https:\/\/batitrakya.live\/index.php\/turkiye-egedeki-6-ada-ile-ilgili-yeni-navtex-yayinladi\/#respond"]}],"copyrightYear":"2020","copyrightHolder":{"@id":"https:\/\/batitrakya.live\/#organization"}},{"@type":"WebPage","@id":"https:\/\/batitrakya.live\/index.php\/turkiye-egedeki-6-ada-ile-ilgili-yeni-navtex-yayinladi\/","url":"https:\/\/batitrakya.live\/index.php\/turkiye-egedeki-6-ada-ile-ilgili-yeni-navtex-yayinladi\/","name":"T\u00fcrkiye Ege\u2019deki 6 Ada \u0130le \u0130lgili Yeni Navtex Yay\u0131nlad\u0131... - Bat\u0131 Trakya Haber","isPartOf":{"@id":"https:\/\/batitrakya.live\/#website"},"primaryImageOfPage":{"@id":"https:\/\/batitrakya.live\/index.php\/turkiye-egedeki-6-ada-ile-ilgili-yeni-navtex-yayinladi\/#primaryimage"},"image":{"@id":"https:\/\/batitrakya.live\/index.php\/turkiye-egedeki-6-ada-ile-ilgili-yeni-navtex-yayinladi\/#primaryimage"},"thumbnailUrl":"https:\/\/batitrakya.live\/wp-content\/uploads\/2020\/09\/greece_turkey.png","datePublished":"2020-11-24T17:27:00+00:00","author":{"@id":"https:\/\/batitrakya.live\/#\/schema\/person\/61b86abbc19e5fa0bbc3059670546fe5"},"breadcrumb":{"@id":"https:\/\/batitrakya.live\/index.php\/turkiye-egedeki-6-ada-ile-ilgili-yeni-navtex-yayinladi\/#breadcrumb"},"inLanguage":"tr","potentialAction":[{"@type":"ReadAction","target":["https:\/\/batitrakya.live\/index.php\/turkiye-egedeki-6-ada-ile-ilgili-yeni-navtex-yayinladi\/"]}]},{"@type":"ImageObject","inLanguage":"tr","@id":"https:\/\/batitrakya.live\/index.php\/turkiye-egedeki-6-ada-ile-ilgili-yeni-navtex-yayinladi\/#primaryimage","url":"https:\/\/batitrakya.live\/wp-content\/uploads\/2020\/09\/greece_turkey.png","contentUrl":"https:\/\/batitrakya.live\/wp-content\/uploads\/2020\/09\/greece_turkey.png","width":720,"height":348},{"@type":"BreadcrumbList","@id":"https:\/\/batitrakya.live\/index.php\/turkiye-egedeki-6-ada-ile-ilgili-yeni-navtex-yayinladi\/#breadcrumb","itemListElement":[{"@type":"ListItem","position":1,"name":"Anasayfa","item":"https:\/\/batitrakya.live\/"},{"@type":"ListItem","position":2,"name":"T\u00fcrkiye Ege\u2019deki 6 Ada \u0130le \u0130lgili Yeni Navtex Yay\u0131nlad\u0131&#8230;"}]},{"@type":"WebSite","@id":"https:\/\/batitrakya.live\/#website","url":"https:\/\/batitrakya.live\/","name":"Bat\u0131 Trakya Haber","description":"Bat\u0131 Trakyan\u0131n internetteki sesi..","potentialAction":[{"@type":"SearchAction","target":{"@type":"EntryPoint","urlTemplate":"https:\/\/batitrakya.live\/?s={search_term_string}"},"query-input":{"@type":"PropertyValueSpecification","valueRequired":true,"valueName":"search_term_string"}}],"inLanguage":"tr"},{"@type":"Person","@id":"https:\/\/batitrakya.live\/#\/schema\/person\/61b86abbc19e5fa0bbc3059670546fe5","name":"tamer","image":{"@type":"ImageObject","inLanguage":"tr","@id":"https:\/\/secure.gravatar.com\/avatar\/60b0ff14c4376999cea9565d28b91fc61ff0f727c28cd083506a6d83ad6df9c9?s=96&d=mm&r=g","url":"https:\/\/secure.gravatar.com\/avatar\/60b0ff14c4376999cea9565d28b91fc61ff0f727c28cd083506a6d83ad6df9c9?s=96&d=mm&r=g","contentUrl":"https:\/\/secure.gravatar.com\/avatar\/60b0ff14c4376999cea9565d28b91fc61ff0f727c28cd083506a6d83ad6df9c9?s=96&d=mm&r=g","caption":"tamer"},"sameAs":["https:\/\/batitrakya.live"],"url":"https:\/\/batitrakya.live\/index.php\/author\/tamer\/"}]}},"_links":{"self":[{"href":"https:\/\/batitrakya.live\/index.php\/wp-json\/wp\/v2\/posts\/30140","targetHints":{"allow":["GET"]}}],"collection":[{"href":"https:\/\/batitrakya.live\/index.php\/wp-json\/wp\/v2\/posts"}],"about":[{"href":"https:\/\/batitrakya.live\/index.php\/wp-json\/wp\/v2\/types\/post"}],"author":[{"embeddable":true,"href":"https:\/\/batitrakya.live\/index.php\/wp-json\/wp\/v2\/users\/1"}],"replies":[{"embeddable":true,"href":"https:\/\/batitrakya.live\/index.php\/wp-json\/wp\/v2\/comments?post=30140"}],"version-history":[{"count":0,"href":"https:\/\/batitrakya.live\/index.php\/wp-json\/wp\/v2\/posts\/30140\/revisions"}],"wp:featuredmedia":[{"embeddable":true,"href":"https:\/\/batitrakya.live\/index.php\/wp-json\/wp\/v2\/media\/27099"}],"wp:attachment":[{"href":"https:\/\/batitrakya.live\/index.php\/wp-json\/wp\/v2\/media?parent=30140"}],"wp:term":[{"taxonomy":"category","embeddable":true,"href":"https:\/\/batitrakya.live\/index.php\/wp-json\/wp\/v2\/categories?post=30140"},{"taxonomy":"post_tag","embeddable":true,"href":"https:\/\/batitrakya.live\/index.php\/wp-json\/wp\/v2\/tags?post=30140"}],"curies":[{"name":"wp","href":"https:\/\/api.w.org\/{rel}","templated":true}]}}