{"id":29863,"date":"2020-11-08T16:03:25","date_gmt":"2020-11-08T13:03:25","guid":{"rendered":"http:\/\/batitrakya.live\/?p=29863"},"modified":"2020-11-08T16:03:25","modified_gmt":"2020-11-08T13:03:25","slug":"almanyadogu-makedonya-trakyayi-riskli-bolgeler-olarak-siniflandirdi","status":"publish","type":"post","link":"https:\/\/batitrakya.live\/index.php\/almanyadogu-makedonya-trakyayi-riskli-bolgeler-olarak-siniflandirdi\/","title":{"rendered":"Almanya,Do\u011fu Makedonya &#8211; Trakya&#8217;y\u0131 &#8220;riskli b\u00f6lgeler&#8221; olarak s\u0131n\u0131fland\u0131rd\u0131&#8230;"},"content":{"rendered":"<p>Almanya, Koronavir\u00fcs vakalar\u0131n\u0131n artmas\u0131 nedeniyle Atina, Tesalya, Do\u011fu Makedonya \u2013 Trakya, Bat\u0131 Makedonya ve Orta Makedonya\u2019y\u0131 \u201criskli b\u00f6lgeler\u201d olarak s\u0131n\u0131fland\u0131rd\u0131.<\/p>\n<p>Almanya D\u0131\u015fi\u015fleri Bakanl\u0131\u011f\u0131 taraf\u0131ndan Cuma ak\u015fam\u0131 yay\u0131nlanan g\u00fcncellenmi\u015f seyahat brifingine g\u00f6re, Yunanistan b\u00f6lgelerinin, Estonya ve Norve\u00e7\u2019in de eklenmesiyle, art\u0131k Almanya a\u00e7\u0131s\u0131ndan tamamen \u201cg\u00fcvenli\u201d bir Avrupa \u00fclkesi kalmad\u0131.<\/p>\n<p>Yunanistan b\u00f6lgelerinin riskli olarak s\u0131n\u0131fland\u0131r\u0131lmas\u0131, yedi g\u00fcn i\u00e7inde 100.000 ki\u015fi ba\u015f\u0131na 50 vakan\u0131n a\u015f\u0131lmas\u0131 nedeniyle, Alman makamlar\u0131nca yabanc\u0131 ve yerli tedbirlerin al\u0131nmas\u0131nda bir s\u0131n\u0131r olarak belirlenmi\u015f \u00f6nlem oldu\u011fu belirtiliyor.<\/p>\n<p>8 Kas\u0131m\u2019dan itibaren, bir \u201criskli b\u00f6lgeden\u201d Almanya\u2019ya gelenlerin, testleri negatif \u00e7\u0131ksa dahi 10 g\u00fcn evlerinde karantinada kalmalar\u0131 gerekmektedir. Ayr\u0131ca Almanya\u2019da oteller turist olarak gidecek yolcular\u0131 da kabul etmiyor.<\/p>\n","protected":false},"excerpt":{"rendered":"<p>Almanya, Koronavir\u00fcs vakalar\u0131n\u0131n artmas\u0131 nedeniyle Atina, Tesalya, Do\u011fu Makedonya \u2013 Trakya, Bat\u0131 Makedonya ve Orta Makedonya\u2019y\u0131 \u201criskli b\u00f6lgeler\u201d olarak s\u0131n\u0131fland\u0131rd\u0131. Almanya D\u0131\u015fi\u015fleri Bakanl\u0131\u011f\u0131 taraf\u0131ndan Cuma ak\u015fam\u0131 yay\u0131nlanan g\u00fcncellenmi\u015f seyahat brifingine g\u00f6re, Yunanistan b\u00f6lgelerinin, Estonya ve Norve\u00e7\u2019in de eklenmesiyle, art\u0131k Almanya a\u00e7\u0131s\u0131ndan tamamen \u201cg\u00fcvenli\u201d bir Avrupa \u00fclkesi kalmad\u0131. Yunanistan b\u00f6lgelerinin riskli olarak s\u0131n\u0131fland\u0131r\u0131lmas\u0131, yedi g\u00fcn i\u00e7inde &hellip;<\/p>\n","protected":false},"author":1,"featured_media":29864,"comment_status":"open","ping_status":"open","sticky":false,"template":"","format":"standard","meta":{"footnotes":""},"categories":[24],"tags":[138],"class_list":["post-29863","post","type-post","status-publish","format-standard","has-post-thumbnail","hentry","category-bati-trakyam-haber","tag-korona"],"yoast_head":"<!-- This site is optimized with the Yoast SEO Premium plugin v26.3 (Yoast SEO v27.3) - https:\/\/yoast.com\/product\/yoast-seo-premium-wordpress\/ -->\n<title>Almanya,Do\u011fu Makedonya - Trakya&#039;y\u0131 &quot;riskli b\u00f6lgeler&quot; olarak s\u0131n\u0131fland\u0131rd\u0131... - Bat\u0131 Trakya Haber<\/title>\n<meta name=\"robots\" content=\"index, follow, max-snippet:-1, max-image-preview:large, max-video-preview:-1\" \/>\n<link rel=\"canonical\" href=\"https:\/\/batitrakya.live\/index.php\/almanyadogu-makedonya-trakyayi-riskli-bolgeler-olarak-siniflandirdi\/\" \/>\n<meta property=\"og:locale\" content=\"tr_TR\" \/>\n<meta property=\"og:type\" content=\"article\" \/>\n<meta property=\"og:title\" content=\"Almanya,Do\u011fu Makedonya - Trakya&#039;y\u0131 &quot;riskli b\u00f6lgeler&quot; olarak s\u0131n\u0131fland\u0131rd\u0131...\" \/>\n<meta property=\"og:description\" content=\"Almanya, Koronavir\u00fcs vakalar\u0131n\u0131n artmas\u0131 nedeniyle Atina, Tesalya, Do\u011fu Makedonya \u2013 Trakya, Bat\u0131 Makedonya ve Orta Makedonya\u2019y\u0131 \u201criskli b\u00f6lgeler\u201d olarak s\u0131n\u0131fland\u0131rd\u0131. Almanya D\u0131\u015fi\u015fleri Bakanl\u0131\u011f\u0131 taraf\u0131ndan Cuma ak\u015fam\u0131 yay\u0131nlanan g\u00fcncellenmi\u015f seyahat brifingine g\u00f6re, Yunanistan b\u00f6lgelerinin, Estonya ve Norve\u00e7\u2019in de eklenmesiyle, art\u0131k Almanya a\u00e7\u0131s\u0131ndan tamamen \u201cg\u00fcvenli\u201d bir Avrupa \u00fclkesi kalmad\u0131. Yunanistan b\u00f6lgelerinin riskli olarak s\u0131n\u0131fland\u0131r\u0131lmas\u0131, yedi g\u00fcn i\u00e7inde &hellip;\" \/>\n<meta property=\"og:url\" content=\"https:\/\/batitrakya.live\/index.php\/almanyadogu-makedonya-trakyayi-riskli-bolgeler-olarak-siniflandirdi\/\" \/>\n<meta property=\"og:site_name\" content=\"Bat\u0131 Trakya Haber\" \/>\n<meta property=\"article:published_time\" content=\"2020-11-08T13:03:25+00:00\" \/>\n<meta property=\"og:image\" content=\"https:\/\/batitrakya.live\/wp-content\/uploads\/2020\/11\/trakya_corona.png\" \/>\n\t<meta property=\"og:image:width\" content=\"720\" \/>\n\t<meta property=\"og:image:height\" content=\"348\" \/>\n\t<meta property=\"og:image:type\" content=\"image\/png\" \/>\n<meta name=\"author\" content=\"tamer\" \/>\n<meta name=\"twitter:card\" content=\"summary_large_image\" \/>\n<meta name=\"twitter:label1\" content=\"Yazan:\" \/>\n\t<meta name=\"twitter:data1\" content=\"tamer\" \/>\n\t<meta name=\"twitter:label2\" content=\"Tahmini okuma s\u00fcresi\" \/>\n\t<meta name=\"twitter:data2\" content=\"1 dakika\" \/>\n<script type=\"application\/ld+json\" class=\"yoast-schema-graph\">{\"@context\":\"https:\\\/\\\/schema.org\",\"@graph\":[{\"@type\":\"Article\",\"@id\":\"https:\\\/\\\/batitrakya.live\\\/index.php\\\/almanyadogu-makedonya-trakyayi-riskli-bolgeler-olarak-siniflandirdi\\\/#article\",\"isPartOf\":{\"@id\":\"https:\\\/\\\/batitrakya.live\\\/index.php\\\/almanyadogu-makedonya-trakyayi-riskli-bolgeler-olarak-siniflandirdi\\\/\"},\"author\":{\"name\":\"tamer\",\"@id\":\"https:\\\/\\\/batitrakya.live\\\/#\\\/schema\\\/person\\\/61b86abbc19e5fa0bbc3059670546fe5\"},\"headline\":\"Almanya,Do\u011fu Makedonya &#8211; Trakya&#8217;y\u0131 &#8220;riskli b\u00f6lgeler&#8221; olarak s\u0131n\u0131fland\u0131rd\u0131&#8230;\",\"datePublished\":\"2020-11-08T13:03:25+00:00\",\"mainEntityOfPage\":{\"@id\":\"https:\\\/\\\/batitrakya.live\\\/index.php\\\/almanyadogu-makedonya-trakyayi-riskli-bolgeler-olarak-siniflandirdi\\\/\"},\"wordCount\":160,\"commentCount\":0,\"image\":{\"@id\":\"https:\\\/\\\/batitrakya.live\\\/index.php\\\/almanyadogu-makedonya-trakyayi-riskli-bolgeler-olarak-siniflandirdi\\\/#primaryimage\"},\"thumbnailUrl\":\"https:\\\/\\\/batitrakya.live\\\/wp-content\\\/uploads\\\/2020\\\/11\\\/trakya_corona.png\",\"keywords\":[\"Koronavirus(covid-19)\"],\"articleSection\":[\"Bat\u0131 Trakyam Haber\"],\"inLanguage\":\"tr\",\"potentialAction\":[{\"@type\":\"CommentAction\",\"name\":\"Comment\",\"target\":[\"https:\\\/\\\/batitrakya.live\\\/index.php\\\/almanyadogu-makedonya-trakyayi-riskli-bolgeler-olarak-siniflandirdi\\\/#respond\"]}],\"copyrightYear\":\"2020\",\"copyrightHolder\":{\"@id\":\"https:\\\/\\\/batitrakya.live\\\/#organization\"}},{\"@type\":\"WebPage\",\"@id\":\"https:\\\/\\\/batitrakya.live\\\/index.php\\\/almanyadogu-makedonya-trakyayi-riskli-bolgeler-olarak-siniflandirdi\\\/\",\"url\":\"https:\\\/\\\/batitrakya.live\\\/index.php\\\/almanyadogu-makedonya-trakyayi-riskli-bolgeler-olarak-siniflandirdi\\\/\",\"name\":\"Almanya,Do\u011fu Makedonya - Trakya'y\u0131 \\\"riskli b\u00f6lgeler\\\" olarak s\u0131n\u0131fland\u0131rd\u0131... - Bat\u0131 Trakya Haber\",\"isPartOf\":{\"@id\":\"https:\\\/\\\/batitrakya.live\\\/#website\"},\"primaryImageOfPage\":{\"@id\":\"https:\\\/\\\/batitrakya.live\\\/index.php\\\/almanyadogu-makedonya-trakyayi-riskli-bolgeler-olarak-siniflandirdi\\\/#primaryimage\"},\"image\":{\"@id\":\"https:\\\/\\\/batitrakya.live\\\/index.php\\\/almanyadogu-makedonya-trakyayi-riskli-bolgeler-olarak-siniflandirdi\\\/#primaryimage\"},\"thumbnailUrl\":\"https:\\\/\\\/batitrakya.live\\\/wp-content\\\/uploads\\\/2020\\\/11\\\/trakya_corona.png\",\"datePublished\":\"2020-11-08T13:03:25+00:00\",\"author\":{\"@id\":\"https:\\\/\\\/batitrakya.live\\\/#\\\/schema\\\/person\\\/61b86abbc19e5fa0bbc3059670546fe5\"},\"breadcrumb\":{\"@id\":\"https:\\\/\\\/batitrakya.live\\\/index.php\\\/almanyadogu-makedonya-trakyayi-riskli-bolgeler-olarak-siniflandirdi\\\/#breadcrumb\"},\"inLanguage\":\"tr\",\"potentialAction\":[{\"@type\":\"ReadAction\",\"target\":[\"https:\\\/\\\/batitrakya.live\\\/index.php\\\/almanyadogu-makedonya-trakyayi-riskli-bolgeler-olarak-siniflandirdi\\\/\"]}]},{\"@type\":\"ImageObject\",\"inLanguage\":\"tr\",\"@id\":\"https:\\\/\\\/batitrakya.live\\\/index.php\\\/almanyadogu-makedonya-trakyayi-riskli-bolgeler-olarak-siniflandirdi\\\/#primaryimage\",\"url\":\"https:\\\/\\\/batitrakya.live\\\/wp-content\\\/uploads\\\/2020\\\/11\\\/trakya_corona.png\",\"contentUrl\":\"https:\\\/\\\/batitrakya.live\\\/wp-content\\\/uploads\\\/2020\\\/11\\\/trakya_corona.png\",\"width\":720,\"height\":348},{\"@type\":\"BreadcrumbList\",\"@id\":\"https:\\\/\\\/batitrakya.live\\\/index.php\\\/almanyadogu-makedonya-trakyayi-riskli-bolgeler-olarak-siniflandirdi\\\/#breadcrumb\",\"itemListElement\":[{\"@type\":\"ListItem\",\"position\":1,\"name\":\"Anasayfa\",\"item\":\"https:\\\/\\\/batitrakya.live\\\/\"},{\"@type\":\"ListItem\",\"position\":2,\"name\":\"Almanya,Do\u011fu Makedonya &#8211; Trakya&#8217;y\u0131 &#8220;riskli b\u00f6lgeler&#8221; olarak s\u0131n\u0131fland\u0131rd\u0131&#8230;\"}]},{\"@type\":\"WebSite\",\"@id\":\"https:\\\/\\\/batitrakya.live\\\/#website\",\"url\":\"https:\\\/\\\/batitrakya.live\\\/\",\"name\":\"Bat\u0131 Trakya Haber\",\"description\":\"Bat\u0131 Trakyan\u0131n internetteki sesi..\",\"potentialAction\":[{\"@type\":\"SearchAction\",\"target\":{\"@type\":\"EntryPoint\",\"urlTemplate\":\"https:\\\/\\\/batitrakya.live\\\/?s={search_term_string}\"},\"query-input\":{\"@type\":\"PropertyValueSpecification\",\"valueRequired\":true,\"valueName\":\"search_term_string\"}}],\"inLanguage\":\"tr\"},{\"@type\":\"Person\",\"@id\":\"https:\\\/\\\/batitrakya.live\\\/#\\\/schema\\\/person\\\/61b86abbc19e5fa0bbc3059670546fe5\",\"name\":\"tamer\",\"image\":{\"@type\":\"ImageObject\",\"inLanguage\":\"tr\",\"@id\":\"https:\\\/\\\/secure.gravatar.com\\\/avatar\\\/60b0ff14c4376999cea9565d28b91fc61ff0f727c28cd083506a6d83ad6df9c9?s=96&d=mm&r=g\",\"url\":\"https:\\\/\\\/secure.gravatar.com\\\/avatar\\\/60b0ff14c4376999cea9565d28b91fc61ff0f727c28cd083506a6d83ad6df9c9?s=96&d=mm&r=g\",\"contentUrl\":\"https:\\\/\\\/secure.gravatar.com\\\/avatar\\\/60b0ff14c4376999cea9565d28b91fc61ff0f727c28cd083506a6d83ad6df9c9?s=96&d=mm&r=g\",\"caption\":\"tamer\"},\"sameAs\":[\"https:\\\/\\\/batitrakya.live\"],\"url\":\"https:\\\/\\\/batitrakya.live\\\/index.php\\\/author\\\/tamer\\\/\"}]}<\/script>\n<!-- \/ Yoast SEO Premium plugin. -->","yoast_head_json":{"title":"Almanya,Do\u011fu Makedonya - Trakya'y\u0131 \"riskli b\u00f6lgeler\" olarak s\u0131n\u0131fland\u0131rd\u0131... - Bat\u0131 Trakya Haber","robots":{"index":"index","follow":"follow","max-snippet":"max-snippet:-1","max-image-preview":"max-image-preview:large","max-video-preview":"max-video-preview:-1"},"canonical":"https:\/\/batitrakya.live\/index.php\/almanyadogu-makedonya-trakyayi-riskli-bolgeler-olarak-siniflandirdi\/","og_locale":"tr_TR","og_type":"article","og_title":"Almanya,Do\u011fu Makedonya - Trakya'y\u0131 \"riskli b\u00f6lgeler\" olarak s\u0131n\u0131fland\u0131rd\u0131...","og_description":"Almanya, Koronavir\u00fcs vakalar\u0131n\u0131n artmas\u0131 nedeniyle Atina, Tesalya, Do\u011fu Makedonya \u2013 Trakya, Bat\u0131 Makedonya ve Orta Makedonya\u2019y\u0131 \u201criskli b\u00f6lgeler\u201d olarak s\u0131n\u0131fland\u0131rd\u0131. Almanya D\u0131\u015fi\u015fleri Bakanl\u0131\u011f\u0131 taraf\u0131ndan Cuma ak\u015fam\u0131 yay\u0131nlanan g\u00fcncellenmi\u015f seyahat brifingine g\u00f6re, Yunanistan b\u00f6lgelerinin, Estonya ve Norve\u00e7\u2019in de eklenmesiyle, art\u0131k Almanya a\u00e7\u0131s\u0131ndan tamamen \u201cg\u00fcvenli\u201d bir Avrupa \u00fclkesi kalmad\u0131. Yunanistan b\u00f6lgelerinin riskli olarak s\u0131n\u0131fland\u0131r\u0131lmas\u0131, yedi g\u00fcn i\u00e7inde &hellip;","og_url":"https:\/\/batitrakya.live\/index.php\/almanyadogu-makedonya-trakyayi-riskli-bolgeler-olarak-siniflandirdi\/","og_site_name":"Bat\u0131 Trakya Haber","article_published_time":"2020-11-08T13:03:25+00:00","og_image":[{"width":720,"height":348,"url":"https:\/\/batitrakya.live\/wp-content\/uploads\/2020\/11\/trakya_corona.png","type":"image\/png"}],"author":"tamer","twitter_card":"summary_large_image","twitter_misc":{"Yazan:":"tamer","Tahmini okuma s\u00fcresi":"1 dakika"},"schema":{"@context":"https:\/\/schema.org","@graph":[{"@type":"Article","@id":"https:\/\/batitrakya.live\/index.php\/almanyadogu-makedonya-trakyayi-riskli-bolgeler-olarak-siniflandirdi\/#article","isPartOf":{"@id":"https:\/\/batitrakya.live\/index.php\/almanyadogu-makedonya-trakyayi-riskli-bolgeler-olarak-siniflandirdi\/"},"author":{"name":"tamer","@id":"https:\/\/batitrakya.live\/#\/schema\/person\/61b86abbc19e5fa0bbc3059670546fe5"},"headline":"Almanya,Do\u011fu Makedonya &#8211; Trakya&#8217;y\u0131 &#8220;riskli b\u00f6lgeler&#8221; olarak s\u0131n\u0131fland\u0131rd\u0131&#8230;","datePublished":"2020-11-08T13:03:25+00:00","mainEntityOfPage":{"@id":"https:\/\/batitrakya.live\/index.php\/almanyadogu-makedonya-trakyayi-riskli-bolgeler-olarak-siniflandirdi\/"},"wordCount":160,"commentCount":0,"image":{"@id":"https:\/\/batitrakya.live\/index.php\/almanyadogu-makedonya-trakyayi-riskli-bolgeler-olarak-siniflandirdi\/#primaryimage"},"thumbnailUrl":"https:\/\/batitrakya.live\/wp-content\/uploads\/2020\/11\/trakya_corona.png","keywords":["Koronavirus(covid-19)"],"articleSection":["Bat\u0131 Trakyam Haber"],"inLanguage":"tr","potentialAction":[{"@type":"CommentAction","name":"Comment","target":["https:\/\/batitrakya.live\/index.php\/almanyadogu-makedonya-trakyayi-riskli-bolgeler-olarak-siniflandirdi\/#respond"]}],"copyrightYear":"2020","copyrightHolder":{"@id":"https:\/\/batitrakya.live\/#organization"}},{"@type":"WebPage","@id":"https:\/\/batitrakya.live\/index.php\/almanyadogu-makedonya-trakyayi-riskli-bolgeler-olarak-siniflandirdi\/","url":"https:\/\/batitrakya.live\/index.php\/almanyadogu-makedonya-trakyayi-riskli-bolgeler-olarak-siniflandirdi\/","name":"Almanya,Do\u011fu Makedonya - Trakya'y\u0131 \"riskli b\u00f6lgeler\" olarak s\u0131n\u0131fland\u0131rd\u0131... - Bat\u0131 Trakya Haber","isPartOf":{"@id":"https:\/\/batitrakya.live\/#website"},"primaryImageOfPage":{"@id":"https:\/\/batitrakya.live\/index.php\/almanyadogu-makedonya-trakyayi-riskli-bolgeler-olarak-siniflandirdi\/#primaryimage"},"image":{"@id":"https:\/\/batitrakya.live\/index.php\/almanyadogu-makedonya-trakyayi-riskli-bolgeler-olarak-siniflandirdi\/#primaryimage"},"thumbnailUrl":"https:\/\/batitrakya.live\/wp-content\/uploads\/2020\/11\/trakya_corona.png","datePublished":"2020-11-08T13:03:25+00:00","author":{"@id":"https:\/\/batitrakya.live\/#\/schema\/person\/61b86abbc19e5fa0bbc3059670546fe5"},"breadcrumb":{"@id":"https:\/\/batitrakya.live\/index.php\/almanyadogu-makedonya-trakyayi-riskli-bolgeler-olarak-siniflandirdi\/#breadcrumb"},"inLanguage":"tr","potentialAction":[{"@type":"ReadAction","target":["https:\/\/batitrakya.live\/index.php\/almanyadogu-makedonya-trakyayi-riskli-bolgeler-olarak-siniflandirdi\/"]}]},{"@type":"ImageObject","inLanguage":"tr","@id":"https:\/\/batitrakya.live\/index.php\/almanyadogu-makedonya-trakyayi-riskli-bolgeler-olarak-siniflandirdi\/#primaryimage","url":"https:\/\/batitrakya.live\/wp-content\/uploads\/2020\/11\/trakya_corona.png","contentUrl":"https:\/\/batitrakya.live\/wp-content\/uploads\/2020\/11\/trakya_corona.png","width":720,"height":348},{"@type":"BreadcrumbList","@id":"https:\/\/batitrakya.live\/index.php\/almanyadogu-makedonya-trakyayi-riskli-bolgeler-olarak-siniflandirdi\/#breadcrumb","itemListElement":[{"@type":"ListItem","position":1,"name":"Anasayfa","item":"https:\/\/batitrakya.live\/"},{"@type":"ListItem","position":2,"name":"Almanya,Do\u011fu Makedonya &#8211; Trakya&#8217;y\u0131 &#8220;riskli b\u00f6lgeler&#8221; olarak s\u0131n\u0131fland\u0131rd\u0131&#8230;"}]},{"@type":"WebSite","@id":"https:\/\/batitrakya.live\/#website","url":"https:\/\/batitrakya.live\/","name":"Bat\u0131 Trakya Haber","description":"Bat\u0131 Trakyan\u0131n internetteki sesi..","potentialAction":[{"@type":"SearchAction","target":{"@type":"EntryPoint","urlTemplate":"https:\/\/batitrakya.live\/?s={search_term_string}"},"query-input":{"@type":"PropertyValueSpecification","valueRequired":true,"valueName":"search_term_string"}}],"inLanguage":"tr"},{"@type":"Person","@id":"https:\/\/batitrakya.live\/#\/schema\/person\/61b86abbc19e5fa0bbc3059670546fe5","name":"tamer","image":{"@type":"ImageObject","inLanguage":"tr","@id":"https:\/\/secure.gravatar.com\/avatar\/60b0ff14c4376999cea9565d28b91fc61ff0f727c28cd083506a6d83ad6df9c9?s=96&d=mm&r=g","url":"https:\/\/secure.gravatar.com\/avatar\/60b0ff14c4376999cea9565d28b91fc61ff0f727c28cd083506a6d83ad6df9c9?s=96&d=mm&r=g","contentUrl":"https:\/\/secure.gravatar.com\/avatar\/60b0ff14c4376999cea9565d28b91fc61ff0f727c28cd083506a6d83ad6df9c9?s=96&d=mm&r=g","caption":"tamer"},"sameAs":["https:\/\/batitrakya.live"],"url":"https:\/\/batitrakya.live\/index.php\/author\/tamer\/"}]}},"_links":{"self":[{"href":"https:\/\/batitrakya.live\/index.php\/wp-json\/wp\/v2\/posts\/29863","targetHints":{"allow":["GET"]}}],"collection":[{"href":"https:\/\/batitrakya.live\/index.php\/wp-json\/wp\/v2\/posts"}],"about":[{"href":"https:\/\/batitrakya.live\/index.php\/wp-json\/wp\/v2\/types\/post"}],"author":[{"embeddable":true,"href":"https:\/\/batitrakya.live\/index.php\/wp-json\/wp\/v2\/users\/1"}],"replies":[{"embeddable":true,"href":"https:\/\/batitrakya.live\/index.php\/wp-json\/wp\/v2\/comments?post=29863"}],"version-history":[{"count":0,"href":"https:\/\/batitrakya.live\/index.php\/wp-json\/wp\/v2\/posts\/29863\/revisions"}],"wp:featuredmedia":[{"embeddable":true,"href":"https:\/\/batitrakya.live\/index.php\/wp-json\/wp\/v2\/media\/29864"}],"wp:attachment":[{"href":"https:\/\/batitrakya.live\/index.php\/wp-json\/wp\/v2\/media?parent=29863"}],"wp:term":[{"taxonomy":"category","embeddable":true,"href":"https:\/\/batitrakya.live\/index.php\/wp-json\/wp\/v2\/categories?post=29863"},{"taxonomy":"post_tag","embeddable":true,"href":"https:\/\/batitrakya.live\/index.php\/wp-json\/wp\/v2\/tags?post=29863"}],"curies":[{"name":"wp","href":"https:\/\/api.w.org\/{rel}","templated":true}]}}