{"id":29825,"date":"2020-11-07T03:06:31","date_gmt":"2020-11-07T00:06:31","guid":{"rendered":"http:\/\/batitrakya.live\/?p=29825"},"modified":"2020-11-07T03:06:31","modified_gmt":"2020-11-07T00:06:31","slug":"karantinadayken-yurtdisina-gidislerde-hangi-kurallar-gecerli","status":"publish","type":"post","link":"https:\/\/batitrakya.live\/index.php\/karantinadayken-yurtdisina-gidislerde-hangi-kurallar-gecerli\/","title":{"rendered":"Karantinadayken yurtd\u0131\u015f\u0131na gidi\u015flerde hangi kurallar ge\u00e7erli&#8230;"},"content":{"rendered":"<p>\u0130ske\u00e7e K\u0130NAL Milletvekili Burhan Baran \u00fclke olarak karantinaya girecek Yunanistan\u2019dan yurtd\u0131\u015f\u0131na nas\u0131l \u00e7\u0131k\u0131\u015f yap\u0131laca\u011f\u0131na a\u00e7\u0131kl\u0131k getirdi.<\/p>\n<p>Milletvekili Baran\u2019\u0131n a\u00e7\u0131klamas\u0131 \u015f\u00f6yle:<br \/>\n\u201cDi\u011fer bir \u00f6nemli ve sizden gelen istek do\u011frultusunda a\u00e7\u0131klama gere\u011fi duydu\u011fumuz konu ise yurtd\u0131\u015f\u0131na \u00e7\u0131k\u0131\u015flarla ve giri\u015fler ile ilgili olacak.<\/p>\n<p>\u015eu ana kadar Yunanistan\u2019a giri\u015f yapan yolcular\u0131n doldurmak zorun da oldu\u011fu PLF \u2013 Passenger Location Form\u2019un (Yolcu Lokasyon Formu) bundan b\u00f6yle Yunanistan\u2019dan \u00e7\u0131k\u0131\u015fta da doldurulacakt\u0131r.<\/p>\n<p>Bu arada yurtd\u0131\u015f\u0131ndan \u00fclkeye giri\u015f yapan t\u00fcm yolcular\u0131n Yunanistan\u2019a giri\u015f yapabilmeleri i\u00e7in en ge\u00e7 72 saat \u00f6nceden, negatif test sonucu ve en ge\u00e7 24 saat \u00f6nceden haz\u0131rlanm\u0131\u015f olan PLF \u2013 Passenger Location Form\u2019un (Yolcu Lokasyon Formu) olmas\u0131 gerekiyor.<\/p>\n<p>Ayr\u0131ca vatanda\u015flar, istisnai durumlar d\u0131\u015f\u0131nda bir ilden di\u011ferine gidemeyecekler.<\/p>\n<p>Yurtd\u0131\u015f\u0131na \u00e7\u0131k\u0131\u015fta doldurulacak olan PLF yolda polis \u00e7evirmesi durumunda belge olarak g\u00f6sterilecektir.\u201d<\/p>\n","protected":false},"excerpt":{"rendered":"<p>\u0130ske\u00e7e K\u0130NAL Milletvekili Burhan Baran \u00fclke olarak karantinaya girecek Yunanistan\u2019dan yurtd\u0131\u015f\u0131na nas\u0131l \u00e7\u0131k\u0131\u015f yap\u0131laca\u011f\u0131na a\u00e7\u0131kl\u0131k getirdi. Milletvekili Baran\u2019\u0131n a\u00e7\u0131klamas\u0131 \u015f\u00f6yle: \u201cDi\u011fer bir \u00f6nemli ve sizden gelen istek do\u011frultusunda a\u00e7\u0131klama gere\u011fi duydu\u011fumuz konu ise yurtd\u0131\u015f\u0131na \u00e7\u0131k\u0131\u015flarla ve giri\u015fler ile ilgili olacak. \u015eu ana kadar Yunanistan\u2019a giri\u015f yapan yolcular\u0131n doldurmak zorun da oldu\u011fu PLF \u2013 Passenger Location &hellip;<\/p>\n","protected":false},"author":1,"featured_media":27457,"comment_status":"open","ping_status":"open","sticky":false,"template":"","format":"standard","meta":{"footnotes":""},"categories":[24],"tags":[383,440],"class_list":["post-29825","post","type-post","status-publish","format-standard","has-post-thumbnail","hentry","category-bati-trakyam-haber","tag-karantina","tag-seyahat"],"yoast_head":"<!-- This site is optimized with the Yoast SEO Premium plugin v26.3 (Yoast SEO v27.3) - https:\/\/yoast.com\/product\/yoast-seo-premium-wordpress\/ -->\n<title>Karantinadayken yurtd\u0131\u015f\u0131na gidi\u015flerde hangi kurallar ge\u00e7erli... - Bat\u0131 Trakya Haber<\/title>\n<meta name=\"robots\" content=\"index, follow, max-snippet:-1, max-image-preview:large, max-video-preview:-1\" \/>\n<link rel=\"canonical\" href=\"https:\/\/batitrakya.live\/index.php\/karantinadayken-yurtdisina-gidislerde-hangi-kurallar-gecerli\/\" \/>\n<meta property=\"og:locale\" content=\"tr_TR\" \/>\n<meta property=\"og:type\" content=\"article\" \/>\n<meta property=\"og:title\" content=\"Karantinadayken yurtd\u0131\u015f\u0131na gidi\u015flerde hangi kurallar ge\u00e7erli...\" \/>\n<meta property=\"og:description\" content=\"\u0130ske\u00e7e K\u0130NAL Milletvekili Burhan Baran \u00fclke olarak karantinaya girecek Yunanistan\u2019dan yurtd\u0131\u015f\u0131na nas\u0131l \u00e7\u0131k\u0131\u015f yap\u0131laca\u011f\u0131na a\u00e7\u0131kl\u0131k getirdi. Milletvekili Baran\u2019\u0131n a\u00e7\u0131klamas\u0131 \u015f\u00f6yle: \u201cDi\u011fer bir \u00f6nemli ve sizden gelen istek do\u011frultusunda a\u00e7\u0131klama gere\u011fi duydu\u011fumuz konu ise yurtd\u0131\u015f\u0131na \u00e7\u0131k\u0131\u015flarla ve giri\u015fler ile ilgili olacak. \u015eu ana kadar Yunanistan\u2019a giri\u015f yapan yolcular\u0131n doldurmak zorun da oldu\u011fu PLF \u2013 Passenger Location &hellip;\" \/>\n<meta property=\"og:url\" content=\"https:\/\/batitrakya.live\/index.php\/karantinadayken-yurtdisina-gidislerde-hangi-kurallar-gecerli\/\" \/>\n<meta property=\"og:site_name\" content=\"Bat\u0131 Trakya Haber\" \/>\n<meta property=\"article:published_time\" content=\"2020-11-07T00:06:31+00:00\" \/>\n<meta property=\"og:image\" content=\"https:\/\/batitrakya.live\/wp-content\/uploads\/2020\/09\/pasaport_yunanistan.jpg\" \/>\n\t<meta property=\"og:image:width\" content=\"720\" \/>\n\t<meta property=\"og:image:height\" content=\"348\" \/>\n\t<meta property=\"og:image:type\" content=\"image\/jpeg\" \/>\n<meta name=\"author\" content=\"tamer\" \/>\n<meta name=\"twitter:card\" content=\"summary_large_image\" \/>\n<meta name=\"twitter:label1\" content=\"Yazan:\" \/>\n\t<meta name=\"twitter:data1\" content=\"tamer\" \/>\n\t<meta name=\"twitter:label2\" content=\"Tahmini okuma s\u00fcresi\" \/>\n\t<meta name=\"twitter:data2\" content=\"1 dakika\" \/>\n<script type=\"application\/ld+json\" class=\"yoast-schema-graph\">{\"@context\":\"https:\\\/\\\/schema.org\",\"@graph\":[{\"@type\":\"Article\",\"@id\":\"https:\\\/\\\/batitrakya.live\\\/index.php\\\/karantinadayken-yurtdisina-gidislerde-hangi-kurallar-gecerli\\\/#article\",\"isPartOf\":{\"@id\":\"https:\\\/\\\/batitrakya.live\\\/index.php\\\/karantinadayken-yurtdisina-gidislerde-hangi-kurallar-gecerli\\\/\"},\"author\":{\"name\":\"tamer\",\"@id\":\"https:\\\/\\\/batitrakya.live\\\/#\\\/schema\\\/person\\\/61b86abbc19e5fa0bbc3059670546fe5\"},\"headline\":\"Karantinadayken yurtd\u0131\u015f\u0131na gidi\u015flerde hangi kurallar ge\u00e7erli&#8230;\",\"datePublished\":\"2020-11-07T00:06:31+00:00\",\"mainEntityOfPage\":{\"@id\":\"https:\\\/\\\/batitrakya.live\\\/index.php\\\/karantinadayken-yurtdisina-gidislerde-hangi-kurallar-gecerli\\\/\"},\"wordCount\":170,\"commentCount\":0,\"image\":{\"@id\":\"https:\\\/\\\/batitrakya.live\\\/index.php\\\/karantinadayken-yurtdisina-gidislerde-hangi-kurallar-gecerli\\\/#primaryimage\"},\"thumbnailUrl\":\"https:\\\/\\\/batitrakya.live\\\/wp-content\\\/uploads\\\/2020\\\/09\\\/pasaport_yunanistan.jpg\",\"keywords\":[\"Karantina\",\"Seyahat\"],\"articleSection\":[\"Bat\u0131 Trakyam Haber\"],\"inLanguage\":\"tr\",\"potentialAction\":[{\"@type\":\"CommentAction\",\"name\":\"Comment\",\"target\":[\"https:\\\/\\\/batitrakya.live\\\/index.php\\\/karantinadayken-yurtdisina-gidislerde-hangi-kurallar-gecerli\\\/#respond\"]}],\"copyrightYear\":\"2020\",\"copyrightHolder\":{\"@id\":\"https:\\\/\\\/batitrakya.live\\\/#organization\"}},{\"@type\":\"WebPage\",\"@id\":\"https:\\\/\\\/batitrakya.live\\\/index.php\\\/karantinadayken-yurtdisina-gidislerde-hangi-kurallar-gecerli\\\/\",\"url\":\"https:\\\/\\\/batitrakya.live\\\/index.php\\\/karantinadayken-yurtdisina-gidislerde-hangi-kurallar-gecerli\\\/\",\"name\":\"Karantinadayken yurtd\u0131\u015f\u0131na gidi\u015flerde hangi kurallar ge\u00e7erli... - Bat\u0131 Trakya Haber\",\"isPartOf\":{\"@id\":\"https:\\\/\\\/batitrakya.live\\\/#website\"},\"primaryImageOfPage\":{\"@id\":\"https:\\\/\\\/batitrakya.live\\\/index.php\\\/karantinadayken-yurtdisina-gidislerde-hangi-kurallar-gecerli\\\/#primaryimage\"},\"image\":{\"@id\":\"https:\\\/\\\/batitrakya.live\\\/index.php\\\/karantinadayken-yurtdisina-gidislerde-hangi-kurallar-gecerli\\\/#primaryimage\"},\"thumbnailUrl\":\"https:\\\/\\\/batitrakya.live\\\/wp-content\\\/uploads\\\/2020\\\/09\\\/pasaport_yunanistan.jpg\",\"datePublished\":\"2020-11-07T00:06:31+00:00\",\"author\":{\"@id\":\"https:\\\/\\\/batitrakya.live\\\/#\\\/schema\\\/person\\\/61b86abbc19e5fa0bbc3059670546fe5\"},\"breadcrumb\":{\"@id\":\"https:\\\/\\\/batitrakya.live\\\/index.php\\\/karantinadayken-yurtdisina-gidislerde-hangi-kurallar-gecerli\\\/#breadcrumb\"},\"inLanguage\":\"tr\",\"potentialAction\":[{\"@type\":\"ReadAction\",\"target\":[\"https:\\\/\\\/batitrakya.live\\\/index.php\\\/karantinadayken-yurtdisina-gidislerde-hangi-kurallar-gecerli\\\/\"]}]},{\"@type\":\"ImageObject\",\"inLanguage\":\"tr\",\"@id\":\"https:\\\/\\\/batitrakya.live\\\/index.php\\\/karantinadayken-yurtdisina-gidislerde-hangi-kurallar-gecerli\\\/#primaryimage\",\"url\":\"https:\\\/\\\/batitrakya.live\\\/wp-content\\\/uploads\\\/2020\\\/09\\\/pasaport_yunanistan.jpg\",\"contentUrl\":\"https:\\\/\\\/batitrakya.live\\\/wp-content\\\/uploads\\\/2020\\\/09\\\/pasaport_yunanistan.jpg\",\"width\":720,\"height\":348},{\"@type\":\"BreadcrumbList\",\"@id\":\"https:\\\/\\\/batitrakya.live\\\/index.php\\\/karantinadayken-yurtdisina-gidislerde-hangi-kurallar-gecerli\\\/#breadcrumb\",\"itemListElement\":[{\"@type\":\"ListItem\",\"position\":1,\"name\":\"Anasayfa\",\"item\":\"https:\\\/\\\/batitrakya.live\\\/\"},{\"@type\":\"ListItem\",\"position\":2,\"name\":\"Karantinadayken yurtd\u0131\u015f\u0131na gidi\u015flerde hangi kurallar ge\u00e7erli&#8230;\"}]},{\"@type\":\"WebSite\",\"@id\":\"https:\\\/\\\/batitrakya.live\\\/#website\",\"url\":\"https:\\\/\\\/batitrakya.live\\\/\",\"name\":\"Bat\u0131 Trakya Haber\",\"description\":\"Bat\u0131 Trakyan\u0131n internetteki sesi..\",\"potentialAction\":[{\"@type\":\"SearchAction\",\"target\":{\"@type\":\"EntryPoint\",\"urlTemplate\":\"https:\\\/\\\/batitrakya.live\\\/?s={search_term_string}\"},\"query-input\":{\"@type\":\"PropertyValueSpecification\",\"valueRequired\":true,\"valueName\":\"search_term_string\"}}],\"inLanguage\":\"tr\"},{\"@type\":\"Person\",\"@id\":\"https:\\\/\\\/batitrakya.live\\\/#\\\/schema\\\/person\\\/61b86abbc19e5fa0bbc3059670546fe5\",\"name\":\"tamer\",\"image\":{\"@type\":\"ImageObject\",\"inLanguage\":\"tr\",\"@id\":\"https:\\\/\\\/secure.gravatar.com\\\/avatar\\\/60b0ff14c4376999cea9565d28b91fc61ff0f727c28cd083506a6d83ad6df9c9?s=96&d=mm&r=g\",\"url\":\"https:\\\/\\\/secure.gravatar.com\\\/avatar\\\/60b0ff14c4376999cea9565d28b91fc61ff0f727c28cd083506a6d83ad6df9c9?s=96&d=mm&r=g\",\"contentUrl\":\"https:\\\/\\\/secure.gravatar.com\\\/avatar\\\/60b0ff14c4376999cea9565d28b91fc61ff0f727c28cd083506a6d83ad6df9c9?s=96&d=mm&r=g\",\"caption\":\"tamer\"},\"sameAs\":[\"https:\\\/\\\/batitrakya.live\"],\"url\":\"https:\\\/\\\/batitrakya.live\\\/index.php\\\/author\\\/tamer\\\/\"}]}<\/script>\n<!-- \/ Yoast SEO Premium plugin. -->","yoast_head_json":{"title":"Karantinadayken yurtd\u0131\u015f\u0131na gidi\u015flerde hangi kurallar ge\u00e7erli... - Bat\u0131 Trakya Haber","robots":{"index":"index","follow":"follow","max-snippet":"max-snippet:-1","max-image-preview":"max-image-preview:large","max-video-preview":"max-video-preview:-1"},"canonical":"https:\/\/batitrakya.live\/index.php\/karantinadayken-yurtdisina-gidislerde-hangi-kurallar-gecerli\/","og_locale":"tr_TR","og_type":"article","og_title":"Karantinadayken yurtd\u0131\u015f\u0131na gidi\u015flerde hangi kurallar ge\u00e7erli...","og_description":"\u0130ske\u00e7e K\u0130NAL Milletvekili Burhan Baran \u00fclke olarak karantinaya girecek Yunanistan\u2019dan yurtd\u0131\u015f\u0131na nas\u0131l \u00e7\u0131k\u0131\u015f yap\u0131laca\u011f\u0131na a\u00e7\u0131kl\u0131k getirdi. Milletvekili Baran\u2019\u0131n a\u00e7\u0131klamas\u0131 \u015f\u00f6yle: \u201cDi\u011fer bir \u00f6nemli ve sizden gelen istek do\u011frultusunda a\u00e7\u0131klama gere\u011fi duydu\u011fumuz konu ise yurtd\u0131\u015f\u0131na \u00e7\u0131k\u0131\u015flarla ve giri\u015fler ile ilgili olacak. \u015eu ana kadar Yunanistan\u2019a giri\u015f yapan yolcular\u0131n doldurmak zorun da oldu\u011fu PLF \u2013 Passenger Location &hellip;","og_url":"https:\/\/batitrakya.live\/index.php\/karantinadayken-yurtdisina-gidislerde-hangi-kurallar-gecerli\/","og_site_name":"Bat\u0131 Trakya Haber","article_published_time":"2020-11-07T00:06:31+00:00","og_image":[{"width":720,"height":348,"url":"https:\/\/batitrakya.live\/wp-content\/uploads\/2020\/09\/pasaport_yunanistan.jpg","type":"image\/jpeg"}],"author":"tamer","twitter_card":"summary_large_image","twitter_misc":{"Yazan:":"tamer","Tahmini okuma s\u00fcresi":"1 dakika"},"schema":{"@context":"https:\/\/schema.org","@graph":[{"@type":"Article","@id":"https:\/\/batitrakya.live\/index.php\/karantinadayken-yurtdisina-gidislerde-hangi-kurallar-gecerli\/#article","isPartOf":{"@id":"https:\/\/batitrakya.live\/index.php\/karantinadayken-yurtdisina-gidislerde-hangi-kurallar-gecerli\/"},"author":{"name":"tamer","@id":"https:\/\/batitrakya.live\/#\/schema\/person\/61b86abbc19e5fa0bbc3059670546fe5"},"headline":"Karantinadayken yurtd\u0131\u015f\u0131na gidi\u015flerde hangi kurallar ge\u00e7erli&#8230;","datePublished":"2020-11-07T00:06:31+00:00","mainEntityOfPage":{"@id":"https:\/\/batitrakya.live\/index.php\/karantinadayken-yurtdisina-gidislerde-hangi-kurallar-gecerli\/"},"wordCount":170,"commentCount":0,"image":{"@id":"https:\/\/batitrakya.live\/index.php\/karantinadayken-yurtdisina-gidislerde-hangi-kurallar-gecerli\/#primaryimage"},"thumbnailUrl":"https:\/\/batitrakya.live\/wp-content\/uploads\/2020\/09\/pasaport_yunanistan.jpg","keywords":["Karantina","Seyahat"],"articleSection":["Bat\u0131 Trakyam Haber"],"inLanguage":"tr","potentialAction":[{"@type":"CommentAction","name":"Comment","target":["https:\/\/batitrakya.live\/index.php\/karantinadayken-yurtdisina-gidislerde-hangi-kurallar-gecerli\/#respond"]}],"copyrightYear":"2020","copyrightHolder":{"@id":"https:\/\/batitrakya.live\/#organization"}},{"@type":"WebPage","@id":"https:\/\/batitrakya.live\/index.php\/karantinadayken-yurtdisina-gidislerde-hangi-kurallar-gecerli\/","url":"https:\/\/batitrakya.live\/index.php\/karantinadayken-yurtdisina-gidislerde-hangi-kurallar-gecerli\/","name":"Karantinadayken yurtd\u0131\u015f\u0131na gidi\u015flerde hangi kurallar ge\u00e7erli... - Bat\u0131 Trakya Haber","isPartOf":{"@id":"https:\/\/batitrakya.live\/#website"},"primaryImageOfPage":{"@id":"https:\/\/batitrakya.live\/index.php\/karantinadayken-yurtdisina-gidislerde-hangi-kurallar-gecerli\/#primaryimage"},"image":{"@id":"https:\/\/batitrakya.live\/index.php\/karantinadayken-yurtdisina-gidislerde-hangi-kurallar-gecerli\/#primaryimage"},"thumbnailUrl":"https:\/\/batitrakya.live\/wp-content\/uploads\/2020\/09\/pasaport_yunanistan.jpg","datePublished":"2020-11-07T00:06:31+00:00","author":{"@id":"https:\/\/batitrakya.live\/#\/schema\/person\/61b86abbc19e5fa0bbc3059670546fe5"},"breadcrumb":{"@id":"https:\/\/batitrakya.live\/index.php\/karantinadayken-yurtdisina-gidislerde-hangi-kurallar-gecerli\/#breadcrumb"},"inLanguage":"tr","potentialAction":[{"@type":"ReadAction","target":["https:\/\/batitrakya.live\/index.php\/karantinadayken-yurtdisina-gidislerde-hangi-kurallar-gecerli\/"]}]},{"@type":"ImageObject","inLanguage":"tr","@id":"https:\/\/batitrakya.live\/index.php\/karantinadayken-yurtdisina-gidislerde-hangi-kurallar-gecerli\/#primaryimage","url":"https:\/\/batitrakya.live\/wp-content\/uploads\/2020\/09\/pasaport_yunanistan.jpg","contentUrl":"https:\/\/batitrakya.live\/wp-content\/uploads\/2020\/09\/pasaport_yunanistan.jpg","width":720,"height":348},{"@type":"BreadcrumbList","@id":"https:\/\/batitrakya.live\/index.php\/karantinadayken-yurtdisina-gidislerde-hangi-kurallar-gecerli\/#breadcrumb","itemListElement":[{"@type":"ListItem","position":1,"name":"Anasayfa","item":"https:\/\/batitrakya.live\/"},{"@type":"ListItem","position":2,"name":"Karantinadayken yurtd\u0131\u015f\u0131na gidi\u015flerde hangi kurallar ge\u00e7erli&#8230;"}]},{"@type":"WebSite","@id":"https:\/\/batitrakya.live\/#website","url":"https:\/\/batitrakya.live\/","name":"Bat\u0131 Trakya Haber","description":"Bat\u0131 Trakyan\u0131n internetteki sesi..","potentialAction":[{"@type":"SearchAction","target":{"@type":"EntryPoint","urlTemplate":"https:\/\/batitrakya.live\/?s={search_term_string}"},"query-input":{"@type":"PropertyValueSpecification","valueRequired":true,"valueName":"search_term_string"}}],"inLanguage":"tr"},{"@type":"Person","@id":"https:\/\/batitrakya.live\/#\/schema\/person\/61b86abbc19e5fa0bbc3059670546fe5","name":"tamer","image":{"@type":"ImageObject","inLanguage":"tr","@id":"https:\/\/secure.gravatar.com\/avatar\/60b0ff14c4376999cea9565d28b91fc61ff0f727c28cd083506a6d83ad6df9c9?s=96&d=mm&r=g","url":"https:\/\/secure.gravatar.com\/avatar\/60b0ff14c4376999cea9565d28b91fc61ff0f727c28cd083506a6d83ad6df9c9?s=96&d=mm&r=g","contentUrl":"https:\/\/secure.gravatar.com\/avatar\/60b0ff14c4376999cea9565d28b91fc61ff0f727c28cd083506a6d83ad6df9c9?s=96&d=mm&r=g","caption":"tamer"},"sameAs":["https:\/\/batitrakya.live"],"url":"https:\/\/batitrakya.live\/index.php\/author\/tamer\/"}]}},"_links":{"self":[{"href":"https:\/\/batitrakya.live\/index.php\/wp-json\/wp\/v2\/posts\/29825","targetHints":{"allow":["GET"]}}],"collection":[{"href":"https:\/\/batitrakya.live\/index.php\/wp-json\/wp\/v2\/posts"}],"about":[{"href":"https:\/\/batitrakya.live\/index.php\/wp-json\/wp\/v2\/types\/post"}],"author":[{"embeddable":true,"href":"https:\/\/batitrakya.live\/index.php\/wp-json\/wp\/v2\/users\/1"}],"replies":[{"embeddable":true,"href":"https:\/\/batitrakya.live\/index.php\/wp-json\/wp\/v2\/comments?post=29825"}],"version-history":[{"count":0,"href":"https:\/\/batitrakya.live\/index.php\/wp-json\/wp\/v2\/posts\/29825\/revisions"}],"wp:featuredmedia":[{"embeddable":true,"href":"https:\/\/batitrakya.live\/index.php\/wp-json\/wp\/v2\/media\/27457"}],"wp:attachment":[{"href":"https:\/\/batitrakya.live\/index.php\/wp-json\/wp\/v2\/media?parent=29825"}],"wp:term":[{"taxonomy":"category","embeddable":true,"href":"https:\/\/batitrakya.live\/index.php\/wp-json\/wp\/v2\/categories?post=29825"},{"taxonomy":"post_tag","embeddable":true,"href":"https:\/\/batitrakya.live\/index.php\/wp-json\/wp\/v2\/tags?post=29825"}],"curies":[{"name":"wp","href":"https:\/\/api.w.org\/{rel}","templated":true}]}}