{"id":29778,"date":"2020-11-04T03:23:51","date_gmt":"2020-11-04T00:23:51","guid":{"rendered":"http:\/\/batitrakya.live\/?p=29778"},"modified":"2020-11-04T03:23:51","modified_gmt":"2020-11-04T00:23:51","slug":"yunanistanda-covid-19-vakalarinda-bir-rekor-daha","status":"publish","type":"post","link":"https:\/\/batitrakya.live\/index.php\/yunanistanda-covid-19-vakalarinda-bir-rekor-daha\/","title":{"rendered":"Yunanistan&#8217;da covid-19 vakalar\u0131nda bir rekor daha&#8230;"},"content":{"rendered":"<p>Yunanistan genelinde bir g\u00fcnde tespit edilen Kovid -19 vakalar\u0131nda rekorlar k\u0131r\u0131lmaya devam ediyor.Al\u0131nan \u00f6nlemlere ra\u011fmen vaka say\u0131s\u0131ndaki art\u0131\u015f devam ediyor.<\/p>\n<p>3 Kas\u0131m Sal\u0131 g\u00fcn\u00fc itibar\u0131yla koronavir\u00fcs vakalar\u0131na 2166 ki\u015fi daha eklendi.<\/p>\n<p>En y\u00fcksek vakalar Selanik b\u00f6lgesinde ortaya \u00e7\u0131kt\u0131. Selanik b\u00f6lgesinde 595 koronavir\u00fcs vakas\u0131 tespit edildi.<\/p>\n<p>Bat\u0131 Trakya\u2019da ise Rodop\u2019ta 108, \u0130ske\u00e7e\u2019de 25 ve Evros\u2019ta 42 olmak \u00fczere toplam 175 vaka tespit edildi.<\/p>\n<p>Son 24 saat i\u00e7inde vir\u00fcs sebebiyle 13 ki\u015fi daha hayat\u0131n\u0131 kaybetti. Salg\u0131n ba\u015flang\u0131c\u0131ndan bu yana hayat\u0131n\u0131 kaybedenlerin say\u0131s\u0131 655\u2019e y\u00fckseldi.<\/p>\n<p>Bu arada \u00fclke genelindeki hastanelerde ent\u00fcbe hasta say\u0131s\u0131n\u0131n da artarak 169\u2019a y\u00fckseldi\u011fi a\u00e7\u0131kland\u0131.<\/p>\n<p>40 vaka, s\u0131n\u0131r kap\u0131lar\u0131ndan giri\u015fte tespit edildi. 4 ki\u015fi kendi iste\u011fiyle kontrole geldi.<\/p>\n<p>Di\u011fer vakalar\u0131n b\u00f6lgelere g\u00f6re da\u011f\u0131l\u0131m\u0131 \u015f\u00f6yle:<\/p>\n<ul>\n<li>&#8211; Attika 542 vaka<\/li>\n<li>&#8211; Eteloakarnania 6 vaka<\/li>\n<li>&#8211; Argolida 3 vaka<\/li>\n<li>&#8211; Arkadia 4 vaka<\/li>\n<li>&#8211; Arta 2 vaka<\/li>\n<li>&#8211; Ahaia 18 vaka<\/li>\n<li>&#8211; Viotia 7 vaka<\/li>\n<li>&#8211; Grevena 2<\/li>\n<li>&#8211; Drama 46 vaka<\/li>\n<li>&#8211; Evros 42 vaka<\/li>\n<li>&#8211; Evia 7 vaka<\/li>\n<li>&#8211; Evritania 1 vaka<\/li>\n<li>&#8211; Zakinthos 1 vaka<\/li>\n<li>&#8211; \u0130lia 4 vaka<\/li>\n<li>&#8211; \u0130mathia 53 vaka<\/li>\n<li>&#8211; \u0130raklio 24 vaka<\/li>\n<li>&#8211; Thesprotia 2 vaka<\/li>\n<li>&#8211; Thiras 2 vaka<\/li>\n<li>&#8211; \u0130oannina 27 vaka<\/li>\n<li>&#8211; Kavala 32 vaka<\/li>\n<li>&#8211; Kardi\u00e7a 15 vaka<\/li>\n<li>&#8211; Kastoria 8 vaka<\/li>\n<li>&#8211; Keas \u2013 Kithnu 1 vaka<\/li>\n<li>&#8211; Kerkira 8 vaka<\/li>\n<li>&#8211; K\u0131lk\u0131\u015f 26 vaka<\/li>\n<li>&#8211; Kozani 22 vaka<\/li>\n<li>&#8211; Korinthia 6 vaka<\/li>\n<li>&#8211; Larisa 106 vaka<\/li>\n<li>&#8211; Lasithiu 3 vaka<\/li>\n<li>&#8211; Lesvos 11 vaka<\/li>\n<li>&#8211; Magnisia 11 vaka<\/li>\n<li>&#8211; Messinia 51 vaka<\/li>\n<li>&#8211; \u0130ske\u00e7e 25 vaka<\/li>\n<li>&#8211; Pella 78 vaka<\/li>\n<li>&#8211; Pieria 32 vaka<\/li>\n<li>&#8211; Preveza 3 vaka<\/li>\n<li>&#8211; Rethimnos 1 vaka<\/li>\n<li>&#8211; Rodop 108 vaka<\/li>\n<li>&#8211; Rodos 11 vaka<\/li>\n<li>&#8211; Serres 37 vaka<\/li>\n<li>&#8211; Sporades 2 vaka<\/li>\n<li>&#8211; Trikala 13 vaka<\/li>\n<li>&#8211; Fthiotida 12 vaka<\/li>\n<li>&#8211; Florina 17 vaka<\/li>\n<li>&#8211; Fokida 7 vaka<\/li>\n<li>&#8211; Halkidiki 38 vaka<\/li>\n<li>&#8211; Hanya 12 vaka<\/li>\n<li>&#8211; Hios 3 vaka<\/li>\n<\/ul>\n<p>Bu arada geriye kalan 35 vakan\u0131n hala ara\u015ft\u0131rma a\u015famas\u0131nda oldu\u011fu ve b\u00f6lgelerinin belli olmad\u0131\u011f\u0131 bildirildi.<\/p>\n","protected":false},"excerpt":{"rendered":"<p>Yunanistan genelinde bir g\u00fcnde tespit edilen Kovid -19 vakalar\u0131nda rekorlar k\u0131r\u0131lmaya devam ediyor.Al\u0131nan \u00f6nlemlere ra\u011fmen vaka say\u0131s\u0131ndaki art\u0131\u015f devam ediyor. 3 Kas\u0131m Sal\u0131 g\u00fcn\u00fc itibar\u0131yla koronavir\u00fcs vakalar\u0131na 2166 ki\u015fi daha eklendi. En y\u00fcksek vakalar Selanik b\u00f6lgesinde ortaya \u00e7\u0131kt\u0131. Selanik b\u00f6lgesinde 595 koronavir\u00fcs vakas\u0131 tespit edildi. Bat\u0131 Trakya\u2019da ise Rodop\u2019ta 108, \u0130ske\u00e7e\u2019de 25 ve Evros\u2019ta 42 &hellip;<\/p>\n","protected":false},"author":1,"featured_media":29674,"comment_status":"open","ping_status":"open","sticky":false,"template":"","format":"standard","meta":{"footnotes":""},"categories":[57],"tags":[138],"class_list":["post-29778","post","type-post","status-publish","format-standard","has-post-thumbnail","hentry","category-yunanistan","tag-korona"],"yoast_head":"<!-- This site is optimized with the Yoast SEO Premium plugin v26.3 (Yoast SEO v27.3) - https:\/\/yoast.com\/product\/yoast-seo-premium-wordpress\/ -->\n<title>Yunanistan&#039;da covid-19 vakalar\u0131nda bir rekor daha... - Bat\u0131 Trakya Haber<\/title>\n<meta name=\"robots\" content=\"index, follow, max-snippet:-1, max-image-preview:large, max-video-preview:-1\" \/>\n<link rel=\"canonical\" href=\"https:\/\/batitrakya.live\/index.php\/yunanistanda-covid-19-vakalarinda-bir-rekor-daha\/\" \/>\n<meta property=\"og:locale\" content=\"tr_TR\" \/>\n<meta property=\"og:type\" content=\"article\" \/>\n<meta property=\"og:title\" content=\"Yunanistan&#039;da covid-19 vakalar\u0131nda bir rekor daha...\" \/>\n<meta property=\"og:description\" content=\"Yunanistan genelinde bir g\u00fcnde tespit edilen Kovid -19 vakalar\u0131nda rekorlar k\u0131r\u0131lmaya devam ediyor.Al\u0131nan \u00f6nlemlere ra\u011fmen vaka say\u0131s\u0131ndaki art\u0131\u015f devam ediyor. 3 Kas\u0131m Sal\u0131 g\u00fcn\u00fc itibar\u0131yla koronavir\u00fcs vakalar\u0131na 2166 ki\u015fi daha eklendi. En y\u00fcksek vakalar Selanik b\u00f6lgesinde ortaya \u00e7\u0131kt\u0131. Selanik b\u00f6lgesinde 595 koronavir\u00fcs vakas\u0131 tespit edildi. Bat\u0131 Trakya\u2019da ise Rodop\u2019ta 108, \u0130ske\u00e7e\u2019de 25 ve Evros\u2019ta 42 &hellip;\" \/>\n<meta property=\"og:url\" content=\"https:\/\/batitrakya.live\/index.php\/yunanistanda-covid-19-vakalarinda-bir-rekor-daha\/\" \/>\n<meta property=\"og:site_name\" content=\"Bat\u0131 Trakya Haber\" \/>\n<meta property=\"article:published_time\" content=\"2020-11-04T00:23:51+00:00\" \/>\n<meta property=\"og:image\" content=\"https:\/\/batitrakya.live\/wp-content\/uploads\/2020\/10\/covid_ellada.jpg\" \/>\n\t<meta property=\"og:image:width\" content=\"720\" \/>\n\t<meta property=\"og:image:height\" content=\"348\" \/>\n\t<meta property=\"og:image:type\" content=\"image\/jpeg\" \/>\n<meta name=\"author\" content=\"tamer\" \/>\n<meta name=\"twitter:card\" content=\"summary_large_image\" \/>\n<meta name=\"twitter:label1\" content=\"Yazan:\" \/>\n\t<meta name=\"twitter:data1\" content=\"tamer\" \/>\n\t<meta name=\"twitter:label2\" content=\"Tahmini okuma s\u00fcresi\" \/>\n\t<meta name=\"twitter:data2\" content=\"2 dakika\" \/>\n<script type=\"application\/ld+json\" class=\"yoast-schema-graph\">{\"@context\":\"https:\\\/\\\/schema.org\",\"@graph\":[{\"@type\":\"Article\",\"@id\":\"https:\\\/\\\/batitrakya.live\\\/index.php\\\/yunanistanda-covid-19-vakalarinda-bir-rekor-daha\\\/#article\",\"isPartOf\":{\"@id\":\"https:\\\/\\\/batitrakya.live\\\/index.php\\\/yunanistanda-covid-19-vakalarinda-bir-rekor-daha\\\/\"},\"author\":{\"name\":\"tamer\",\"@id\":\"https:\\\/\\\/batitrakya.live\\\/#\\\/schema\\\/person\\\/61b86abbc19e5fa0bbc3059670546fe5\"},\"headline\":\"Yunanistan&#8217;da covid-19 vakalar\u0131nda bir rekor daha&#8230;\",\"datePublished\":\"2020-11-04T00:23:51+00:00\",\"mainEntityOfPage\":{\"@id\":\"https:\\\/\\\/batitrakya.live\\\/index.php\\\/yunanistanda-covid-19-vakalarinda-bir-rekor-daha\\\/\"},\"wordCount\":334,\"commentCount\":0,\"image\":{\"@id\":\"https:\\\/\\\/batitrakya.live\\\/index.php\\\/yunanistanda-covid-19-vakalarinda-bir-rekor-daha\\\/#primaryimage\"},\"thumbnailUrl\":\"https:\\\/\\\/batitrakya.live\\\/wp-content\\\/uploads\\\/2020\\\/10\\\/covid_ellada.jpg\",\"keywords\":[\"Koronavirus(covid-19)\"],\"articleSection\":[\"Yunanistan Haber\"],\"inLanguage\":\"tr\",\"potentialAction\":[{\"@type\":\"CommentAction\",\"name\":\"Comment\",\"target\":[\"https:\\\/\\\/batitrakya.live\\\/index.php\\\/yunanistanda-covid-19-vakalarinda-bir-rekor-daha\\\/#respond\"]}],\"copyrightYear\":\"2020\",\"copyrightHolder\":{\"@id\":\"https:\\\/\\\/batitrakya.live\\\/#organization\"}},{\"@type\":\"WebPage\",\"@id\":\"https:\\\/\\\/batitrakya.live\\\/index.php\\\/yunanistanda-covid-19-vakalarinda-bir-rekor-daha\\\/\",\"url\":\"https:\\\/\\\/batitrakya.live\\\/index.php\\\/yunanistanda-covid-19-vakalarinda-bir-rekor-daha\\\/\",\"name\":\"Yunanistan'da covid-19 vakalar\u0131nda bir rekor daha... - Bat\u0131 Trakya Haber\",\"isPartOf\":{\"@id\":\"https:\\\/\\\/batitrakya.live\\\/#website\"},\"primaryImageOfPage\":{\"@id\":\"https:\\\/\\\/batitrakya.live\\\/index.php\\\/yunanistanda-covid-19-vakalarinda-bir-rekor-daha\\\/#primaryimage\"},\"image\":{\"@id\":\"https:\\\/\\\/batitrakya.live\\\/index.php\\\/yunanistanda-covid-19-vakalarinda-bir-rekor-daha\\\/#primaryimage\"},\"thumbnailUrl\":\"https:\\\/\\\/batitrakya.live\\\/wp-content\\\/uploads\\\/2020\\\/10\\\/covid_ellada.jpg\",\"datePublished\":\"2020-11-04T00:23:51+00:00\",\"author\":{\"@id\":\"https:\\\/\\\/batitrakya.live\\\/#\\\/schema\\\/person\\\/61b86abbc19e5fa0bbc3059670546fe5\"},\"breadcrumb\":{\"@id\":\"https:\\\/\\\/batitrakya.live\\\/index.php\\\/yunanistanda-covid-19-vakalarinda-bir-rekor-daha\\\/#breadcrumb\"},\"inLanguage\":\"tr\",\"potentialAction\":[{\"@type\":\"ReadAction\",\"target\":[\"https:\\\/\\\/batitrakya.live\\\/index.php\\\/yunanistanda-covid-19-vakalarinda-bir-rekor-daha\\\/\"]}]},{\"@type\":\"ImageObject\",\"inLanguage\":\"tr\",\"@id\":\"https:\\\/\\\/batitrakya.live\\\/index.php\\\/yunanistanda-covid-19-vakalarinda-bir-rekor-daha\\\/#primaryimage\",\"url\":\"https:\\\/\\\/batitrakya.live\\\/wp-content\\\/uploads\\\/2020\\\/10\\\/covid_ellada.jpg\",\"contentUrl\":\"https:\\\/\\\/batitrakya.live\\\/wp-content\\\/uploads\\\/2020\\\/10\\\/covid_ellada.jpg\",\"width\":720,\"height\":348},{\"@type\":\"BreadcrumbList\",\"@id\":\"https:\\\/\\\/batitrakya.live\\\/index.php\\\/yunanistanda-covid-19-vakalarinda-bir-rekor-daha\\\/#breadcrumb\",\"itemListElement\":[{\"@type\":\"ListItem\",\"position\":1,\"name\":\"Anasayfa\",\"item\":\"https:\\\/\\\/batitrakya.live\\\/\"},{\"@type\":\"ListItem\",\"position\":2,\"name\":\"Yunanistan&#8217;da covid-19 vakalar\u0131nda bir rekor daha&#8230;\"}]},{\"@type\":\"WebSite\",\"@id\":\"https:\\\/\\\/batitrakya.live\\\/#website\",\"url\":\"https:\\\/\\\/batitrakya.live\\\/\",\"name\":\"Bat\u0131 Trakya Haber\",\"description\":\"Bat\u0131 Trakyan\u0131n internetteki sesi..\",\"potentialAction\":[{\"@type\":\"SearchAction\",\"target\":{\"@type\":\"EntryPoint\",\"urlTemplate\":\"https:\\\/\\\/batitrakya.live\\\/?s={search_term_string}\"},\"query-input\":{\"@type\":\"PropertyValueSpecification\",\"valueRequired\":true,\"valueName\":\"search_term_string\"}}],\"inLanguage\":\"tr\"},{\"@type\":\"Person\",\"@id\":\"https:\\\/\\\/batitrakya.live\\\/#\\\/schema\\\/person\\\/61b86abbc19e5fa0bbc3059670546fe5\",\"name\":\"tamer\",\"image\":{\"@type\":\"ImageObject\",\"inLanguage\":\"tr\",\"@id\":\"https:\\\/\\\/secure.gravatar.com\\\/avatar\\\/60b0ff14c4376999cea9565d28b91fc61ff0f727c28cd083506a6d83ad6df9c9?s=96&d=mm&r=g\",\"url\":\"https:\\\/\\\/secure.gravatar.com\\\/avatar\\\/60b0ff14c4376999cea9565d28b91fc61ff0f727c28cd083506a6d83ad6df9c9?s=96&d=mm&r=g\",\"contentUrl\":\"https:\\\/\\\/secure.gravatar.com\\\/avatar\\\/60b0ff14c4376999cea9565d28b91fc61ff0f727c28cd083506a6d83ad6df9c9?s=96&d=mm&r=g\",\"caption\":\"tamer\"},\"sameAs\":[\"https:\\\/\\\/batitrakya.live\"],\"url\":\"https:\\\/\\\/batitrakya.live\\\/index.php\\\/author\\\/tamer\\\/\"}]}<\/script>\n<!-- \/ Yoast SEO Premium plugin. -->","yoast_head_json":{"title":"Yunanistan'da covid-19 vakalar\u0131nda bir rekor daha... - Bat\u0131 Trakya Haber","robots":{"index":"index","follow":"follow","max-snippet":"max-snippet:-1","max-image-preview":"max-image-preview:large","max-video-preview":"max-video-preview:-1"},"canonical":"https:\/\/batitrakya.live\/index.php\/yunanistanda-covid-19-vakalarinda-bir-rekor-daha\/","og_locale":"tr_TR","og_type":"article","og_title":"Yunanistan'da covid-19 vakalar\u0131nda bir rekor daha...","og_description":"Yunanistan genelinde bir g\u00fcnde tespit edilen Kovid -19 vakalar\u0131nda rekorlar k\u0131r\u0131lmaya devam ediyor.Al\u0131nan \u00f6nlemlere ra\u011fmen vaka say\u0131s\u0131ndaki art\u0131\u015f devam ediyor. 3 Kas\u0131m Sal\u0131 g\u00fcn\u00fc itibar\u0131yla koronavir\u00fcs vakalar\u0131na 2166 ki\u015fi daha eklendi. En y\u00fcksek vakalar Selanik b\u00f6lgesinde ortaya \u00e7\u0131kt\u0131. Selanik b\u00f6lgesinde 595 koronavir\u00fcs vakas\u0131 tespit edildi. Bat\u0131 Trakya\u2019da ise Rodop\u2019ta 108, \u0130ske\u00e7e\u2019de 25 ve Evros\u2019ta 42 &hellip;","og_url":"https:\/\/batitrakya.live\/index.php\/yunanistanda-covid-19-vakalarinda-bir-rekor-daha\/","og_site_name":"Bat\u0131 Trakya Haber","article_published_time":"2020-11-04T00:23:51+00:00","og_image":[{"width":720,"height":348,"url":"https:\/\/batitrakya.live\/wp-content\/uploads\/2020\/10\/covid_ellada.jpg","type":"image\/jpeg"}],"author":"tamer","twitter_card":"summary_large_image","twitter_misc":{"Yazan:":"tamer","Tahmini okuma s\u00fcresi":"2 dakika"},"schema":{"@context":"https:\/\/schema.org","@graph":[{"@type":"Article","@id":"https:\/\/batitrakya.live\/index.php\/yunanistanda-covid-19-vakalarinda-bir-rekor-daha\/#article","isPartOf":{"@id":"https:\/\/batitrakya.live\/index.php\/yunanistanda-covid-19-vakalarinda-bir-rekor-daha\/"},"author":{"name":"tamer","@id":"https:\/\/batitrakya.live\/#\/schema\/person\/61b86abbc19e5fa0bbc3059670546fe5"},"headline":"Yunanistan&#8217;da covid-19 vakalar\u0131nda bir rekor daha&#8230;","datePublished":"2020-11-04T00:23:51+00:00","mainEntityOfPage":{"@id":"https:\/\/batitrakya.live\/index.php\/yunanistanda-covid-19-vakalarinda-bir-rekor-daha\/"},"wordCount":334,"commentCount":0,"image":{"@id":"https:\/\/batitrakya.live\/index.php\/yunanistanda-covid-19-vakalarinda-bir-rekor-daha\/#primaryimage"},"thumbnailUrl":"https:\/\/batitrakya.live\/wp-content\/uploads\/2020\/10\/covid_ellada.jpg","keywords":["Koronavirus(covid-19)"],"articleSection":["Yunanistan Haber"],"inLanguage":"tr","potentialAction":[{"@type":"CommentAction","name":"Comment","target":["https:\/\/batitrakya.live\/index.php\/yunanistanda-covid-19-vakalarinda-bir-rekor-daha\/#respond"]}],"copyrightYear":"2020","copyrightHolder":{"@id":"https:\/\/batitrakya.live\/#organization"}},{"@type":"WebPage","@id":"https:\/\/batitrakya.live\/index.php\/yunanistanda-covid-19-vakalarinda-bir-rekor-daha\/","url":"https:\/\/batitrakya.live\/index.php\/yunanistanda-covid-19-vakalarinda-bir-rekor-daha\/","name":"Yunanistan'da covid-19 vakalar\u0131nda bir rekor daha... - Bat\u0131 Trakya Haber","isPartOf":{"@id":"https:\/\/batitrakya.live\/#website"},"primaryImageOfPage":{"@id":"https:\/\/batitrakya.live\/index.php\/yunanistanda-covid-19-vakalarinda-bir-rekor-daha\/#primaryimage"},"image":{"@id":"https:\/\/batitrakya.live\/index.php\/yunanistanda-covid-19-vakalarinda-bir-rekor-daha\/#primaryimage"},"thumbnailUrl":"https:\/\/batitrakya.live\/wp-content\/uploads\/2020\/10\/covid_ellada.jpg","datePublished":"2020-11-04T00:23:51+00:00","author":{"@id":"https:\/\/batitrakya.live\/#\/schema\/person\/61b86abbc19e5fa0bbc3059670546fe5"},"breadcrumb":{"@id":"https:\/\/batitrakya.live\/index.php\/yunanistanda-covid-19-vakalarinda-bir-rekor-daha\/#breadcrumb"},"inLanguage":"tr","potentialAction":[{"@type":"ReadAction","target":["https:\/\/batitrakya.live\/index.php\/yunanistanda-covid-19-vakalarinda-bir-rekor-daha\/"]}]},{"@type":"ImageObject","inLanguage":"tr","@id":"https:\/\/batitrakya.live\/index.php\/yunanistanda-covid-19-vakalarinda-bir-rekor-daha\/#primaryimage","url":"https:\/\/batitrakya.live\/wp-content\/uploads\/2020\/10\/covid_ellada.jpg","contentUrl":"https:\/\/batitrakya.live\/wp-content\/uploads\/2020\/10\/covid_ellada.jpg","width":720,"height":348},{"@type":"BreadcrumbList","@id":"https:\/\/batitrakya.live\/index.php\/yunanistanda-covid-19-vakalarinda-bir-rekor-daha\/#breadcrumb","itemListElement":[{"@type":"ListItem","position":1,"name":"Anasayfa","item":"https:\/\/batitrakya.live\/"},{"@type":"ListItem","position":2,"name":"Yunanistan&#8217;da covid-19 vakalar\u0131nda bir rekor daha&#8230;"}]},{"@type":"WebSite","@id":"https:\/\/batitrakya.live\/#website","url":"https:\/\/batitrakya.live\/","name":"Bat\u0131 Trakya Haber","description":"Bat\u0131 Trakyan\u0131n internetteki sesi..","potentialAction":[{"@type":"SearchAction","target":{"@type":"EntryPoint","urlTemplate":"https:\/\/batitrakya.live\/?s={search_term_string}"},"query-input":{"@type":"PropertyValueSpecification","valueRequired":true,"valueName":"search_term_string"}}],"inLanguage":"tr"},{"@type":"Person","@id":"https:\/\/batitrakya.live\/#\/schema\/person\/61b86abbc19e5fa0bbc3059670546fe5","name":"tamer","image":{"@type":"ImageObject","inLanguage":"tr","@id":"https:\/\/secure.gravatar.com\/avatar\/60b0ff14c4376999cea9565d28b91fc61ff0f727c28cd083506a6d83ad6df9c9?s=96&d=mm&r=g","url":"https:\/\/secure.gravatar.com\/avatar\/60b0ff14c4376999cea9565d28b91fc61ff0f727c28cd083506a6d83ad6df9c9?s=96&d=mm&r=g","contentUrl":"https:\/\/secure.gravatar.com\/avatar\/60b0ff14c4376999cea9565d28b91fc61ff0f727c28cd083506a6d83ad6df9c9?s=96&d=mm&r=g","caption":"tamer"},"sameAs":["https:\/\/batitrakya.live"],"url":"https:\/\/batitrakya.live\/index.php\/author\/tamer\/"}]}},"_links":{"self":[{"href":"https:\/\/batitrakya.live\/index.php\/wp-json\/wp\/v2\/posts\/29778","targetHints":{"allow":["GET"]}}],"collection":[{"href":"https:\/\/batitrakya.live\/index.php\/wp-json\/wp\/v2\/posts"}],"about":[{"href":"https:\/\/batitrakya.live\/index.php\/wp-json\/wp\/v2\/types\/post"}],"author":[{"embeddable":true,"href":"https:\/\/batitrakya.live\/index.php\/wp-json\/wp\/v2\/users\/1"}],"replies":[{"embeddable":true,"href":"https:\/\/batitrakya.live\/index.php\/wp-json\/wp\/v2\/comments?post=29778"}],"version-history":[{"count":0,"href":"https:\/\/batitrakya.live\/index.php\/wp-json\/wp\/v2\/posts\/29778\/revisions"}],"wp:featuredmedia":[{"embeddable":true,"href":"https:\/\/batitrakya.live\/index.php\/wp-json\/wp\/v2\/media\/29674"}],"wp:attachment":[{"href":"https:\/\/batitrakya.live\/index.php\/wp-json\/wp\/v2\/media?parent=29778"}],"wp:term":[{"taxonomy":"category","embeddable":true,"href":"https:\/\/batitrakya.live\/index.php\/wp-json\/wp\/v2\/categories?post=29778"},{"taxonomy":"post_tag","embeddable":true,"href":"https:\/\/batitrakya.live\/index.php\/wp-json\/wp\/v2\/tags?post=29778"}],"curies":[{"name":"wp","href":"https:\/\/api.w.org\/{rel}","templated":true}]}}