{"id":29729,"date":"2020-10-31T21:11:08","date_gmt":"2020-10-31T18:11:08","guid":{"rendered":"http:\/\/batitrakya.live\/?p=29729"},"modified":"2020-10-31T21:11:08","modified_gmt":"2020-10-31T18:11:08","slug":"dedeagac-belediyesinden-turkiyeye-yonelik-kustah-aciklama","status":"publish","type":"post","link":"https:\/\/batitrakya.live\/index.php\/dedeagac-belediyesinden-turkiyeye-yonelik-kustah-aciklama\/","title":{"rendered":"Dedea\u011fa\u00e7 Belediyesi\u2019nden T\u00fcrkiye\u2019ye y\u00f6nelik k\u00fcstah a\u00e7\u0131klama&#8230;"},"content":{"rendered":"<p>Dedea\u011fa\u00e7 Belediye Binas\u0131\u2019nda Yunan bayra\u011f\u0131n\u0131n yan\u0131nda Ermenistan bayra\u011f\u0131 dalgalanacak. Ancak bununla da yetinmeyen Dedea\u011fa\u00e7 Belediyesi yay\u0131nlad\u0131\u011f\u0131 bildiride, T\u00fcrkiye\u2019ye kar\u015f\u0131<strong> \u201czehrini\u201d<\/strong> d\u00f6k\u00fcyor ve olay\u0131 d\u00f6n\u00fcp dola\u015f\u0131p yine s\u00f6zde<strong> \u201csoyk\u0131r\u0131m\u201d<\/strong> iddias\u0131na getiriyor ve<strong> \u201cKemalist rejim taraf\u0131ndan Rumlara, Ermenilere, S\u00fcryanilere soyk\u0131r\u0131m yap\u0131ld\u0131\u201d<\/strong> ifadelerine yer veriliyor.<\/p>\n<p>Dedea\u011fa\u00e7 (Aleksandrupolis) Belediye Meclisi d\u00fcn yapt\u0131\u011f\u0131 toplant\u0131da Ermeni halk\u0131yla destek ve dayan\u0131\u015fma karar\u0131 \u00e7\u0131kard\u0131. \u00c7\u0131kan karar sonras\u0131 Dedea\u011fa\u00e7 Belediye binas\u0131 \u00f6n\u00fcne Yunanistan bayra\u011f\u0131n\u0131n yan\u0131na Ermenistan bayra\u011f\u0131 da \u00e7ekildi.<\/p>\n<p><strong>A\u00e7\u0131klamada \u00f6zetle \u015fu ifadelere yer veriliyor.<\/strong><\/p>\n<p><em><strong>\u201cDedea\u011fa\u00e7 Belediye Ba\u015fkan\u0131 ve Belediye Meclisi, Azerbaycan ve T\u00fcrkiye\u2019nin Artsakh Cumhuriyeti ve Ermenistan\u2019a y\u00f6nelik askeri sald\u0131r\u0131s\u0131n\u0131 tart\u0131\u015fmas\u0131z k\u0131namaktad\u0131r.<\/strong><\/em><\/p>\n<p><em><strong>Kemalist rejim taraf\u0131ndan Rumlara, Ermenilere, S\u00fcryanilere yap\u0131lan soyk\u0131r\u0131m\u0131n g\u00fc\u00e7l\u00fc ve k\u00f6kl\u00fc tarihi ba\u011flar\u0131 ve ge\u00e7mi\u015fiyle ba\u011flant\u0131l\u0131 oldu\u011fumuz Ermeni karde\u015flerimize duydu\u011fumuz \u00fcz\u00fcnt\u00fc ve \u00f6zlemi ifade ediyoruz.<\/strong><\/em><\/p>\n<p><em><strong>Uluslararas\u0131 toplumu (M\u0130NSK, AB, BM arabuluculuk ekibi) acilen ate\u015fkesi sa\u011flamaya ve Ermeni halk\u0131na kar\u015f\u0131 i\u015flenen su\u00e7lar\u0131 \u00f6nlemek i\u00e7in derhal harekete ge\u00e7meye ve derhal ortak bir uzla\u015fma ve kar\u015f\u0131l\u0131kl\u0131 anlay\u0131\u015f yolunun bulunmas\u0131 \u00e7a\u011fr\u0131s\u0131nda bulunuyoruz. Her zaman, uluslararas\u0131 hukuk kurallar\u0131n\u0131n uygulanmas\u0131na dayanan t\u00fcm halklar\u0131n insan haklar\u0131na sayg\u0131 g\u00f6stererek daha geni\u015f b\u00f6lgede kalk\u0131nma ve bar\u0131\u015f i\u00e7inde bir arada ya\u015famaya davet ediyoruz.<\/strong><\/em><\/p>\n<p><em><strong>Bu vesileyle, Belediye Meclisi olarak, Ermeni halk\u0131yla dayan\u0131\u015fmay\u0131 net bir \u015fekilde peki\u015ftirmek i\u00e7in \u00f6n\u00fcm\u00fczdeki be\u015f ay boyunca her ay\u0131n ilk haftas\u0131nda, \u015fehrimizin Belediye Binas\u0131nda Yunanistan ve AB bayra\u011f\u0131yla birlikte Ermeni bayra\u011f\u0131n\u0131n \u00e7ekilmesine karar verilmi\u015ftir.\u201d<\/strong><\/em><\/p>\n\n\n<p><\/p>\n","protected":false},"excerpt":{"rendered":"<p>Dedea\u011fa\u00e7 Belediye Binas\u0131\u2019nda Yunan bayra\u011f\u0131n\u0131n yan\u0131nda Ermenistan bayra\u011f\u0131 dalgalanacak. Ancak bununla da yetinmeyen Dedea\u011fa\u00e7 Belediyesi yay\u0131nlad\u0131\u011f\u0131 bildiride, T\u00fcrkiye\u2019ye kar\u015f\u0131 \u201czehrini\u201d d\u00f6k\u00fcyor ve olay\u0131 d\u00f6n\u00fcp dola\u015f\u0131p yine s\u00f6zde \u201csoyk\u0131r\u0131m\u201d iddias\u0131na getiriyor ve \u201cKemalist rejim taraf\u0131ndan Rumlara, Ermenilere, S\u00fcryanilere soyk\u0131r\u0131m yap\u0131ld\u0131\u201d ifadelerine yer veriliyor. Dedea\u011fa\u00e7 (Aleksandrupolis) Belediye Meclisi d\u00fcn yapt\u0131\u011f\u0131 toplant\u0131da Ermeni halk\u0131yla destek ve dayan\u0131\u015fma karar\u0131 &hellip;<\/p>\n","protected":false},"author":1,"featured_media":29730,"comment_status":"open","ping_status":"open","sticky":false,"template":"","format":"standard","meta":{"footnotes":""},"categories":[24],"tags":[395,51,140],"class_list":["post-29729","post","type-post","status-publish","format-standard","has-post-thumbnail","hentry","category-bati-trakyam-haber","tag-aciklama","tag-belediye","tag-dedeagac"],"yoast_head":"<!-- This site is optimized with the Yoast SEO Premium plugin v26.3 (Yoast SEO v27.3) - https:\/\/yoast.com\/product\/yoast-seo-premium-wordpress\/ -->\n<title>Dedea\u011fa\u00e7 Belediyesi\u2019nden T\u00fcrkiye\u2019ye y\u00f6nelik k\u00fcstah a\u00e7\u0131klama... - Bat\u0131 Trakya Haber<\/title>\n<meta name=\"robots\" content=\"index, follow, max-snippet:-1, max-image-preview:large, max-video-preview:-1\" \/>\n<link rel=\"canonical\" href=\"https:\/\/batitrakya.live\/index.php\/dedeagac-belediyesinden-turkiyeye-yonelik-kustah-aciklama\/\" \/>\n<meta property=\"og:locale\" content=\"tr_TR\" \/>\n<meta property=\"og:type\" content=\"article\" \/>\n<meta property=\"og:title\" content=\"Dedea\u011fa\u00e7 Belediyesi\u2019nden T\u00fcrkiye\u2019ye y\u00f6nelik k\u00fcstah a\u00e7\u0131klama...\" \/>\n<meta property=\"og:description\" content=\"Dedea\u011fa\u00e7 Belediye Binas\u0131\u2019nda Yunan bayra\u011f\u0131n\u0131n yan\u0131nda Ermenistan bayra\u011f\u0131 dalgalanacak. Ancak bununla da yetinmeyen Dedea\u011fa\u00e7 Belediyesi yay\u0131nlad\u0131\u011f\u0131 bildiride, T\u00fcrkiye\u2019ye kar\u015f\u0131 \u201czehrini\u201d d\u00f6k\u00fcyor ve olay\u0131 d\u00f6n\u00fcp dola\u015f\u0131p yine s\u00f6zde \u201csoyk\u0131r\u0131m\u201d iddias\u0131na getiriyor ve \u201cKemalist rejim taraf\u0131ndan Rumlara, Ermenilere, S\u00fcryanilere soyk\u0131r\u0131m yap\u0131ld\u0131\u201d ifadelerine yer veriliyor. Dedea\u011fa\u00e7 (Aleksandrupolis) Belediye Meclisi d\u00fcn yapt\u0131\u011f\u0131 toplant\u0131da Ermeni halk\u0131yla destek ve dayan\u0131\u015fma karar\u0131 &hellip;\" \/>\n<meta property=\"og:url\" content=\"https:\/\/batitrakya.live\/index.php\/dedeagac-belediyesinden-turkiyeye-yonelik-kustah-aciklama\/\" \/>\n<meta property=\"og:site_name\" content=\"Bat\u0131 Trakya Haber\" \/>\n<meta property=\"article:published_time\" content=\"2020-10-31T18:11:08+00:00\" \/>\n<meta property=\"og:image\" content=\"https:\/\/batitrakya.live\/wp-content\/uploads\/2020\/10\/aleksanropoli_belediye.png\" \/>\n\t<meta property=\"og:image:width\" content=\"720\" \/>\n\t<meta property=\"og:image:height\" content=\"348\" \/>\n\t<meta property=\"og:image:type\" content=\"image\/png\" \/>\n<meta name=\"author\" content=\"tamer\" \/>\n<meta name=\"twitter:card\" content=\"summary_large_image\" \/>\n<meta name=\"twitter:label1\" content=\"Yazan:\" \/>\n\t<meta name=\"twitter:data1\" content=\"tamer\" \/>\n\t<meta name=\"twitter:label2\" content=\"Tahmini okuma s\u00fcresi\" \/>\n\t<meta name=\"twitter:data2\" content=\"2 dakika\" \/>\n<script type=\"application\/ld+json\" class=\"yoast-schema-graph\">{\"@context\":\"https:\\\/\\\/schema.org\",\"@graph\":[{\"@type\":\"Article\",\"@id\":\"https:\\\/\\\/batitrakya.live\\\/index.php\\\/dedeagac-belediyesinden-turkiyeye-yonelik-kustah-aciklama\\\/#article\",\"isPartOf\":{\"@id\":\"https:\\\/\\\/batitrakya.live\\\/index.php\\\/dedeagac-belediyesinden-turkiyeye-yonelik-kustah-aciklama\\\/\"},\"author\":{\"name\":\"tamer\",\"@id\":\"https:\\\/\\\/batitrakya.live\\\/#\\\/schema\\\/person\\\/61b86abbc19e5fa0bbc3059670546fe5\"},\"headline\":\"Dedea\u011fa\u00e7 Belediyesi\u2019nden T\u00fcrkiye\u2019ye y\u00f6nelik k\u00fcstah a\u00e7\u0131klama&#8230;\",\"datePublished\":\"2020-10-31T18:11:08+00:00\",\"mainEntityOfPage\":{\"@id\":\"https:\\\/\\\/batitrakya.live\\\/index.php\\\/dedeagac-belediyesinden-turkiyeye-yonelik-kustah-aciklama\\\/\"},\"wordCount\":326,\"commentCount\":0,\"image\":{\"@id\":\"https:\\\/\\\/batitrakya.live\\\/index.php\\\/dedeagac-belediyesinden-turkiyeye-yonelik-kustah-aciklama\\\/#primaryimage\"},\"thumbnailUrl\":\"https:\\\/\\\/batitrakya.live\\\/wp-content\\\/uploads\\\/2020\\\/10\\\/aleksanropoli_belediye.png\",\"keywords\":[\"A\u00e7\u0131klama\",\"Belediye\",\"Dedea\u011fa\u00e7\"],\"articleSection\":[\"Bat\u0131 Trakyam Haber\"],\"inLanguage\":\"tr\",\"potentialAction\":[{\"@type\":\"CommentAction\",\"name\":\"Comment\",\"target\":[\"https:\\\/\\\/batitrakya.live\\\/index.php\\\/dedeagac-belediyesinden-turkiyeye-yonelik-kustah-aciklama\\\/#respond\"]}],\"copyrightYear\":\"2020\",\"copyrightHolder\":{\"@id\":\"https:\\\/\\\/batitrakya.live\\\/#organization\"}},{\"@type\":\"WebPage\",\"@id\":\"https:\\\/\\\/batitrakya.live\\\/index.php\\\/dedeagac-belediyesinden-turkiyeye-yonelik-kustah-aciklama\\\/\",\"url\":\"https:\\\/\\\/batitrakya.live\\\/index.php\\\/dedeagac-belediyesinden-turkiyeye-yonelik-kustah-aciklama\\\/\",\"name\":\"Dedea\u011fa\u00e7 Belediyesi\u2019nden T\u00fcrkiye\u2019ye y\u00f6nelik k\u00fcstah a\u00e7\u0131klama... - Bat\u0131 Trakya Haber\",\"isPartOf\":{\"@id\":\"https:\\\/\\\/batitrakya.live\\\/#website\"},\"primaryImageOfPage\":{\"@id\":\"https:\\\/\\\/batitrakya.live\\\/index.php\\\/dedeagac-belediyesinden-turkiyeye-yonelik-kustah-aciklama\\\/#primaryimage\"},\"image\":{\"@id\":\"https:\\\/\\\/batitrakya.live\\\/index.php\\\/dedeagac-belediyesinden-turkiyeye-yonelik-kustah-aciklama\\\/#primaryimage\"},\"thumbnailUrl\":\"https:\\\/\\\/batitrakya.live\\\/wp-content\\\/uploads\\\/2020\\\/10\\\/aleksanropoli_belediye.png\",\"datePublished\":\"2020-10-31T18:11:08+00:00\",\"author\":{\"@id\":\"https:\\\/\\\/batitrakya.live\\\/#\\\/schema\\\/person\\\/61b86abbc19e5fa0bbc3059670546fe5\"},\"breadcrumb\":{\"@id\":\"https:\\\/\\\/batitrakya.live\\\/index.php\\\/dedeagac-belediyesinden-turkiyeye-yonelik-kustah-aciklama\\\/#breadcrumb\"},\"inLanguage\":\"tr\",\"potentialAction\":[{\"@type\":\"ReadAction\",\"target\":[\"https:\\\/\\\/batitrakya.live\\\/index.php\\\/dedeagac-belediyesinden-turkiyeye-yonelik-kustah-aciklama\\\/\"]}]},{\"@type\":\"ImageObject\",\"inLanguage\":\"tr\",\"@id\":\"https:\\\/\\\/batitrakya.live\\\/index.php\\\/dedeagac-belediyesinden-turkiyeye-yonelik-kustah-aciklama\\\/#primaryimage\",\"url\":\"https:\\\/\\\/batitrakya.live\\\/wp-content\\\/uploads\\\/2020\\\/10\\\/aleksanropoli_belediye.png\",\"contentUrl\":\"https:\\\/\\\/batitrakya.live\\\/wp-content\\\/uploads\\\/2020\\\/10\\\/aleksanropoli_belediye.png\",\"width\":720,\"height\":348},{\"@type\":\"BreadcrumbList\",\"@id\":\"https:\\\/\\\/batitrakya.live\\\/index.php\\\/dedeagac-belediyesinden-turkiyeye-yonelik-kustah-aciklama\\\/#breadcrumb\",\"itemListElement\":[{\"@type\":\"ListItem\",\"position\":1,\"name\":\"Anasayfa\",\"item\":\"https:\\\/\\\/batitrakya.live\\\/\"},{\"@type\":\"ListItem\",\"position\":2,\"name\":\"Dedea\u011fa\u00e7 Belediyesi\u2019nden T\u00fcrkiye\u2019ye y\u00f6nelik k\u00fcstah a\u00e7\u0131klama&#8230;\"}]},{\"@type\":\"WebSite\",\"@id\":\"https:\\\/\\\/batitrakya.live\\\/#website\",\"url\":\"https:\\\/\\\/batitrakya.live\\\/\",\"name\":\"Bat\u0131 Trakya Haber\",\"description\":\"Bat\u0131 Trakyan\u0131n internetteki sesi..\",\"potentialAction\":[{\"@type\":\"SearchAction\",\"target\":{\"@type\":\"EntryPoint\",\"urlTemplate\":\"https:\\\/\\\/batitrakya.live\\\/?s={search_term_string}\"},\"query-input\":{\"@type\":\"PropertyValueSpecification\",\"valueRequired\":true,\"valueName\":\"search_term_string\"}}],\"inLanguage\":\"tr\"},{\"@type\":\"Person\",\"@id\":\"https:\\\/\\\/batitrakya.live\\\/#\\\/schema\\\/person\\\/61b86abbc19e5fa0bbc3059670546fe5\",\"name\":\"tamer\",\"image\":{\"@type\":\"ImageObject\",\"inLanguage\":\"tr\",\"@id\":\"https:\\\/\\\/secure.gravatar.com\\\/avatar\\\/60b0ff14c4376999cea9565d28b91fc61ff0f727c28cd083506a6d83ad6df9c9?s=96&d=mm&r=g\",\"url\":\"https:\\\/\\\/secure.gravatar.com\\\/avatar\\\/60b0ff14c4376999cea9565d28b91fc61ff0f727c28cd083506a6d83ad6df9c9?s=96&d=mm&r=g\",\"contentUrl\":\"https:\\\/\\\/secure.gravatar.com\\\/avatar\\\/60b0ff14c4376999cea9565d28b91fc61ff0f727c28cd083506a6d83ad6df9c9?s=96&d=mm&r=g\",\"caption\":\"tamer\"},\"sameAs\":[\"https:\\\/\\\/batitrakya.live\"],\"url\":\"https:\\\/\\\/batitrakya.live\\\/index.php\\\/author\\\/tamer\\\/\"}]}<\/script>\n<!-- \/ Yoast SEO Premium plugin. -->","yoast_head_json":{"title":"Dedea\u011fa\u00e7 Belediyesi\u2019nden T\u00fcrkiye\u2019ye y\u00f6nelik k\u00fcstah a\u00e7\u0131klama... - Bat\u0131 Trakya Haber","robots":{"index":"index","follow":"follow","max-snippet":"max-snippet:-1","max-image-preview":"max-image-preview:large","max-video-preview":"max-video-preview:-1"},"canonical":"https:\/\/batitrakya.live\/index.php\/dedeagac-belediyesinden-turkiyeye-yonelik-kustah-aciklama\/","og_locale":"tr_TR","og_type":"article","og_title":"Dedea\u011fa\u00e7 Belediyesi\u2019nden T\u00fcrkiye\u2019ye y\u00f6nelik k\u00fcstah a\u00e7\u0131klama...","og_description":"Dedea\u011fa\u00e7 Belediye Binas\u0131\u2019nda Yunan bayra\u011f\u0131n\u0131n yan\u0131nda Ermenistan bayra\u011f\u0131 dalgalanacak. Ancak bununla da yetinmeyen Dedea\u011fa\u00e7 Belediyesi yay\u0131nlad\u0131\u011f\u0131 bildiride, T\u00fcrkiye\u2019ye kar\u015f\u0131 \u201czehrini\u201d d\u00f6k\u00fcyor ve olay\u0131 d\u00f6n\u00fcp dola\u015f\u0131p yine s\u00f6zde \u201csoyk\u0131r\u0131m\u201d iddias\u0131na getiriyor ve \u201cKemalist rejim taraf\u0131ndan Rumlara, Ermenilere, S\u00fcryanilere soyk\u0131r\u0131m yap\u0131ld\u0131\u201d ifadelerine yer veriliyor. Dedea\u011fa\u00e7 (Aleksandrupolis) Belediye Meclisi d\u00fcn yapt\u0131\u011f\u0131 toplant\u0131da Ermeni halk\u0131yla destek ve dayan\u0131\u015fma karar\u0131 &hellip;","og_url":"https:\/\/batitrakya.live\/index.php\/dedeagac-belediyesinden-turkiyeye-yonelik-kustah-aciklama\/","og_site_name":"Bat\u0131 Trakya Haber","article_published_time":"2020-10-31T18:11:08+00:00","og_image":[{"width":720,"height":348,"url":"https:\/\/batitrakya.live\/wp-content\/uploads\/2020\/10\/aleksanropoli_belediye.png","type":"image\/png"}],"author":"tamer","twitter_card":"summary_large_image","twitter_misc":{"Yazan:":"tamer","Tahmini okuma s\u00fcresi":"2 dakika"},"schema":{"@context":"https:\/\/schema.org","@graph":[{"@type":"Article","@id":"https:\/\/batitrakya.live\/index.php\/dedeagac-belediyesinden-turkiyeye-yonelik-kustah-aciklama\/#article","isPartOf":{"@id":"https:\/\/batitrakya.live\/index.php\/dedeagac-belediyesinden-turkiyeye-yonelik-kustah-aciklama\/"},"author":{"name":"tamer","@id":"https:\/\/batitrakya.live\/#\/schema\/person\/61b86abbc19e5fa0bbc3059670546fe5"},"headline":"Dedea\u011fa\u00e7 Belediyesi\u2019nden T\u00fcrkiye\u2019ye y\u00f6nelik k\u00fcstah a\u00e7\u0131klama&#8230;","datePublished":"2020-10-31T18:11:08+00:00","mainEntityOfPage":{"@id":"https:\/\/batitrakya.live\/index.php\/dedeagac-belediyesinden-turkiyeye-yonelik-kustah-aciklama\/"},"wordCount":326,"commentCount":0,"image":{"@id":"https:\/\/batitrakya.live\/index.php\/dedeagac-belediyesinden-turkiyeye-yonelik-kustah-aciklama\/#primaryimage"},"thumbnailUrl":"https:\/\/batitrakya.live\/wp-content\/uploads\/2020\/10\/aleksanropoli_belediye.png","keywords":["A\u00e7\u0131klama","Belediye","Dedea\u011fa\u00e7"],"articleSection":["Bat\u0131 Trakyam Haber"],"inLanguage":"tr","potentialAction":[{"@type":"CommentAction","name":"Comment","target":["https:\/\/batitrakya.live\/index.php\/dedeagac-belediyesinden-turkiyeye-yonelik-kustah-aciklama\/#respond"]}],"copyrightYear":"2020","copyrightHolder":{"@id":"https:\/\/batitrakya.live\/#organization"}},{"@type":"WebPage","@id":"https:\/\/batitrakya.live\/index.php\/dedeagac-belediyesinden-turkiyeye-yonelik-kustah-aciklama\/","url":"https:\/\/batitrakya.live\/index.php\/dedeagac-belediyesinden-turkiyeye-yonelik-kustah-aciklama\/","name":"Dedea\u011fa\u00e7 Belediyesi\u2019nden T\u00fcrkiye\u2019ye y\u00f6nelik k\u00fcstah a\u00e7\u0131klama... - Bat\u0131 Trakya Haber","isPartOf":{"@id":"https:\/\/batitrakya.live\/#website"},"primaryImageOfPage":{"@id":"https:\/\/batitrakya.live\/index.php\/dedeagac-belediyesinden-turkiyeye-yonelik-kustah-aciklama\/#primaryimage"},"image":{"@id":"https:\/\/batitrakya.live\/index.php\/dedeagac-belediyesinden-turkiyeye-yonelik-kustah-aciklama\/#primaryimage"},"thumbnailUrl":"https:\/\/batitrakya.live\/wp-content\/uploads\/2020\/10\/aleksanropoli_belediye.png","datePublished":"2020-10-31T18:11:08+00:00","author":{"@id":"https:\/\/batitrakya.live\/#\/schema\/person\/61b86abbc19e5fa0bbc3059670546fe5"},"breadcrumb":{"@id":"https:\/\/batitrakya.live\/index.php\/dedeagac-belediyesinden-turkiyeye-yonelik-kustah-aciklama\/#breadcrumb"},"inLanguage":"tr","potentialAction":[{"@type":"ReadAction","target":["https:\/\/batitrakya.live\/index.php\/dedeagac-belediyesinden-turkiyeye-yonelik-kustah-aciklama\/"]}]},{"@type":"ImageObject","inLanguage":"tr","@id":"https:\/\/batitrakya.live\/index.php\/dedeagac-belediyesinden-turkiyeye-yonelik-kustah-aciklama\/#primaryimage","url":"https:\/\/batitrakya.live\/wp-content\/uploads\/2020\/10\/aleksanropoli_belediye.png","contentUrl":"https:\/\/batitrakya.live\/wp-content\/uploads\/2020\/10\/aleksanropoli_belediye.png","width":720,"height":348},{"@type":"BreadcrumbList","@id":"https:\/\/batitrakya.live\/index.php\/dedeagac-belediyesinden-turkiyeye-yonelik-kustah-aciklama\/#breadcrumb","itemListElement":[{"@type":"ListItem","position":1,"name":"Anasayfa","item":"https:\/\/batitrakya.live\/"},{"@type":"ListItem","position":2,"name":"Dedea\u011fa\u00e7 Belediyesi\u2019nden T\u00fcrkiye\u2019ye y\u00f6nelik k\u00fcstah a\u00e7\u0131klama&#8230;"}]},{"@type":"WebSite","@id":"https:\/\/batitrakya.live\/#website","url":"https:\/\/batitrakya.live\/","name":"Bat\u0131 Trakya Haber","description":"Bat\u0131 Trakyan\u0131n internetteki sesi..","potentialAction":[{"@type":"SearchAction","target":{"@type":"EntryPoint","urlTemplate":"https:\/\/batitrakya.live\/?s={search_term_string}"},"query-input":{"@type":"PropertyValueSpecification","valueRequired":true,"valueName":"search_term_string"}}],"inLanguage":"tr"},{"@type":"Person","@id":"https:\/\/batitrakya.live\/#\/schema\/person\/61b86abbc19e5fa0bbc3059670546fe5","name":"tamer","image":{"@type":"ImageObject","inLanguage":"tr","@id":"https:\/\/secure.gravatar.com\/avatar\/60b0ff14c4376999cea9565d28b91fc61ff0f727c28cd083506a6d83ad6df9c9?s=96&d=mm&r=g","url":"https:\/\/secure.gravatar.com\/avatar\/60b0ff14c4376999cea9565d28b91fc61ff0f727c28cd083506a6d83ad6df9c9?s=96&d=mm&r=g","contentUrl":"https:\/\/secure.gravatar.com\/avatar\/60b0ff14c4376999cea9565d28b91fc61ff0f727c28cd083506a6d83ad6df9c9?s=96&d=mm&r=g","caption":"tamer"},"sameAs":["https:\/\/batitrakya.live"],"url":"https:\/\/batitrakya.live\/index.php\/author\/tamer\/"}]}},"_links":{"self":[{"href":"https:\/\/batitrakya.live\/index.php\/wp-json\/wp\/v2\/posts\/29729","targetHints":{"allow":["GET"]}}],"collection":[{"href":"https:\/\/batitrakya.live\/index.php\/wp-json\/wp\/v2\/posts"}],"about":[{"href":"https:\/\/batitrakya.live\/index.php\/wp-json\/wp\/v2\/types\/post"}],"author":[{"embeddable":true,"href":"https:\/\/batitrakya.live\/index.php\/wp-json\/wp\/v2\/users\/1"}],"replies":[{"embeddable":true,"href":"https:\/\/batitrakya.live\/index.php\/wp-json\/wp\/v2\/comments?post=29729"}],"version-history":[{"count":0,"href":"https:\/\/batitrakya.live\/index.php\/wp-json\/wp\/v2\/posts\/29729\/revisions"}],"wp:featuredmedia":[{"embeddable":true,"href":"https:\/\/batitrakya.live\/index.php\/wp-json\/wp\/v2\/media\/29730"}],"wp:attachment":[{"href":"https:\/\/batitrakya.live\/index.php\/wp-json\/wp\/v2\/media?parent=29729"}],"wp:term":[{"taxonomy":"category","embeddable":true,"href":"https:\/\/batitrakya.live\/index.php\/wp-json\/wp\/v2\/categories?post=29729"},{"taxonomy":"post_tag","embeddable":true,"href":"https:\/\/batitrakya.live\/index.php\/wp-json\/wp\/v2\/tags?post=29729"}],"curies":[{"name":"wp","href":"https:\/\/api.w.org\/{rel}","templated":true}]}}