{"id":29576,"date":"2020-10-22T08:02:00","date_gmt":"2020-10-22T05:02:00","guid":{"rendered":"http:\/\/batitrakya.live\/?p=29576"},"modified":"2020-10-22T08:02:00","modified_gmt":"2020-10-22T05:02:00","slug":"ab-kovid-19-asisi-icin-yeni-sozlesme-imzaladi","status":"publish","type":"post","link":"https:\/\/batitrakya.live\/index.php\/ab-kovid-19-asisi-icin-yeni-sozlesme-imzaladi\/","title":{"rendered":"AB, Kovid-19 a\u015f\u0131s\u0131 i\u00e7in yeni s\u00f6zle\u015fme imzalad\u0131&#8230;"},"content":{"rendered":"\n<h4 class=\"wp-block-heading\" id=\"h-avrupa-birli-i-ila-reticisi-johnson-and-johnson-irketiyle-a-sat-n-alma-s-zle-mesi-imzalad\">Avrupa Birli\u011fi, ila\u00e7 \u00fcreticisi Johnson and Johnson \u015firketiyle a\u015f\u0131 sat\u0131n alma s\u00f6zle\u015fmesi imzalad\u0131.<\/h4>\n\n\n\n<p>AB Komisyonundan yap\u0131lan a\u00e7\u0131klamaya g\u00f6re, Komisyon, s\u00f6zle\u015fmeyle AB \u00fclkeleri ad\u0131na 400 milyon doza kadar a\u015f\u0131 sat\u0131n alabilecek.<\/p>\n\n\n\n<p>Johnson and Johnson \u015firketinin a\u015f\u0131 \u00e7al\u0131\u015fmalar\u0131nda Faz-3 a\u015famas\u0131nda oldu\u011fu belirtildi.<\/p>\n\n\n\n<p>AB, daha \u00f6nce ila\u00e7 firmalar\u0131 AstraZeneca ve Sanofi-GSK ile a\u015f\u0131 sat\u0131n almak \u00fczere s\u00f6zle\u015fme imzalam\u0131\u015f, bunlar\u0131n d\u0131\u015f\u0131nda CureVac, BioNTech-Pfizer ve Moderna firmalar\u0131yla yap\u0131lan a\u015f\u0131 sat\u0131n alma g\u00f6r\u00fc\u015fmelerinin ba\u015far\u0131l\u0131 \u015fekilde sonu\u00e7land\u0131\u011f\u0131n\u0131 a\u00e7\u0131klam\u0131\u015ft\u0131.<\/p>\n","protected":false},"excerpt":{"rendered":"<p>Avrupa Birli\u011fi, ila\u00e7 \u00fcreticisi Johnson and Johnson \u015firketiyle a\u015f\u0131 sat\u0131n alma s\u00f6zle\u015fmesi imzalad\u0131. AB Komisyonundan yap\u0131lan a\u00e7\u0131klamaya g\u00f6re, Komisyon, s\u00f6zle\u015fmeyle AB \u00fclkeleri ad\u0131na 400 milyon doza kadar a\u015f\u0131 sat\u0131n alabilecek. Johnson and Johnson \u015firketinin a\u015f\u0131 \u00e7al\u0131\u015fmalar\u0131nda Faz-3 a\u015famas\u0131nda oldu\u011fu belirtildi. AB, daha \u00f6nce ila\u00e7 firmalar\u0131 AstraZeneca ve Sanofi-GSK ile a\u015f\u0131 sat\u0131n almak \u00fczere s\u00f6zle\u015fme imzalam\u0131\u015f, &hellip;<\/p>\n","protected":false},"author":1,"featured_media":29577,"comment_status":"open","ping_status":"open","sticky":false,"template":"","format":"standard","meta":{"footnotes":""},"categories":[46],"tags":[242,138],"class_list":["post-29576","post","type-post","status-publish","format-standard","has-post-thumbnail","hentry","category-balkanlar","tag-asi","tag-korona"],"yoast_head":"<!-- This site is optimized with the Yoast SEO Premium plugin v26.3 (Yoast SEO v27.3) - https:\/\/yoast.com\/product\/yoast-seo-premium-wordpress\/ -->\n<title>AB, Kovid-19 a\u015f\u0131s\u0131 i\u00e7in yeni s\u00f6zle\u015fme imzalad\u0131... - Bat\u0131 Trakya Haber<\/title>\n<meta name=\"robots\" content=\"index, follow, max-snippet:-1, max-image-preview:large, max-video-preview:-1\" \/>\n<link rel=\"canonical\" href=\"https:\/\/batitrakya.live\/index.php\/ab-kovid-19-asisi-icin-yeni-sozlesme-imzaladi\/\" \/>\n<meta property=\"og:locale\" content=\"tr_TR\" \/>\n<meta property=\"og:type\" content=\"article\" \/>\n<meta property=\"og:title\" content=\"AB, Kovid-19 a\u015f\u0131s\u0131 i\u00e7in yeni s\u00f6zle\u015fme imzalad\u0131...\" \/>\n<meta property=\"og:description\" content=\"Avrupa Birli\u011fi, ila\u00e7 \u00fcreticisi Johnson and Johnson \u015firketiyle a\u015f\u0131 sat\u0131n alma s\u00f6zle\u015fmesi imzalad\u0131. AB Komisyonundan yap\u0131lan a\u00e7\u0131klamaya g\u00f6re, Komisyon, s\u00f6zle\u015fmeyle AB \u00fclkeleri ad\u0131na 400 milyon doza kadar a\u015f\u0131 sat\u0131n alabilecek. Johnson and Johnson \u015firketinin a\u015f\u0131 \u00e7al\u0131\u015fmalar\u0131nda Faz-3 a\u015famas\u0131nda oldu\u011fu belirtildi. AB, daha \u00f6nce ila\u00e7 firmalar\u0131 AstraZeneca ve Sanofi-GSK ile a\u015f\u0131 sat\u0131n almak \u00fczere s\u00f6zle\u015fme imzalam\u0131\u015f, &hellip;\" \/>\n<meta property=\"og:url\" content=\"https:\/\/batitrakya.live\/index.php\/ab-kovid-19-asisi-icin-yeni-sozlesme-imzaladi\/\" \/>\n<meta property=\"og:site_name\" content=\"Bat\u0131 Trakya Haber\" \/>\n<meta property=\"article:published_time\" content=\"2020-10-22T05:02:00+00:00\" \/>\n<meta property=\"og:image\" content=\"https:\/\/batitrakya.live\/wp-content\/uploads\/2020\/10\/covid_asi.jpeg\" \/>\n\t<meta property=\"og:image:width\" content=\"720\" \/>\n\t<meta property=\"og:image:height\" content=\"348\" \/>\n\t<meta property=\"og:image:type\" content=\"image\/jpeg\" \/>\n<meta name=\"author\" content=\"tamer\" \/>\n<meta name=\"twitter:card\" content=\"summary_large_image\" \/>\n<meta name=\"twitter:label1\" content=\"Yazan:\" \/>\n\t<meta name=\"twitter:data1\" content=\"tamer\" \/>\n\t<meta name=\"twitter:label2\" content=\"Tahmini okuma s\u00fcresi\" \/>\n\t<meta name=\"twitter:data2\" content=\"1 dakika\" \/>\n<script type=\"application\/ld+json\" class=\"yoast-schema-graph\">{\"@context\":\"https:\\\/\\\/schema.org\",\"@graph\":[{\"@type\":\"Article\",\"@id\":\"https:\\\/\\\/batitrakya.live\\\/index.php\\\/ab-kovid-19-asisi-icin-yeni-sozlesme-imzaladi\\\/#article\",\"isPartOf\":{\"@id\":\"https:\\\/\\\/batitrakya.live\\\/index.php\\\/ab-kovid-19-asisi-icin-yeni-sozlesme-imzaladi\\\/\"},\"author\":{\"name\":\"tamer\",\"@id\":\"https:\\\/\\\/batitrakya.live\\\/#\\\/schema\\\/person\\\/61b86abbc19e5fa0bbc3059670546fe5\"},\"headline\":\"AB, Kovid-19 a\u015f\u0131s\u0131 i\u00e7in yeni s\u00f6zle\u015fme imzalad\u0131&#8230;\",\"datePublished\":\"2020-10-22T05:02:00+00:00\",\"mainEntityOfPage\":{\"@id\":\"https:\\\/\\\/batitrakya.live\\\/index.php\\\/ab-kovid-19-asisi-icin-yeni-sozlesme-imzaladi\\\/\"},\"wordCount\":113,\"commentCount\":0,\"image\":{\"@id\":\"https:\\\/\\\/batitrakya.live\\\/index.php\\\/ab-kovid-19-asisi-icin-yeni-sozlesme-imzaladi\\\/#primaryimage\"},\"thumbnailUrl\":\"https:\\\/\\\/batitrakya.live\\\/wp-content\\\/uploads\\\/2020\\\/10\\\/covid_asi.jpeg\",\"keywords\":[\"A\u015f\u0131\",\"Koronavirus(covid-19)\"],\"articleSection\":[\"Balkanlar | Avrupa Haber\"],\"inLanguage\":\"tr\",\"potentialAction\":[{\"@type\":\"CommentAction\",\"name\":\"Comment\",\"target\":[\"https:\\\/\\\/batitrakya.live\\\/index.php\\\/ab-kovid-19-asisi-icin-yeni-sozlesme-imzaladi\\\/#respond\"]}],\"copyrightYear\":\"2020\",\"copyrightHolder\":{\"@id\":\"https:\\\/\\\/batitrakya.live\\\/#organization\"}},{\"@type\":\"WebPage\",\"@id\":\"https:\\\/\\\/batitrakya.live\\\/index.php\\\/ab-kovid-19-asisi-icin-yeni-sozlesme-imzaladi\\\/\",\"url\":\"https:\\\/\\\/batitrakya.live\\\/index.php\\\/ab-kovid-19-asisi-icin-yeni-sozlesme-imzaladi\\\/\",\"name\":\"AB, Kovid-19 a\u015f\u0131s\u0131 i\u00e7in yeni s\u00f6zle\u015fme imzalad\u0131... - Bat\u0131 Trakya Haber\",\"isPartOf\":{\"@id\":\"https:\\\/\\\/batitrakya.live\\\/#website\"},\"primaryImageOfPage\":{\"@id\":\"https:\\\/\\\/batitrakya.live\\\/index.php\\\/ab-kovid-19-asisi-icin-yeni-sozlesme-imzaladi\\\/#primaryimage\"},\"image\":{\"@id\":\"https:\\\/\\\/batitrakya.live\\\/index.php\\\/ab-kovid-19-asisi-icin-yeni-sozlesme-imzaladi\\\/#primaryimage\"},\"thumbnailUrl\":\"https:\\\/\\\/batitrakya.live\\\/wp-content\\\/uploads\\\/2020\\\/10\\\/covid_asi.jpeg\",\"datePublished\":\"2020-10-22T05:02:00+00:00\",\"author\":{\"@id\":\"https:\\\/\\\/batitrakya.live\\\/#\\\/schema\\\/person\\\/61b86abbc19e5fa0bbc3059670546fe5\"},\"breadcrumb\":{\"@id\":\"https:\\\/\\\/batitrakya.live\\\/index.php\\\/ab-kovid-19-asisi-icin-yeni-sozlesme-imzaladi\\\/#breadcrumb\"},\"inLanguage\":\"tr\",\"potentialAction\":[{\"@type\":\"ReadAction\",\"target\":[\"https:\\\/\\\/batitrakya.live\\\/index.php\\\/ab-kovid-19-asisi-icin-yeni-sozlesme-imzaladi\\\/\"]}]},{\"@type\":\"ImageObject\",\"inLanguage\":\"tr\",\"@id\":\"https:\\\/\\\/batitrakya.live\\\/index.php\\\/ab-kovid-19-asisi-icin-yeni-sozlesme-imzaladi\\\/#primaryimage\",\"url\":\"https:\\\/\\\/batitrakya.live\\\/wp-content\\\/uploads\\\/2020\\\/10\\\/covid_asi.jpeg\",\"contentUrl\":\"https:\\\/\\\/batitrakya.live\\\/wp-content\\\/uploads\\\/2020\\\/10\\\/covid_asi.jpeg\",\"width\":720,\"height\":348},{\"@type\":\"BreadcrumbList\",\"@id\":\"https:\\\/\\\/batitrakya.live\\\/index.php\\\/ab-kovid-19-asisi-icin-yeni-sozlesme-imzaladi\\\/#breadcrumb\",\"itemListElement\":[{\"@type\":\"ListItem\",\"position\":1,\"name\":\"Anasayfa\",\"item\":\"https:\\\/\\\/batitrakya.live\\\/\"},{\"@type\":\"ListItem\",\"position\":2,\"name\":\"AB, Kovid-19 a\u015f\u0131s\u0131 i\u00e7in yeni s\u00f6zle\u015fme imzalad\u0131&#8230;\"}]},{\"@type\":\"WebSite\",\"@id\":\"https:\\\/\\\/batitrakya.live\\\/#website\",\"url\":\"https:\\\/\\\/batitrakya.live\\\/\",\"name\":\"Bat\u0131 Trakya Haber\",\"description\":\"Bat\u0131 Trakyan\u0131n internetteki sesi..\",\"potentialAction\":[{\"@type\":\"SearchAction\",\"target\":{\"@type\":\"EntryPoint\",\"urlTemplate\":\"https:\\\/\\\/batitrakya.live\\\/?s={search_term_string}\"},\"query-input\":{\"@type\":\"PropertyValueSpecification\",\"valueRequired\":true,\"valueName\":\"search_term_string\"}}],\"inLanguage\":\"tr\"},{\"@type\":\"Person\",\"@id\":\"https:\\\/\\\/batitrakya.live\\\/#\\\/schema\\\/person\\\/61b86abbc19e5fa0bbc3059670546fe5\",\"name\":\"tamer\",\"image\":{\"@type\":\"ImageObject\",\"inLanguage\":\"tr\",\"@id\":\"https:\\\/\\\/secure.gravatar.com\\\/avatar\\\/60b0ff14c4376999cea9565d28b91fc61ff0f727c28cd083506a6d83ad6df9c9?s=96&d=mm&r=g\",\"url\":\"https:\\\/\\\/secure.gravatar.com\\\/avatar\\\/60b0ff14c4376999cea9565d28b91fc61ff0f727c28cd083506a6d83ad6df9c9?s=96&d=mm&r=g\",\"contentUrl\":\"https:\\\/\\\/secure.gravatar.com\\\/avatar\\\/60b0ff14c4376999cea9565d28b91fc61ff0f727c28cd083506a6d83ad6df9c9?s=96&d=mm&r=g\",\"caption\":\"tamer\"},\"sameAs\":[\"https:\\\/\\\/batitrakya.live\"],\"url\":\"https:\\\/\\\/batitrakya.live\\\/index.php\\\/author\\\/tamer\\\/\"}]}<\/script>\n<!-- \/ Yoast SEO Premium plugin. -->","yoast_head_json":{"title":"AB, Kovid-19 a\u015f\u0131s\u0131 i\u00e7in yeni s\u00f6zle\u015fme imzalad\u0131... - Bat\u0131 Trakya Haber","robots":{"index":"index","follow":"follow","max-snippet":"max-snippet:-1","max-image-preview":"max-image-preview:large","max-video-preview":"max-video-preview:-1"},"canonical":"https:\/\/batitrakya.live\/index.php\/ab-kovid-19-asisi-icin-yeni-sozlesme-imzaladi\/","og_locale":"tr_TR","og_type":"article","og_title":"AB, Kovid-19 a\u015f\u0131s\u0131 i\u00e7in yeni s\u00f6zle\u015fme imzalad\u0131...","og_description":"Avrupa Birli\u011fi, ila\u00e7 \u00fcreticisi Johnson and Johnson \u015firketiyle a\u015f\u0131 sat\u0131n alma s\u00f6zle\u015fmesi imzalad\u0131. AB Komisyonundan yap\u0131lan a\u00e7\u0131klamaya g\u00f6re, Komisyon, s\u00f6zle\u015fmeyle AB \u00fclkeleri ad\u0131na 400 milyon doza kadar a\u015f\u0131 sat\u0131n alabilecek. Johnson and Johnson \u015firketinin a\u015f\u0131 \u00e7al\u0131\u015fmalar\u0131nda Faz-3 a\u015famas\u0131nda oldu\u011fu belirtildi. AB, daha \u00f6nce ila\u00e7 firmalar\u0131 AstraZeneca ve Sanofi-GSK ile a\u015f\u0131 sat\u0131n almak \u00fczere s\u00f6zle\u015fme imzalam\u0131\u015f, &hellip;","og_url":"https:\/\/batitrakya.live\/index.php\/ab-kovid-19-asisi-icin-yeni-sozlesme-imzaladi\/","og_site_name":"Bat\u0131 Trakya Haber","article_published_time":"2020-10-22T05:02:00+00:00","og_image":[{"width":720,"height":348,"url":"https:\/\/batitrakya.live\/wp-content\/uploads\/2020\/10\/covid_asi.jpeg","type":"image\/jpeg"}],"author":"tamer","twitter_card":"summary_large_image","twitter_misc":{"Yazan:":"tamer","Tahmini okuma s\u00fcresi":"1 dakika"},"schema":{"@context":"https:\/\/schema.org","@graph":[{"@type":"Article","@id":"https:\/\/batitrakya.live\/index.php\/ab-kovid-19-asisi-icin-yeni-sozlesme-imzaladi\/#article","isPartOf":{"@id":"https:\/\/batitrakya.live\/index.php\/ab-kovid-19-asisi-icin-yeni-sozlesme-imzaladi\/"},"author":{"name":"tamer","@id":"https:\/\/batitrakya.live\/#\/schema\/person\/61b86abbc19e5fa0bbc3059670546fe5"},"headline":"AB, Kovid-19 a\u015f\u0131s\u0131 i\u00e7in yeni s\u00f6zle\u015fme imzalad\u0131&#8230;","datePublished":"2020-10-22T05:02:00+00:00","mainEntityOfPage":{"@id":"https:\/\/batitrakya.live\/index.php\/ab-kovid-19-asisi-icin-yeni-sozlesme-imzaladi\/"},"wordCount":113,"commentCount":0,"image":{"@id":"https:\/\/batitrakya.live\/index.php\/ab-kovid-19-asisi-icin-yeni-sozlesme-imzaladi\/#primaryimage"},"thumbnailUrl":"https:\/\/batitrakya.live\/wp-content\/uploads\/2020\/10\/covid_asi.jpeg","keywords":["A\u015f\u0131","Koronavirus(covid-19)"],"articleSection":["Balkanlar | Avrupa Haber"],"inLanguage":"tr","potentialAction":[{"@type":"CommentAction","name":"Comment","target":["https:\/\/batitrakya.live\/index.php\/ab-kovid-19-asisi-icin-yeni-sozlesme-imzaladi\/#respond"]}],"copyrightYear":"2020","copyrightHolder":{"@id":"https:\/\/batitrakya.live\/#organization"}},{"@type":"WebPage","@id":"https:\/\/batitrakya.live\/index.php\/ab-kovid-19-asisi-icin-yeni-sozlesme-imzaladi\/","url":"https:\/\/batitrakya.live\/index.php\/ab-kovid-19-asisi-icin-yeni-sozlesme-imzaladi\/","name":"AB, Kovid-19 a\u015f\u0131s\u0131 i\u00e7in yeni s\u00f6zle\u015fme imzalad\u0131... - Bat\u0131 Trakya Haber","isPartOf":{"@id":"https:\/\/batitrakya.live\/#website"},"primaryImageOfPage":{"@id":"https:\/\/batitrakya.live\/index.php\/ab-kovid-19-asisi-icin-yeni-sozlesme-imzaladi\/#primaryimage"},"image":{"@id":"https:\/\/batitrakya.live\/index.php\/ab-kovid-19-asisi-icin-yeni-sozlesme-imzaladi\/#primaryimage"},"thumbnailUrl":"https:\/\/batitrakya.live\/wp-content\/uploads\/2020\/10\/covid_asi.jpeg","datePublished":"2020-10-22T05:02:00+00:00","author":{"@id":"https:\/\/batitrakya.live\/#\/schema\/person\/61b86abbc19e5fa0bbc3059670546fe5"},"breadcrumb":{"@id":"https:\/\/batitrakya.live\/index.php\/ab-kovid-19-asisi-icin-yeni-sozlesme-imzaladi\/#breadcrumb"},"inLanguage":"tr","potentialAction":[{"@type":"ReadAction","target":["https:\/\/batitrakya.live\/index.php\/ab-kovid-19-asisi-icin-yeni-sozlesme-imzaladi\/"]}]},{"@type":"ImageObject","inLanguage":"tr","@id":"https:\/\/batitrakya.live\/index.php\/ab-kovid-19-asisi-icin-yeni-sozlesme-imzaladi\/#primaryimage","url":"https:\/\/batitrakya.live\/wp-content\/uploads\/2020\/10\/covid_asi.jpeg","contentUrl":"https:\/\/batitrakya.live\/wp-content\/uploads\/2020\/10\/covid_asi.jpeg","width":720,"height":348},{"@type":"BreadcrumbList","@id":"https:\/\/batitrakya.live\/index.php\/ab-kovid-19-asisi-icin-yeni-sozlesme-imzaladi\/#breadcrumb","itemListElement":[{"@type":"ListItem","position":1,"name":"Anasayfa","item":"https:\/\/batitrakya.live\/"},{"@type":"ListItem","position":2,"name":"AB, Kovid-19 a\u015f\u0131s\u0131 i\u00e7in yeni s\u00f6zle\u015fme imzalad\u0131&#8230;"}]},{"@type":"WebSite","@id":"https:\/\/batitrakya.live\/#website","url":"https:\/\/batitrakya.live\/","name":"Bat\u0131 Trakya Haber","description":"Bat\u0131 Trakyan\u0131n internetteki sesi..","potentialAction":[{"@type":"SearchAction","target":{"@type":"EntryPoint","urlTemplate":"https:\/\/batitrakya.live\/?s={search_term_string}"},"query-input":{"@type":"PropertyValueSpecification","valueRequired":true,"valueName":"search_term_string"}}],"inLanguage":"tr"},{"@type":"Person","@id":"https:\/\/batitrakya.live\/#\/schema\/person\/61b86abbc19e5fa0bbc3059670546fe5","name":"tamer","image":{"@type":"ImageObject","inLanguage":"tr","@id":"https:\/\/secure.gravatar.com\/avatar\/60b0ff14c4376999cea9565d28b91fc61ff0f727c28cd083506a6d83ad6df9c9?s=96&d=mm&r=g","url":"https:\/\/secure.gravatar.com\/avatar\/60b0ff14c4376999cea9565d28b91fc61ff0f727c28cd083506a6d83ad6df9c9?s=96&d=mm&r=g","contentUrl":"https:\/\/secure.gravatar.com\/avatar\/60b0ff14c4376999cea9565d28b91fc61ff0f727c28cd083506a6d83ad6df9c9?s=96&d=mm&r=g","caption":"tamer"},"sameAs":["https:\/\/batitrakya.live"],"url":"https:\/\/batitrakya.live\/index.php\/author\/tamer\/"}]}},"_links":{"self":[{"href":"https:\/\/batitrakya.live\/index.php\/wp-json\/wp\/v2\/posts\/29576","targetHints":{"allow":["GET"]}}],"collection":[{"href":"https:\/\/batitrakya.live\/index.php\/wp-json\/wp\/v2\/posts"}],"about":[{"href":"https:\/\/batitrakya.live\/index.php\/wp-json\/wp\/v2\/types\/post"}],"author":[{"embeddable":true,"href":"https:\/\/batitrakya.live\/index.php\/wp-json\/wp\/v2\/users\/1"}],"replies":[{"embeddable":true,"href":"https:\/\/batitrakya.live\/index.php\/wp-json\/wp\/v2\/comments?post=29576"}],"version-history":[{"count":0,"href":"https:\/\/batitrakya.live\/index.php\/wp-json\/wp\/v2\/posts\/29576\/revisions"}],"wp:featuredmedia":[{"embeddable":true,"href":"https:\/\/batitrakya.live\/index.php\/wp-json\/wp\/v2\/media\/29577"}],"wp:attachment":[{"href":"https:\/\/batitrakya.live\/index.php\/wp-json\/wp\/v2\/media?parent=29576"}],"wp:term":[{"taxonomy":"category","embeddable":true,"href":"https:\/\/batitrakya.live\/index.php\/wp-json\/wp\/v2\/categories?post=29576"},{"taxonomy":"post_tag","embeddable":true,"href":"https:\/\/batitrakya.live\/index.php\/wp-json\/wp\/v2\/tags?post=29576"}],"curies":[{"name":"wp","href":"https:\/\/api.w.org\/{rel}","templated":true}]}}