{"id":29477,"date":"2020-10-16T22:58:06","date_gmt":"2020-10-16T19:58:06","guid":{"rendered":"http:\/\/batitrakya.live\/?p=29477"},"modified":"2020-10-16T22:58:06","modified_gmt":"2020-10-16T19:58:06","slug":"kamil-sicakemin-ve-ilhan-ahmet-tartismasi-gunden-gune-alevleniyor","status":"publish","type":"post","link":"https:\/\/batitrakya.live\/index.php\/kamil-sicakemin-ve-ilhan-ahmet-tartismasi-gunden-gune-alevleniyor\/","title":{"rendered":"Kamil S\u0131cakemin ve \u0130lhan Ahmet tart\u0131\u015fmas\u0131 g\u00fcnden g\u00fcne alevleniyor&#8230;"},"content":{"rendered":"<p>Son zamanlarda Milletvekili \u0130lhan Ahmet ve Kamil S\u0131cakemin aras\u0131nda ki s\u00f6zl\u00fc at\u0131\u015fmalar devam ederken,di\u011fer taraftan \u0130lhan Ahmet&#8217;in Milletvekili dokunulmazl\u0131\u011f\u0131n\u0131n kald\u0131r\u0131lmas\u0131 konusuna da ele\u015ftiriler getiren Kamil S\u0131cakemin facebook hesab\u0131 \u00fczerinden canl\u0131 yay\u0131n yapmak suretiyle \u0130lhan Ahmet&#8217;in iddialar\u0131na ve yalanlar\u0131na cevap verdi.Tabii ki de\u011ferlendirmeyi sizlere b\u0131rak\u0131yoruz.<\/p>\n<p style=\"text-align: center;\">https:\/\/www.facebook.com\/kamil.sicakemin\/posts\/3232375893526402<\/p>\n<p>\u00a0<\/p>\n<center><iframe loading=\"lazy\" style=\"border: none; overflow: hidden;\" src=\"https:\/\/www.facebook.com\/plugins\/video.php?height=322&amp;href=https%3A%2F%2Fwww.facebook.com%2Fkamil.sicakemin%2Fvideos%2F3232123553551636%2F&amp;show_text=true&amp;width=560\" width=\"560\" height=\"437\" frameborder=\"0\" scrolling=\"no\" allowfullscreen=\"allowfullscreen\"><\/iframe><\/center>\n<p><iframe loading=\"lazy\" title=\"\u03a3\u03c5\u03b6\u03ae\u03c4\u03b7\u03c3\u03b7 \u03c3\u03c4\u03b7 \u0392\u03bf\u03c5\u03bb\u03ae \u03b3\u03b9\u03b1 \u03c4\u03b7\u03bd \u03b1\u03af\u03c4\u03b7\u03c3\u03b7 \u03ac\u03c1\u03c3\u03b7\u03c2 \u03b1\u03c3\u03c5\u03bb\u03af\u03b1\u03c2 \u03c4\u03bf\u03c5 \u0399\u03bb\u03c7\u03ac\u03bd \u0391\u03c7\u03bc\u03ad\u03c4\" width=\"500\" height=\"281\" src=\"https:\/\/www.youtube.com\/embed\/UOb-iwnrThs?feature=oembed\" frameborder=\"0\" allow=\"accelerometer; autoplay; clipboard-write; encrypted-media; gyroscope; picture-in-picture; web-share\" referrerpolicy=\"strict-origin-when-cross-origin\" allowfullscreen><\/iframe><\/p>\n\n\n<p><\/p>\n","protected":false},"excerpt":{"rendered":"<p>Son zamanlarda Milletvekili \u0130lhan Ahmet ve Kamil S\u0131cakemin aras\u0131nda ki s\u00f6zl\u00fc at\u0131\u015fmalar devam ederken,di\u011fer taraftan \u0130lhan Ahmet&#8217;in Milletvekili dokunulmazl\u0131\u011f\u0131n\u0131n kald\u0131r\u0131lmas\u0131 konusuna da ele\u015ftiriler getiren Kamil S\u0131cakemin facebook hesab\u0131 \u00fczerinden canl\u0131 yay\u0131n yapmak suretiyle \u0130lhan Ahmet&#8217;in iddialar\u0131na ve yalanlar\u0131na cevap verdi.Tabii ki de\u011ferlendirmeyi sizlere b\u0131rak\u0131yoruz. https:\/\/www.facebook.com\/kamil.sicakemin\/posts\/3232375893526402 \u00a0<\/p>\n","protected":false},"author":1,"featured_media":29479,"comment_status":"open","ping_status":"open","sticky":false,"template":"","format":"standard","meta":{"footnotes":""},"categories":[24],"tags":[244],"class_list":["post-29477","post","type-post","status-publish","format-standard","has-post-thumbnail","hentry","category-bati-trakyam-haber","tag-ilhan-ahmet"],"yoast_head":"<!-- This site is optimized with the Yoast SEO Premium plugin v26.3 (Yoast SEO v27.3) - https:\/\/yoast.com\/product\/yoast-seo-premium-wordpress\/ -->\n<title>Kamil S\u0131cakemin ve \u0130lhan Ahmet tart\u0131\u015fmas\u0131 g\u00fcnden g\u00fcne alevleniyor... - Bat\u0131 Trakya Haber<\/title>\n<meta name=\"robots\" content=\"index, follow, max-snippet:-1, max-image-preview:large, max-video-preview:-1\" \/>\n<link rel=\"canonical\" href=\"https:\/\/batitrakya.live\/index.php\/kamil-sicakemin-ve-ilhan-ahmet-tartismasi-gunden-gune-alevleniyor\/\" \/>\n<meta property=\"og:locale\" content=\"tr_TR\" \/>\n<meta property=\"og:type\" content=\"article\" \/>\n<meta property=\"og:title\" content=\"Kamil S\u0131cakemin ve \u0130lhan Ahmet tart\u0131\u015fmas\u0131 g\u00fcnden g\u00fcne alevleniyor...\" \/>\n<meta property=\"og:description\" content=\"Son zamanlarda Milletvekili \u0130lhan Ahmet ve Kamil S\u0131cakemin aras\u0131nda ki s\u00f6zl\u00fc at\u0131\u015fmalar devam ederken,di\u011fer taraftan \u0130lhan Ahmet&#8217;in Milletvekili dokunulmazl\u0131\u011f\u0131n\u0131n kald\u0131r\u0131lmas\u0131 konusuna da ele\u015ftiriler getiren Kamil S\u0131cakemin facebook hesab\u0131 \u00fczerinden canl\u0131 yay\u0131n yapmak suretiyle \u0130lhan Ahmet&#8217;in iddialar\u0131na ve yalanlar\u0131na cevap verdi.Tabii ki de\u011ferlendirmeyi sizlere b\u0131rak\u0131yoruz. https:\/\/www.facebook.com\/kamil.sicakemin\/posts\/3232375893526402 \u00a0\" \/>\n<meta property=\"og:url\" content=\"https:\/\/batitrakya.live\/index.php\/kamil-sicakemin-ve-ilhan-ahmet-tartismasi-gunden-gune-alevleniyor\/\" \/>\n<meta property=\"og:site_name\" content=\"Bat\u0131 Trakya Haber\" \/>\n<meta property=\"article:published_time\" content=\"2020-10-16T19:58:06+00:00\" \/>\n<meta property=\"og:image\" content=\"https:\/\/batitrakya.live\/wp-content\/uploads\/2020\/10\/emin_ahmet.png\" \/>\n\t<meta property=\"og:image:width\" content=\"720\" \/>\n\t<meta property=\"og:image:height\" content=\"348\" \/>\n\t<meta property=\"og:image:type\" content=\"image\/png\" \/>\n<meta name=\"author\" content=\"tamer\" \/>\n<meta name=\"twitter:card\" content=\"summary_large_image\" \/>\n<meta name=\"twitter:label1\" content=\"Yazan:\" \/>\n\t<meta name=\"twitter:data1\" content=\"tamer\" \/>\n<script type=\"application\/ld+json\" class=\"yoast-schema-graph\">{\"@context\":\"https:\\\/\\\/schema.org\",\"@graph\":[{\"@type\":\"Article\",\"@id\":\"https:\\\/\\\/batitrakya.live\\\/index.php\\\/kamil-sicakemin-ve-ilhan-ahmet-tartismasi-gunden-gune-alevleniyor\\\/#article\",\"isPartOf\":{\"@id\":\"https:\\\/\\\/batitrakya.live\\\/index.php\\\/kamil-sicakemin-ve-ilhan-ahmet-tartismasi-gunden-gune-alevleniyor\\\/\"},\"author\":{\"name\":\"tamer\",\"@id\":\"https:\\\/\\\/batitrakya.live\\\/#\\\/schema\\\/person\\\/61b86abbc19e5fa0bbc3059670546fe5\"},\"headline\":\"Kamil S\u0131cakemin ve \u0130lhan Ahmet tart\u0131\u015fmas\u0131 g\u00fcnden g\u00fcne alevleniyor&#8230;\",\"datePublished\":\"2020-10-16T19:58:06+00:00\",\"mainEntityOfPage\":{\"@id\":\"https:\\\/\\\/batitrakya.live\\\/index.php\\\/kamil-sicakemin-ve-ilhan-ahmet-tartismasi-gunden-gune-alevleniyor\\\/\"},\"wordCount\":89,\"commentCount\":0,\"image\":{\"@id\":\"https:\\\/\\\/batitrakya.live\\\/index.php\\\/kamil-sicakemin-ve-ilhan-ahmet-tartismasi-gunden-gune-alevleniyor\\\/#primaryimage\"},\"thumbnailUrl\":\"https:\\\/\\\/batitrakya.live\\\/wp-content\\\/uploads\\\/2020\\\/10\\\/emin_ahmet.png\",\"keywords\":[\"\u0130lhan Ahmet\"],\"articleSection\":[\"Bat\u0131 Trakyam Haber\"],\"inLanguage\":\"tr\",\"potentialAction\":[{\"@type\":\"CommentAction\",\"name\":\"Comment\",\"target\":[\"https:\\\/\\\/batitrakya.live\\\/index.php\\\/kamil-sicakemin-ve-ilhan-ahmet-tartismasi-gunden-gune-alevleniyor\\\/#respond\"]}],\"copyrightYear\":\"2020\",\"copyrightHolder\":{\"@id\":\"https:\\\/\\\/batitrakya.live\\\/#organization\"}},{\"@type\":\"WebPage\",\"@id\":\"https:\\\/\\\/batitrakya.live\\\/index.php\\\/kamil-sicakemin-ve-ilhan-ahmet-tartismasi-gunden-gune-alevleniyor\\\/\",\"url\":\"https:\\\/\\\/batitrakya.live\\\/index.php\\\/kamil-sicakemin-ve-ilhan-ahmet-tartismasi-gunden-gune-alevleniyor\\\/\",\"name\":\"Kamil S\u0131cakemin ve \u0130lhan Ahmet tart\u0131\u015fmas\u0131 g\u00fcnden g\u00fcne alevleniyor... - Bat\u0131 Trakya Haber\",\"isPartOf\":{\"@id\":\"https:\\\/\\\/batitrakya.live\\\/#website\"},\"primaryImageOfPage\":{\"@id\":\"https:\\\/\\\/batitrakya.live\\\/index.php\\\/kamil-sicakemin-ve-ilhan-ahmet-tartismasi-gunden-gune-alevleniyor\\\/#primaryimage\"},\"image\":{\"@id\":\"https:\\\/\\\/batitrakya.live\\\/index.php\\\/kamil-sicakemin-ve-ilhan-ahmet-tartismasi-gunden-gune-alevleniyor\\\/#primaryimage\"},\"thumbnailUrl\":\"https:\\\/\\\/batitrakya.live\\\/wp-content\\\/uploads\\\/2020\\\/10\\\/emin_ahmet.png\",\"datePublished\":\"2020-10-16T19:58:06+00:00\",\"author\":{\"@id\":\"https:\\\/\\\/batitrakya.live\\\/#\\\/schema\\\/person\\\/61b86abbc19e5fa0bbc3059670546fe5\"},\"breadcrumb\":{\"@id\":\"https:\\\/\\\/batitrakya.live\\\/index.php\\\/kamil-sicakemin-ve-ilhan-ahmet-tartismasi-gunden-gune-alevleniyor\\\/#breadcrumb\"},\"inLanguage\":\"tr\",\"potentialAction\":[{\"@type\":\"ReadAction\",\"target\":[\"https:\\\/\\\/batitrakya.live\\\/index.php\\\/kamil-sicakemin-ve-ilhan-ahmet-tartismasi-gunden-gune-alevleniyor\\\/\"]}]},{\"@type\":\"ImageObject\",\"inLanguage\":\"tr\",\"@id\":\"https:\\\/\\\/batitrakya.live\\\/index.php\\\/kamil-sicakemin-ve-ilhan-ahmet-tartismasi-gunden-gune-alevleniyor\\\/#primaryimage\",\"url\":\"https:\\\/\\\/batitrakya.live\\\/wp-content\\\/uploads\\\/2020\\\/10\\\/emin_ahmet.png\",\"contentUrl\":\"https:\\\/\\\/batitrakya.live\\\/wp-content\\\/uploads\\\/2020\\\/10\\\/emin_ahmet.png\",\"width\":720,\"height\":348},{\"@type\":\"BreadcrumbList\",\"@id\":\"https:\\\/\\\/batitrakya.live\\\/index.php\\\/kamil-sicakemin-ve-ilhan-ahmet-tartismasi-gunden-gune-alevleniyor\\\/#breadcrumb\",\"itemListElement\":[{\"@type\":\"ListItem\",\"position\":1,\"name\":\"Anasayfa\",\"item\":\"https:\\\/\\\/batitrakya.live\\\/\"},{\"@type\":\"ListItem\",\"position\":2,\"name\":\"Kamil S\u0131cakemin ve \u0130lhan Ahmet tart\u0131\u015fmas\u0131 g\u00fcnden g\u00fcne alevleniyor&#8230;\"}]},{\"@type\":\"WebSite\",\"@id\":\"https:\\\/\\\/batitrakya.live\\\/#website\",\"url\":\"https:\\\/\\\/batitrakya.live\\\/\",\"name\":\"Bat\u0131 Trakya Haber\",\"description\":\"Bat\u0131 Trakyan\u0131n internetteki sesi..\",\"potentialAction\":[{\"@type\":\"SearchAction\",\"target\":{\"@type\":\"EntryPoint\",\"urlTemplate\":\"https:\\\/\\\/batitrakya.live\\\/?s={search_term_string}\"},\"query-input\":{\"@type\":\"PropertyValueSpecification\",\"valueRequired\":true,\"valueName\":\"search_term_string\"}}],\"inLanguage\":\"tr\"},{\"@type\":\"Person\",\"@id\":\"https:\\\/\\\/batitrakya.live\\\/#\\\/schema\\\/person\\\/61b86abbc19e5fa0bbc3059670546fe5\",\"name\":\"tamer\",\"image\":{\"@type\":\"ImageObject\",\"inLanguage\":\"tr\",\"@id\":\"https:\\\/\\\/secure.gravatar.com\\\/avatar\\\/60b0ff14c4376999cea9565d28b91fc61ff0f727c28cd083506a6d83ad6df9c9?s=96&d=mm&r=g\",\"url\":\"https:\\\/\\\/secure.gravatar.com\\\/avatar\\\/60b0ff14c4376999cea9565d28b91fc61ff0f727c28cd083506a6d83ad6df9c9?s=96&d=mm&r=g\",\"contentUrl\":\"https:\\\/\\\/secure.gravatar.com\\\/avatar\\\/60b0ff14c4376999cea9565d28b91fc61ff0f727c28cd083506a6d83ad6df9c9?s=96&d=mm&r=g\",\"caption\":\"tamer\"},\"sameAs\":[\"https:\\\/\\\/batitrakya.live\"],\"url\":\"https:\\\/\\\/batitrakya.live\\\/index.php\\\/author\\\/tamer\\\/\"}]}<\/script>\n<!-- \/ Yoast SEO Premium plugin. -->","yoast_head_json":{"title":"Kamil S\u0131cakemin ve \u0130lhan Ahmet tart\u0131\u015fmas\u0131 g\u00fcnden g\u00fcne alevleniyor... - Bat\u0131 Trakya Haber","robots":{"index":"index","follow":"follow","max-snippet":"max-snippet:-1","max-image-preview":"max-image-preview:large","max-video-preview":"max-video-preview:-1"},"canonical":"https:\/\/batitrakya.live\/index.php\/kamil-sicakemin-ve-ilhan-ahmet-tartismasi-gunden-gune-alevleniyor\/","og_locale":"tr_TR","og_type":"article","og_title":"Kamil S\u0131cakemin ve \u0130lhan Ahmet tart\u0131\u015fmas\u0131 g\u00fcnden g\u00fcne alevleniyor...","og_description":"Son zamanlarda Milletvekili \u0130lhan Ahmet ve Kamil S\u0131cakemin aras\u0131nda ki s\u00f6zl\u00fc at\u0131\u015fmalar devam ederken,di\u011fer taraftan \u0130lhan Ahmet&#8217;in Milletvekili dokunulmazl\u0131\u011f\u0131n\u0131n kald\u0131r\u0131lmas\u0131 konusuna da ele\u015ftiriler getiren Kamil S\u0131cakemin facebook hesab\u0131 \u00fczerinden canl\u0131 yay\u0131n yapmak suretiyle \u0130lhan Ahmet&#8217;in iddialar\u0131na ve yalanlar\u0131na cevap verdi.Tabii ki de\u011ferlendirmeyi sizlere b\u0131rak\u0131yoruz. https:\/\/www.facebook.com\/kamil.sicakemin\/posts\/3232375893526402 \u00a0","og_url":"https:\/\/batitrakya.live\/index.php\/kamil-sicakemin-ve-ilhan-ahmet-tartismasi-gunden-gune-alevleniyor\/","og_site_name":"Bat\u0131 Trakya Haber","article_published_time":"2020-10-16T19:58:06+00:00","og_image":[{"width":720,"height":348,"url":"https:\/\/batitrakya.live\/wp-content\/uploads\/2020\/10\/emin_ahmet.png","type":"image\/png"}],"author":"tamer","twitter_card":"summary_large_image","twitter_misc":{"Yazan:":"tamer"},"schema":{"@context":"https:\/\/schema.org","@graph":[{"@type":"Article","@id":"https:\/\/batitrakya.live\/index.php\/kamil-sicakemin-ve-ilhan-ahmet-tartismasi-gunden-gune-alevleniyor\/#article","isPartOf":{"@id":"https:\/\/batitrakya.live\/index.php\/kamil-sicakemin-ve-ilhan-ahmet-tartismasi-gunden-gune-alevleniyor\/"},"author":{"name":"tamer","@id":"https:\/\/batitrakya.live\/#\/schema\/person\/61b86abbc19e5fa0bbc3059670546fe5"},"headline":"Kamil S\u0131cakemin ve \u0130lhan Ahmet tart\u0131\u015fmas\u0131 g\u00fcnden g\u00fcne alevleniyor&#8230;","datePublished":"2020-10-16T19:58:06+00:00","mainEntityOfPage":{"@id":"https:\/\/batitrakya.live\/index.php\/kamil-sicakemin-ve-ilhan-ahmet-tartismasi-gunden-gune-alevleniyor\/"},"wordCount":89,"commentCount":0,"image":{"@id":"https:\/\/batitrakya.live\/index.php\/kamil-sicakemin-ve-ilhan-ahmet-tartismasi-gunden-gune-alevleniyor\/#primaryimage"},"thumbnailUrl":"https:\/\/batitrakya.live\/wp-content\/uploads\/2020\/10\/emin_ahmet.png","keywords":["\u0130lhan Ahmet"],"articleSection":["Bat\u0131 Trakyam Haber"],"inLanguage":"tr","potentialAction":[{"@type":"CommentAction","name":"Comment","target":["https:\/\/batitrakya.live\/index.php\/kamil-sicakemin-ve-ilhan-ahmet-tartismasi-gunden-gune-alevleniyor\/#respond"]}],"copyrightYear":"2020","copyrightHolder":{"@id":"https:\/\/batitrakya.live\/#organization"}},{"@type":"WebPage","@id":"https:\/\/batitrakya.live\/index.php\/kamil-sicakemin-ve-ilhan-ahmet-tartismasi-gunden-gune-alevleniyor\/","url":"https:\/\/batitrakya.live\/index.php\/kamil-sicakemin-ve-ilhan-ahmet-tartismasi-gunden-gune-alevleniyor\/","name":"Kamil S\u0131cakemin ve \u0130lhan Ahmet tart\u0131\u015fmas\u0131 g\u00fcnden g\u00fcne alevleniyor... - Bat\u0131 Trakya Haber","isPartOf":{"@id":"https:\/\/batitrakya.live\/#website"},"primaryImageOfPage":{"@id":"https:\/\/batitrakya.live\/index.php\/kamil-sicakemin-ve-ilhan-ahmet-tartismasi-gunden-gune-alevleniyor\/#primaryimage"},"image":{"@id":"https:\/\/batitrakya.live\/index.php\/kamil-sicakemin-ve-ilhan-ahmet-tartismasi-gunden-gune-alevleniyor\/#primaryimage"},"thumbnailUrl":"https:\/\/batitrakya.live\/wp-content\/uploads\/2020\/10\/emin_ahmet.png","datePublished":"2020-10-16T19:58:06+00:00","author":{"@id":"https:\/\/batitrakya.live\/#\/schema\/person\/61b86abbc19e5fa0bbc3059670546fe5"},"breadcrumb":{"@id":"https:\/\/batitrakya.live\/index.php\/kamil-sicakemin-ve-ilhan-ahmet-tartismasi-gunden-gune-alevleniyor\/#breadcrumb"},"inLanguage":"tr","potentialAction":[{"@type":"ReadAction","target":["https:\/\/batitrakya.live\/index.php\/kamil-sicakemin-ve-ilhan-ahmet-tartismasi-gunden-gune-alevleniyor\/"]}]},{"@type":"ImageObject","inLanguage":"tr","@id":"https:\/\/batitrakya.live\/index.php\/kamil-sicakemin-ve-ilhan-ahmet-tartismasi-gunden-gune-alevleniyor\/#primaryimage","url":"https:\/\/batitrakya.live\/wp-content\/uploads\/2020\/10\/emin_ahmet.png","contentUrl":"https:\/\/batitrakya.live\/wp-content\/uploads\/2020\/10\/emin_ahmet.png","width":720,"height":348},{"@type":"BreadcrumbList","@id":"https:\/\/batitrakya.live\/index.php\/kamil-sicakemin-ve-ilhan-ahmet-tartismasi-gunden-gune-alevleniyor\/#breadcrumb","itemListElement":[{"@type":"ListItem","position":1,"name":"Anasayfa","item":"https:\/\/batitrakya.live\/"},{"@type":"ListItem","position":2,"name":"Kamil S\u0131cakemin ve \u0130lhan Ahmet tart\u0131\u015fmas\u0131 g\u00fcnden g\u00fcne alevleniyor&#8230;"}]},{"@type":"WebSite","@id":"https:\/\/batitrakya.live\/#website","url":"https:\/\/batitrakya.live\/","name":"Bat\u0131 Trakya Haber","description":"Bat\u0131 Trakyan\u0131n internetteki sesi..","potentialAction":[{"@type":"SearchAction","target":{"@type":"EntryPoint","urlTemplate":"https:\/\/batitrakya.live\/?s={search_term_string}"},"query-input":{"@type":"PropertyValueSpecification","valueRequired":true,"valueName":"search_term_string"}}],"inLanguage":"tr"},{"@type":"Person","@id":"https:\/\/batitrakya.live\/#\/schema\/person\/61b86abbc19e5fa0bbc3059670546fe5","name":"tamer","image":{"@type":"ImageObject","inLanguage":"tr","@id":"https:\/\/secure.gravatar.com\/avatar\/60b0ff14c4376999cea9565d28b91fc61ff0f727c28cd083506a6d83ad6df9c9?s=96&d=mm&r=g","url":"https:\/\/secure.gravatar.com\/avatar\/60b0ff14c4376999cea9565d28b91fc61ff0f727c28cd083506a6d83ad6df9c9?s=96&d=mm&r=g","contentUrl":"https:\/\/secure.gravatar.com\/avatar\/60b0ff14c4376999cea9565d28b91fc61ff0f727c28cd083506a6d83ad6df9c9?s=96&d=mm&r=g","caption":"tamer"},"sameAs":["https:\/\/batitrakya.live"],"url":"https:\/\/batitrakya.live\/index.php\/author\/tamer\/"}]}},"_links":{"self":[{"href":"https:\/\/batitrakya.live\/index.php\/wp-json\/wp\/v2\/posts\/29477","targetHints":{"allow":["GET"]}}],"collection":[{"href":"https:\/\/batitrakya.live\/index.php\/wp-json\/wp\/v2\/posts"}],"about":[{"href":"https:\/\/batitrakya.live\/index.php\/wp-json\/wp\/v2\/types\/post"}],"author":[{"embeddable":true,"href":"https:\/\/batitrakya.live\/index.php\/wp-json\/wp\/v2\/users\/1"}],"replies":[{"embeddable":true,"href":"https:\/\/batitrakya.live\/index.php\/wp-json\/wp\/v2\/comments?post=29477"}],"version-history":[{"count":0,"href":"https:\/\/batitrakya.live\/index.php\/wp-json\/wp\/v2\/posts\/29477\/revisions"}],"wp:featuredmedia":[{"embeddable":true,"href":"https:\/\/batitrakya.live\/index.php\/wp-json\/wp\/v2\/media\/29479"}],"wp:attachment":[{"href":"https:\/\/batitrakya.live\/index.php\/wp-json\/wp\/v2\/media?parent=29477"}],"wp:term":[{"taxonomy":"category","embeddable":true,"href":"https:\/\/batitrakya.live\/index.php\/wp-json\/wp\/v2\/categories?post=29477"},{"taxonomy":"post_tag","embeddable":true,"href":"https:\/\/batitrakya.live\/index.php\/wp-json\/wp\/v2\/tags?post=29477"}],"curies":[{"name":"wp","href":"https:\/\/api.w.org\/{rel}","templated":true}]}}