{"id":29444,"date":"2020-10-15T17:47:35","date_gmt":"2020-10-15T14:47:35","guid":{"rendered":"http:\/\/batitrakya.live\/?p=29444"},"modified":"2020-10-15T17:47:35","modified_gmt":"2020-10-15T14:47:35","slug":"micotakis-ab-tum-imkanlarini-kullanma-sozu-verdi","status":"publish","type":"post","link":"https:\/\/batitrakya.live\/index.php\/micotakis-ab-tum-imkanlarini-kullanma-sozu-verdi\/","title":{"rendered":"Mi\u00e7otakis: &#8216;AB t\u00fcm imkanlar\u0131n\u0131 kullanma s\u00f6z\u00fc verdi&#8217;&#8230;"},"content":{"rendered":"<p>Ba\u015fbakan Kiriakos Mi\u00e7otakis, T\u00fcrkiye&#8217;nin Do\u011fu Akdeniz&#8217;de faaliyetlerine devam etmesi halinde Avrupa Birli\u011fi&#8217;nin elindeki t\u00fcm imkanlar\u0131 lehlerine kullanma s\u00f6z\u00fc verdi\u011fini ifade etti.<\/p>\n<p>Atina&#8217;da bulunan Almanya D\u0131\u015fi\u015fleri Bakan\u0131 Heiko Maas&#8217;\u0131 makam\u0131nda kabul eden Ba\u015fbakan Kiriakos Mi\u00e7otakis&#8217;in g\u00fcndeminde yine T\u00fcrkiye ve Do\u011fu Akdeniz&#8217;deki me\u015fru \u00e7al\u0131\u015fmalar\u0131 vard\u0131.<\/p>\n<p>K\u0131sa s\u00fcre \u00f6nce yap\u0131lan Avrupa Birli\u011fi zirvesinde T\u00fcrkiye&#8217;ye AB ile ili\u015fkileri yeniden ba\u015flatma ya da agresif tutumun s\u00fcrd\u00fcr\u00fclmesi halinde sonu\u00e7lar\u0131na katlanma aras\u0131nda tercih yapma mesaj\u0131 verildi\u011fini iddia eden Mi\u00e7otakis, <em><strong>&#8220;G\u00f6r\u00fcnene g\u00f6re, maalesef T\u00fcrkiye ikinci yol tercih etti. Avrupa Konseyi \u00e7\u0131kar\u0131mlar\u0131n\u0131n 21. maddesine g\u00f6re T\u00fcrkiye&#8217;nin uluslararas\u0131 hukuku ihlal ederek tek tarafl\u0131 eylemlere ve provokasyonlara devam etmesi halinde, AB olarak elimizdeki t\u00fcm ara\u00e7lar\u0131 ve se\u00e7enekleri kullanaca\u011f\u0131m\u0131z net \u015fekilde anla\u015f\u0131l\u0131yor. Geli\u015fmeleri dikkatlice takip edece\u011fiz ve en ge\u00e7 aral\u0131k ay\u0131nda karar\u0131m\u0131z\u0131 verece\u011fiz&#8221;<\/strong> <\/em>ifadelerini kulland\u0131.<\/p>\n<p><strong>&#8220;H\u0130\u00c7 K\u0130MSE YA\u015eANANLARDAN MEMNUN DE\u011e\u0130L&#8221;<\/strong><\/p>\n<p>Son g\u00fcnlerde ya\u015fananlara bak\u0131ld\u0131\u011f\u0131nda Maas&#8217;la zor ko\u015fullarda bir araya geldi\u011fini s\u00f6yleyen Mi\u00e7otakis, \u00f6zellikle Avrupa Konseyi&#8217;nin \u00e7\u0131kar\u0131mlar\u0131 \u0131\u015f\u0131\u011f\u0131nda hi\u00e7 kimsenin son ya\u015fananlardan memnun olamayaca\u011f\u0131n\u0131 d\u00fc\u015f\u00fcnd\u00fc\u011f\u00fcn\u00fc belirtti.<\/p>\n<p>Mi\u00e7otakis, sonras\u0131nda T\u00fcrkiye&#8217;yi tehdit de i\u00e7eren \u015fu ifadelerle s\u00f6zlerini tamamlad\u0131: <em><strong>&#8220;Br\u00fcksel&#8217;de mutab\u0131k kal\u0131nan hususlar\u0131n tamamen anla\u015f\u0131l\u0131r oldu\u011funun herkes taraf\u0131ndan hat\u0131rlanmas\u0131 \u00e7ok \u00f6nemli. K\u0131sa s\u00fcre \u00f6nce al\u0131nan kararda, iyi niyetle diyalog y\u00fcr\u00fct\u00fclmesi ve AB&#8217;nin \u00e7\u0131karlar\u0131na ters d\u00fc\u015fen ve uluslararas\u0131 hukuk ile AB&#8217;ye \u00fcye \u00fclkelerin egemenlik haklar\u0131n\u0131 ihlal eden tek tarafl\u0131 eylemlerden ka\u00e7\u0131n\u0131lmas\u0131 gerekti\u011fi belirtilmi\u015fti. Bu, Yunanistan ile T\u00fcrkiye aras\u0131ndaki ili\u015fkilerin iyile\u015fmesi i\u00e7in \u00f6n ko\u015ful&#8221;<\/strong><\/em><\/p>\n","protected":false},"excerpt":{"rendered":"<p>Ba\u015fbakan Kiriakos Mi\u00e7otakis, T\u00fcrkiye&#8217;nin Do\u011fu Akdeniz&#8217;de faaliyetlerine devam etmesi halinde Avrupa Birli\u011fi&#8217;nin elindeki t\u00fcm imkanlar\u0131 lehlerine kullanma s\u00f6z\u00fc verdi\u011fini ifade etti. Atina&#8217;da bulunan Almanya D\u0131\u015fi\u015fleri Bakan\u0131 Heiko Maas&#8217;\u0131 makam\u0131nda kabul eden Ba\u015fbakan Kiriakos Mi\u00e7otakis&#8217;in g\u00fcndeminde yine T\u00fcrkiye ve Do\u011fu Akdeniz&#8217;deki me\u015fru \u00e7al\u0131\u015fmalar\u0131 vard\u0131. K\u0131sa s\u00fcre \u00f6nce yap\u0131lan Avrupa Birli\u011fi zirvesinde T\u00fcrkiye&#8217;ye AB ile ili\u015fkileri yeniden &hellip;<\/p>\n","protected":false},"author":1,"featured_media":29445,"comment_status":"open","ping_status":"open","sticky":false,"template":"","format":"standard","meta":{"footnotes":""},"categories":[57],"tags":[76],"class_list":["post-29444","post","type-post","status-publish","format-standard","has-post-thumbnail","hentry","category-yunanistan","tag-micotakis"],"yoast_head":"<!-- This site is optimized with the Yoast SEO Premium plugin v26.3 (Yoast SEO v27.3) - https:\/\/yoast.com\/product\/yoast-seo-premium-wordpress\/ -->\n<title>Mi\u00e7otakis: &#039;AB t\u00fcm imkanlar\u0131n\u0131 kullanma s\u00f6z\u00fc verdi&#039;... - Bat\u0131 Trakya Haber<\/title>\n<meta name=\"robots\" content=\"index, follow, max-snippet:-1, max-image-preview:large, max-video-preview:-1\" \/>\n<link rel=\"canonical\" href=\"https:\/\/batitrakya.live\/index.php\/micotakis-ab-tum-imkanlarini-kullanma-sozu-verdi\/\" \/>\n<meta property=\"og:locale\" content=\"tr_TR\" \/>\n<meta property=\"og:type\" content=\"article\" \/>\n<meta property=\"og:title\" content=\"Mi\u00e7otakis: &#039;AB t\u00fcm imkanlar\u0131n\u0131 kullanma s\u00f6z\u00fc verdi&#039;...\" \/>\n<meta property=\"og:description\" content=\"Ba\u015fbakan Kiriakos Mi\u00e7otakis, T\u00fcrkiye&#8217;nin Do\u011fu Akdeniz&#8217;de faaliyetlerine devam etmesi halinde Avrupa Birli\u011fi&#8217;nin elindeki t\u00fcm imkanlar\u0131 lehlerine kullanma s\u00f6z\u00fc verdi\u011fini ifade etti. Atina&#8217;da bulunan Almanya D\u0131\u015fi\u015fleri Bakan\u0131 Heiko Maas&#8217;\u0131 makam\u0131nda kabul eden Ba\u015fbakan Kiriakos Mi\u00e7otakis&#8217;in g\u00fcndeminde yine T\u00fcrkiye ve Do\u011fu Akdeniz&#8217;deki me\u015fru \u00e7al\u0131\u015fmalar\u0131 vard\u0131. K\u0131sa s\u00fcre \u00f6nce yap\u0131lan Avrupa Birli\u011fi zirvesinde T\u00fcrkiye&#8217;ye AB ile ili\u015fkileri yeniden &hellip;\" \/>\n<meta property=\"og:url\" content=\"https:\/\/batitrakya.live\/index.php\/micotakis-ab-tum-imkanlarini-kullanma-sozu-verdi\/\" \/>\n<meta property=\"og:site_name\" content=\"Bat\u0131 Trakya Haber\" \/>\n<meta property=\"article:published_time\" content=\"2020-10-15T14:47:35+00:00\" \/>\n<meta property=\"og:image\" content=\"https:\/\/batitrakya.live\/wp-content\/uploads\/2020\/10\/mickotaki.png\" \/>\n\t<meta property=\"og:image:width\" content=\"720\" \/>\n\t<meta property=\"og:image:height\" content=\"348\" \/>\n\t<meta property=\"og:image:type\" content=\"image\/png\" \/>\n<meta name=\"author\" content=\"tamer\" \/>\n<meta name=\"twitter:card\" content=\"summary_large_image\" \/>\n<meta name=\"twitter:label1\" content=\"Yazan:\" \/>\n\t<meta name=\"twitter:data1\" content=\"tamer\" \/>\n\t<meta name=\"twitter:label2\" content=\"Tahmini okuma s\u00fcresi\" \/>\n\t<meta name=\"twitter:data2\" content=\"2 dakika\" \/>\n<script type=\"application\/ld+json\" class=\"yoast-schema-graph\">{\"@context\":\"https:\\\/\\\/schema.org\",\"@graph\":[{\"@type\":\"Article\",\"@id\":\"https:\\\/\\\/batitrakya.live\\\/index.php\\\/micotakis-ab-tum-imkanlarini-kullanma-sozu-verdi\\\/#article\",\"isPartOf\":{\"@id\":\"https:\\\/\\\/batitrakya.live\\\/index.php\\\/micotakis-ab-tum-imkanlarini-kullanma-sozu-verdi\\\/\"},\"author\":{\"name\":\"tamer\",\"@id\":\"https:\\\/\\\/batitrakya.live\\\/#\\\/schema\\\/person\\\/61b86abbc19e5fa0bbc3059670546fe5\"},\"headline\":\"Mi\u00e7otakis: &#8216;AB t\u00fcm imkanlar\u0131n\u0131 kullanma s\u00f6z\u00fc verdi&#8217;&#8230;\",\"datePublished\":\"2020-10-15T14:47:35+00:00\",\"mainEntityOfPage\":{\"@id\":\"https:\\\/\\\/batitrakya.live\\\/index.php\\\/micotakis-ab-tum-imkanlarini-kullanma-sozu-verdi\\\/\"},\"wordCount\":345,\"commentCount\":0,\"image\":{\"@id\":\"https:\\\/\\\/batitrakya.live\\\/index.php\\\/micotakis-ab-tum-imkanlarini-kullanma-sozu-verdi\\\/#primaryimage\"},\"thumbnailUrl\":\"https:\\\/\\\/batitrakya.live\\\/wp-content\\\/uploads\\\/2020\\\/10\\\/mickotaki.png\",\"keywords\":[\"Mi\u00e7otakis\"],\"articleSection\":[\"Yunanistan Haber\"],\"inLanguage\":\"tr\",\"potentialAction\":[{\"@type\":\"CommentAction\",\"name\":\"Comment\",\"target\":[\"https:\\\/\\\/batitrakya.live\\\/index.php\\\/micotakis-ab-tum-imkanlarini-kullanma-sozu-verdi\\\/#respond\"]}],\"copyrightYear\":\"2020\",\"copyrightHolder\":{\"@id\":\"https:\\\/\\\/batitrakya.live\\\/#organization\"}},{\"@type\":\"WebPage\",\"@id\":\"https:\\\/\\\/batitrakya.live\\\/index.php\\\/micotakis-ab-tum-imkanlarini-kullanma-sozu-verdi\\\/\",\"url\":\"https:\\\/\\\/batitrakya.live\\\/index.php\\\/micotakis-ab-tum-imkanlarini-kullanma-sozu-verdi\\\/\",\"name\":\"Mi\u00e7otakis: 'AB t\u00fcm imkanlar\u0131n\u0131 kullanma s\u00f6z\u00fc verdi'... - Bat\u0131 Trakya Haber\",\"isPartOf\":{\"@id\":\"https:\\\/\\\/batitrakya.live\\\/#website\"},\"primaryImageOfPage\":{\"@id\":\"https:\\\/\\\/batitrakya.live\\\/index.php\\\/micotakis-ab-tum-imkanlarini-kullanma-sozu-verdi\\\/#primaryimage\"},\"image\":{\"@id\":\"https:\\\/\\\/batitrakya.live\\\/index.php\\\/micotakis-ab-tum-imkanlarini-kullanma-sozu-verdi\\\/#primaryimage\"},\"thumbnailUrl\":\"https:\\\/\\\/batitrakya.live\\\/wp-content\\\/uploads\\\/2020\\\/10\\\/mickotaki.png\",\"datePublished\":\"2020-10-15T14:47:35+00:00\",\"author\":{\"@id\":\"https:\\\/\\\/batitrakya.live\\\/#\\\/schema\\\/person\\\/61b86abbc19e5fa0bbc3059670546fe5\"},\"breadcrumb\":{\"@id\":\"https:\\\/\\\/batitrakya.live\\\/index.php\\\/micotakis-ab-tum-imkanlarini-kullanma-sozu-verdi\\\/#breadcrumb\"},\"inLanguage\":\"tr\",\"potentialAction\":[{\"@type\":\"ReadAction\",\"target\":[\"https:\\\/\\\/batitrakya.live\\\/index.php\\\/micotakis-ab-tum-imkanlarini-kullanma-sozu-verdi\\\/\"]}]},{\"@type\":\"ImageObject\",\"inLanguage\":\"tr\",\"@id\":\"https:\\\/\\\/batitrakya.live\\\/index.php\\\/micotakis-ab-tum-imkanlarini-kullanma-sozu-verdi\\\/#primaryimage\",\"url\":\"https:\\\/\\\/batitrakya.live\\\/wp-content\\\/uploads\\\/2020\\\/10\\\/mickotaki.png\",\"contentUrl\":\"https:\\\/\\\/batitrakya.live\\\/wp-content\\\/uploads\\\/2020\\\/10\\\/mickotaki.png\",\"width\":720,\"height\":348},{\"@type\":\"BreadcrumbList\",\"@id\":\"https:\\\/\\\/batitrakya.live\\\/index.php\\\/micotakis-ab-tum-imkanlarini-kullanma-sozu-verdi\\\/#breadcrumb\",\"itemListElement\":[{\"@type\":\"ListItem\",\"position\":1,\"name\":\"Anasayfa\",\"item\":\"https:\\\/\\\/batitrakya.live\\\/\"},{\"@type\":\"ListItem\",\"position\":2,\"name\":\"Mi\u00e7otakis: &#8216;AB t\u00fcm imkanlar\u0131n\u0131 kullanma s\u00f6z\u00fc verdi&#8217;&#8230;\"}]},{\"@type\":\"WebSite\",\"@id\":\"https:\\\/\\\/batitrakya.live\\\/#website\",\"url\":\"https:\\\/\\\/batitrakya.live\\\/\",\"name\":\"Bat\u0131 Trakya Haber\",\"description\":\"Bat\u0131 Trakyan\u0131n internetteki sesi..\",\"potentialAction\":[{\"@type\":\"SearchAction\",\"target\":{\"@type\":\"EntryPoint\",\"urlTemplate\":\"https:\\\/\\\/batitrakya.live\\\/?s={search_term_string}\"},\"query-input\":{\"@type\":\"PropertyValueSpecification\",\"valueRequired\":true,\"valueName\":\"search_term_string\"}}],\"inLanguage\":\"tr\"},{\"@type\":\"Person\",\"@id\":\"https:\\\/\\\/batitrakya.live\\\/#\\\/schema\\\/person\\\/61b86abbc19e5fa0bbc3059670546fe5\",\"name\":\"tamer\",\"image\":{\"@type\":\"ImageObject\",\"inLanguage\":\"tr\",\"@id\":\"https:\\\/\\\/secure.gravatar.com\\\/avatar\\\/60b0ff14c4376999cea9565d28b91fc61ff0f727c28cd083506a6d83ad6df9c9?s=96&d=mm&r=g\",\"url\":\"https:\\\/\\\/secure.gravatar.com\\\/avatar\\\/60b0ff14c4376999cea9565d28b91fc61ff0f727c28cd083506a6d83ad6df9c9?s=96&d=mm&r=g\",\"contentUrl\":\"https:\\\/\\\/secure.gravatar.com\\\/avatar\\\/60b0ff14c4376999cea9565d28b91fc61ff0f727c28cd083506a6d83ad6df9c9?s=96&d=mm&r=g\",\"caption\":\"tamer\"},\"sameAs\":[\"https:\\\/\\\/batitrakya.live\"],\"url\":\"https:\\\/\\\/batitrakya.live\\\/index.php\\\/author\\\/tamer\\\/\"}]}<\/script>\n<!-- \/ Yoast SEO Premium plugin. -->","yoast_head_json":{"title":"Mi\u00e7otakis: 'AB t\u00fcm imkanlar\u0131n\u0131 kullanma s\u00f6z\u00fc verdi'... - Bat\u0131 Trakya Haber","robots":{"index":"index","follow":"follow","max-snippet":"max-snippet:-1","max-image-preview":"max-image-preview:large","max-video-preview":"max-video-preview:-1"},"canonical":"https:\/\/batitrakya.live\/index.php\/micotakis-ab-tum-imkanlarini-kullanma-sozu-verdi\/","og_locale":"tr_TR","og_type":"article","og_title":"Mi\u00e7otakis: 'AB t\u00fcm imkanlar\u0131n\u0131 kullanma s\u00f6z\u00fc verdi'...","og_description":"Ba\u015fbakan Kiriakos Mi\u00e7otakis, T\u00fcrkiye&#8217;nin Do\u011fu Akdeniz&#8217;de faaliyetlerine devam etmesi halinde Avrupa Birli\u011fi&#8217;nin elindeki t\u00fcm imkanlar\u0131 lehlerine kullanma s\u00f6z\u00fc verdi\u011fini ifade etti. Atina&#8217;da bulunan Almanya D\u0131\u015fi\u015fleri Bakan\u0131 Heiko Maas&#8217;\u0131 makam\u0131nda kabul eden Ba\u015fbakan Kiriakos Mi\u00e7otakis&#8217;in g\u00fcndeminde yine T\u00fcrkiye ve Do\u011fu Akdeniz&#8217;deki me\u015fru \u00e7al\u0131\u015fmalar\u0131 vard\u0131. K\u0131sa s\u00fcre \u00f6nce yap\u0131lan Avrupa Birli\u011fi zirvesinde T\u00fcrkiye&#8217;ye AB ile ili\u015fkileri yeniden &hellip;","og_url":"https:\/\/batitrakya.live\/index.php\/micotakis-ab-tum-imkanlarini-kullanma-sozu-verdi\/","og_site_name":"Bat\u0131 Trakya Haber","article_published_time":"2020-10-15T14:47:35+00:00","og_image":[{"width":720,"height":348,"url":"https:\/\/batitrakya.live\/wp-content\/uploads\/2020\/10\/mickotaki.png","type":"image\/png"}],"author":"tamer","twitter_card":"summary_large_image","twitter_misc":{"Yazan:":"tamer","Tahmini okuma s\u00fcresi":"2 dakika"},"schema":{"@context":"https:\/\/schema.org","@graph":[{"@type":"Article","@id":"https:\/\/batitrakya.live\/index.php\/micotakis-ab-tum-imkanlarini-kullanma-sozu-verdi\/#article","isPartOf":{"@id":"https:\/\/batitrakya.live\/index.php\/micotakis-ab-tum-imkanlarini-kullanma-sozu-verdi\/"},"author":{"name":"tamer","@id":"https:\/\/batitrakya.live\/#\/schema\/person\/61b86abbc19e5fa0bbc3059670546fe5"},"headline":"Mi\u00e7otakis: &#8216;AB t\u00fcm imkanlar\u0131n\u0131 kullanma s\u00f6z\u00fc verdi&#8217;&#8230;","datePublished":"2020-10-15T14:47:35+00:00","mainEntityOfPage":{"@id":"https:\/\/batitrakya.live\/index.php\/micotakis-ab-tum-imkanlarini-kullanma-sozu-verdi\/"},"wordCount":345,"commentCount":0,"image":{"@id":"https:\/\/batitrakya.live\/index.php\/micotakis-ab-tum-imkanlarini-kullanma-sozu-verdi\/#primaryimage"},"thumbnailUrl":"https:\/\/batitrakya.live\/wp-content\/uploads\/2020\/10\/mickotaki.png","keywords":["Mi\u00e7otakis"],"articleSection":["Yunanistan Haber"],"inLanguage":"tr","potentialAction":[{"@type":"CommentAction","name":"Comment","target":["https:\/\/batitrakya.live\/index.php\/micotakis-ab-tum-imkanlarini-kullanma-sozu-verdi\/#respond"]}],"copyrightYear":"2020","copyrightHolder":{"@id":"https:\/\/batitrakya.live\/#organization"}},{"@type":"WebPage","@id":"https:\/\/batitrakya.live\/index.php\/micotakis-ab-tum-imkanlarini-kullanma-sozu-verdi\/","url":"https:\/\/batitrakya.live\/index.php\/micotakis-ab-tum-imkanlarini-kullanma-sozu-verdi\/","name":"Mi\u00e7otakis: 'AB t\u00fcm imkanlar\u0131n\u0131 kullanma s\u00f6z\u00fc verdi'... - Bat\u0131 Trakya Haber","isPartOf":{"@id":"https:\/\/batitrakya.live\/#website"},"primaryImageOfPage":{"@id":"https:\/\/batitrakya.live\/index.php\/micotakis-ab-tum-imkanlarini-kullanma-sozu-verdi\/#primaryimage"},"image":{"@id":"https:\/\/batitrakya.live\/index.php\/micotakis-ab-tum-imkanlarini-kullanma-sozu-verdi\/#primaryimage"},"thumbnailUrl":"https:\/\/batitrakya.live\/wp-content\/uploads\/2020\/10\/mickotaki.png","datePublished":"2020-10-15T14:47:35+00:00","author":{"@id":"https:\/\/batitrakya.live\/#\/schema\/person\/61b86abbc19e5fa0bbc3059670546fe5"},"breadcrumb":{"@id":"https:\/\/batitrakya.live\/index.php\/micotakis-ab-tum-imkanlarini-kullanma-sozu-verdi\/#breadcrumb"},"inLanguage":"tr","potentialAction":[{"@type":"ReadAction","target":["https:\/\/batitrakya.live\/index.php\/micotakis-ab-tum-imkanlarini-kullanma-sozu-verdi\/"]}]},{"@type":"ImageObject","inLanguage":"tr","@id":"https:\/\/batitrakya.live\/index.php\/micotakis-ab-tum-imkanlarini-kullanma-sozu-verdi\/#primaryimage","url":"https:\/\/batitrakya.live\/wp-content\/uploads\/2020\/10\/mickotaki.png","contentUrl":"https:\/\/batitrakya.live\/wp-content\/uploads\/2020\/10\/mickotaki.png","width":720,"height":348},{"@type":"BreadcrumbList","@id":"https:\/\/batitrakya.live\/index.php\/micotakis-ab-tum-imkanlarini-kullanma-sozu-verdi\/#breadcrumb","itemListElement":[{"@type":"ListItem","position":1,"name":"Anasayfa","item":"https:\/\/batitrakya.live\/"},{"@type":"ListItem","position":2,"name":"Mi\u00e7otakis: &#8216;AB t\u00fcm imkanlar\u0131n\u0131 kullanma s\u00f6z\u00fc verdi&#8217;&#8230;"}]},{"@type":"WebSite","@id":"https:\/\/batitrakya.live\/#website","url":"https:\/\/batitrakya.live\/","name":"Bat\u0131 Trakya Haber","description":"Bat\u0131 Trakyan\u0131n internetteki sesi..","potentialAction":[{"@type":"SearchAction","target":{"@type":"EntryPoint","urlTemplate":"https:\/\/batitrakya.live\/?s={search_term_string}"},"query-input":{"@type":"PropertyValueSpecification","valueRequired":true,"valueName":"search_term_string"}}],"inLanguage":"tr"},{"@type":"Person","@id":"https:\/\/batitrakya.live\/#\/schema\/person\/61b86abbc19e5fa0bbc3059670546fe5","name":"tamer","image":{"@type":"ImageObject","inLanguage":"tr","@id":"https:\/\/secure.gravatar.com\/avatar\/60b0ff14c4376999cea9565d28b91fc61ff0f727c28cd083506a6d83ad6df9c9?s=96&d=mm&r=g","url":"https:\/\/secure.gravatar.com\/avatar\/60b0ff14c4376999cea9565d28b91fc61ff0f727c28cd083506a6d83ad6df9c9?s=96&d=mm&r=g","contentUrl":"https:\/\/secure.gravatar.com\/avatar\/60b0ff14c4376999cea9565d28b91fc61ff0f727c28cd083506a6d83ad6df9c9?s=96&d=mm&r=g","caption":"tamer"},"sameAs":["https:\/\/batitrakya.live"],"url":"https:\/\/batitrakya.live\/index.php\/author\/tamer\/"}]}},"_links":{"self":[{"href":"https:\/\/batitrakya.live\/index.php\/wp-json\/wp\/v2\/posts\/29444","targetHints":{"allow":["GET"]}}],"collection":[{"href":"https:\/\/batitrakya.live\/index.php\/wp-json\/wp\/v2\/posts"}],"about":[{"href":"https:\/\/batitrakya.live\/index.php\/wp-json\/wp\/v2\/types\/post"}],"author":[{"embeddable":true,"href":"https:\/\/batitrakya.live\/index.php\/wp-json\/wp\/v2\/users\/1"}],"replies":[{"embeddable":true,"href":"https:\/\/batitrakya.live\/index.php\/wp-json\/wp\/v2\/comments?post=29444"}],"version-history":[{"count":0,"href":"https:\/\/batitrakya.live\/index.php\/wp-json\/wp\/v2\/posts\/29444\/revisions"}],"wp:featuredmedia":[{"embeddable":true,"href":"https:\/\/batitrakya.live\/index.php\/wp-json\/wp\/v2\/media\/29445"}],"wp:attachment":[{"href":"https:\/\/batitrakya.live\/index.php\/wp-json\/wp\/v2\/media?parent=29444"}],"wp:term":[{"taxonomy":"category","embeddable":true,"href":"https:\/\/batitrakya.live\/index.php\/wp-json\/wp\/v2\/categories?post=29444"},{"taxonomy":"post_tag","embeddable":true,"href":"https:\/\/batitrakya.live\/index.php\/wp-json\/wp\/v2\/tags?post=29444"}],"curies":[{"name":"wp","href":"https:\/\/api.w.org\/{rel}","templated":true}]}}