{"id":29379,"date":"2020-10-11T20:33:10","date_gmt":"2020-10-11T17:33:10","guid":{"rendered":"http:\/\/batitrakya.live\/?p=29379"},"modified":"2020-10-11T20:33:10","modified_gmt":"2020-10-11T17:33:10","slug":"yunanli-ve-ermeniler-gumulcine-baskonsolosluguna-yuruduler","status":"publish","type":"post","link":"https:\/\/batitrakya.live\/index.php\/yunanli-ve-ermeniler-gumulcine-baskonsolosluguna-yuruduler\/","title":{"rendered":"Yunanl\u0131 ve Ermeniler G\u00fcm\u00fclcine Ba\u015fkonsoloslu\u011fu\u2019na Y\u00fcr\u00fcd\u00fcler&#8230;"},"content":{"rendered":"<p>Da\u011fl\u0131k Karaba\u011f\u2019da ya\u015fanan silahl\u0131 \u00e7at\u0131\u015fmay\u0131 protesto etmek \u00fczere, 11 Ekim Pazar ak\u015fam\u0131 saat 18:00\u2019da G\u00fcm\u00fclcine \u015fehir meydan\u0131nda bulunan Cunta d\u00f6neminde in\u015fa edilen ve \u015fehrin simgesi olan k\u0131l\u0131\u00e7 an\u0131t\u0131 \u00f6n\u00fcnde toplanan yakla\u015f\u0131k 120 Ermeni ve Yunan g\u00f6sterici T\u00fcrkiye, Azerbaycan ve Bat\u0131 Trakya T\u00fcrkleri aleyhinde slogan atarak T\u00fcrkiye\u2019nin G\u00fcm\u00fclcine Ba\u015fkonsoloslu\u011fu\u2019na y\u00fcr\u00fcd\u00fcler.<\/p>\n<p>G\u00f6stericiler y\u00fcr\u00fcy\u00fc\u015f boyunca vede Ba\u015fkonsoloslu\u011fun bulundu\u011fu caddenin ba\u015f\u0131nda geldiklerinde <em><strong>\u201cT\u00fcrkler, Mo\u011follar, katiller\u201d<\/strong><\/em>, <em><strong>\u201cAzeriler Karaba\u011f\u2019dan d\u0131\u015far\u0131\u201d<\/strong><\/em>, <em><strong>\u201cYa\u015fas\u0131n Yunan-Ermeni dayan\u0131\u015fmas\u0131\u201d<\/strong><\/em>,<em><strong> \u201cT\u00fcrkler K\u0131br\u0131s\u2019tan d\u0131\u015far\u0131\u201d<\/strong><\/em> ve son olarak da <em><strong>\u201cT\u00fcrkler Trakya\u2019dan d\u0131\u015far\u0131\u201d<\/strong><\/em> sloganlar\u0131 at\u0131ktan sonra Ermenistan ve Yunanistan milli mar\u015flar\u0131n\u0131 okuduktan sonra olays\u0131z bir \u015fekilde da\u011f\u0131ld\u0131.<\/p>\n<p>\u00d6nceden Ba\u015fkonsolosluk \u00e7evresinde \u00f6nlem alan Emniyet g\u00fc\u00e7leri g\u00f6stericilerin Ba\u015fkonsoloslu\u011fun \u00f6n\u00fcne gitmelerine m\u00fcsade etmedi.<\/p>\n","protected":false},"excerpt":{"rendered":"<p>Da\u011fl\u0131k Karaba\u011f\u2019da ya\u015fanan silahl\u0131 \u00e7at\u0131\u015fmay\u0131 protesto etmek \u00fczere, 11 Ekim Pazar ak\u015fam\u0131 saat 18:00\u2019da G\u00fcm\u00fclcine \u015fehir meydan\u0131nda bulunan Cunta d\u00f6neminde in\u015fa edilen ve \u015fehrin simgesi olan k\u0131l\u0131\u00e7 an\u0131t\u0131 \u00f6n\u00fcnde toplanan yakla\u015f\u0131k 120 Ermeni ve Yunan g\u00f6sterici T\u00fcrkiye, Azerbaycan ve Bat\u0131 Trakya T\u00fcrkleri aleyhinde slogan atarak T\u00fcrkiye\u2019nin G\u00fcm\u00fclcine Ba\u015fkonsoloslu\u011fu\u2019na y\u00fcr\u00fcd\u00fcler. G\u00f6stericiler y\u00fcr\u00fcy\u00fc\u015f boyunca vede Ba\u015fkonsoloslu\u011fun bulundu\u011fu &hellip;<\/p>\n","protected":false},"author":1,"featured_media":29380,"comment_status":"open","ping_status":"open","sticky":false,"template":"","format":"standard","meta":{"footnotes":""},"categories":[24,66],"tags":[188],"class_list":["post-29379","post","type-post","status-publish","format-standard","has-post-thumbnail","hentry","category-bati-trakyam-haber","category-video-haber","tag-gumulcine-baskonsoloslugu"],"yoast_head":"<!-- This site is optimized with the Yoast SEO Premium plugin v26.3 (Yoast SEO v27.3) - https:\/\/yoast.com\/product\/yoast-seo-premium-wordpress\/ -->\n<title>Yunanl\u0131 ve Ermeniler G\u00fcm\u00fclcine Ba\u015fkonsoloslu\u011fu\u2019na Y\u00fcr\u00fcd\u00fcler... - Bat\u0131 Trakya Haber<\/title>\n<meta name=\"robots\" content=\"index, follow, max-snippet:-1, max-image-preview:large, max-video-preview:-1\" \/>\n<link rel=\"canonical\" href=\"https:\/\/batitrakya.live\/index.php\/yunanli-ve-ermeniler-gumulcine-baskonsolosluguna-yuruduler\/\" \/>\n<meta property=\"og:locale\" content=\"tr_TR\" \/>\n<meta property=\"og:type\" content=\"article\" \/>\n<meta property=\"og:title\" content=\"Yunanl\u0131 ve Ermeniler G\u00fcm\u00fclcine Ba\u015fkonsoloslu\u011fu\u2019na Y\u00fcr\u00fcd\u00fcler...\" \/>\n<meta property=\"og:description\" content=\"Da\u011fl\u0131k Karaba\u011f\u2019da ya\u015fanan silahl\u0131 \u00e7at\u0131\u015fmay\u0131 protesto etmek \u00fczere, 11 Ekim Pazar ak\u015fam\u0131 saat 18:00\u2019da G\u00fcm\u00fclcine \u015fehir meydan\u0131nda bulunan Cunta d\u00f6neminde in\u015fa edilen ve \u015fehrin simgesi olan k\u0131l\u0131\u00e7 an\u0131t\u0131 \u00f6n\u00fcnde toplanan yakla\u015f\u0131k 120 Ermeni ve Yunan g\u00f6sterici T\u00fcrkiye, Azerbaycan ve Bat\u0131 Trakya T\u00fcrkleri aleyhinde slogan atarak T\u00fcrkiye\u2019nin G\u00fcm\u00fclcine Ba\u015fkonsoloslu\u011fu\u2019na y\u00fcr\u00fcd\u00fcler. G\u00f6stericiler y\u00fcr\u00fcy\u00fc\u015f boyunca vede Ba\u015fkonsoloslu\u011fun bulundu\u011fu &hellip;\" \/>\n<meta property=\"og:url\" content=\"https:\/\/batitrakya.live\/index.php\/yunanli-ve-ermeniler-gumulcine-baskonsolosluguna-yuruduler\/\" \/>\n<meta property=\"og:site_name\" content=\"Bat\u0131 Trakya Haber\" \/>\n<meta property=\"article:published_time\" content=\"2020-10-11T17:33:10+00:00\" \/>\n<meta property=\"og:image\" content=\"https:\/\/batitrakya.live\/wp-content\/uploads\/2020\/10\/ermeniler-1.jpg\" \/>\n\t<meta property=\"og:image:width\" content=\"720\" \/>\n\t<meta property=\"og:image:height\" content=\"348\" \/>\n\t<meta property=\"og:image:type\" content=\"image\/jpeg\" \/>\n<meta name=\"author\" content=\"tamer\" \/>\n<meta name=\"twitter:card\" content=\"summary_large_image\" \/>\n<meta name=\"twitter:label1\" content=\"Yazan:\" \/>\n\t<meta name=\"twitter:data1\" content=\"tamer\" \/>\n\t<meta name=\"twitter:label2\" content=\"Tahmini okuma s\u00fcresi\" \/>\n\t<meta name=\"twitter:data2\" content=\"1 dakika\" \/>\n<script type=\"application\/ld+json\" class=\"yoast-schema-graph\">{\"@context\":\"https:\\\/\\\/schema.org\",\"@graph\":[{\"@type\":\"Article\",\"@id\":\"https:\\\/\\\/batitrakya.live\\\/index.php\\\/yunanli-ve-ermeniler-gumulcine-baskonsolosluguna-yuruduler\\\/#article\",\"isPartOf\":{\"@id\":\"https:\\\/\\\/batitrakya.live\\\/index.php\\\/yunanli-ve-ermeniler-gumulcine-baskonsolosluguna-yuruduler\\\/\"},\"author\":{\"name\":\"tamer\",\"@id\":\"https:\\\/\\\/batitrakya.live\\\/#\\\/schema\\\/person\\\/61b86abbc19e5fa0bbc3059670546fe5\"},\"headline\":\"Yunanl\u0131 ve Ermeniler G\u00fcm\u00fclcine Ba\u015fkonsoloslu\u011fu\u2019na Y\u00fcr\u00fcd\u00fcler&#8230;\",\"datePublished\":\"2020-10-11T17:33:10+00:00\",\"mainEntityOfPage\":{\"@id\":\"https:\\\/\\\/batitrakya.live\\\/index.php\\\/yunanli-ve-ermeniler-gumulcine-baskonsolosluguna-yuruduler\\\/\"},\"wordCount\":178,\"commentCount\":0,\"image\":{\"@id\":\"https:\\\/\\\/batitrakya.live\\\/index.php\\\/yunanli-ve-ermeniler-gumulcine-baskonsolosluguna-yuruduler\\\/#primaryimage\"},\"thumbnailUrl\":\"https:\\\/\\\/batitrakya.live\\\/wp-content\\\/uploads\\\/2020\\\/10\\\/ermeniler-1.jpg\",\"keywords\":[\"G\u00fcm\u00fclcine Ba\u015fkonsoloslu\u011fu\"],\"articleSection\":[\"Bat\u0131 Trakyam Haber\",\"Video Haber\"],\"inLanguage\":\"tr\",\"potentialAction\":[{\"@type\":\"CommentAction\",\"name\":\"Comment\",\"target\":[\"https:\\\/\\\/batitrakya.live\\\/index.php\\\/yunanli-ve-ermeniler-gumulcine-baskonsolosluguna-yuruduler\\\/#respond\"]}],\"copyrightYear\":\"2020\",\"copyrightHolder\":{\"@id\":\"https:\\\/\\\/batitrakya.live\\\/#organization\"}},{\"@type\":\"WebPage\",\"@id\":\"https:\\\/\\\/batitrakya.live\\\/index.php\\\/yunanli-ve-ermeniler-gumulcine-baskonsolosluguna-yuruduler\\\/\",\"url\":\"https:\\\/\\\/batitrakya.live\\\/index.php\\\/yunanli-ve-ermeniler-gumulcine-baskonsolosluguna-yuruduler\\\/\",\"name\":\"Yunanl\u0131 ve Ermeniler G\u00fcm\u00fclcine Ba\u015fkonsoloslu\u011fu\u2019na Y\u00fcr\u00fcd\u00fcler... - Bat\u0131 Trakya Haber\",\"isPartOf\":{\"@id\":\"https:\\\/\\\/batitrakya.live\\\/#website\"},\"primaryImageOfPage\":{\"@id\":\"https:\\\/\\\/batitrakya.live\\\/index.php\\\/yunanli-ve-ermeniler-gumulcine-baskonsolosluguna-yuruduler\\\/#primaryimage\"},\"image\":{\"@id\":\"https:\\\/\\\/batitrakya.live\\\/index.php\\\/yunanli-ve-ermeniler-gumulcine-baskonsolosluguna-yuruduler\\\/#primaryimage\"},\"thumbnailUrl\":\"https:\\\/\\\/batitrakya.live\\\/wp-content\\\/uploads\\\/2020\\\/10\\\/ermeniler-1.jpg\",\"datePublished\":\"2020-10-11T17:33:10+00:00\",\"author\":{\"@id\":\"https:\\\/\\\/batitrakya.live\\\/#\\\/schema\\\/person\\\/61b86abbc19e5fa0bbc3059670546fe5\"},\"breadcrumb\":{\"@id\":\"https:\\\/\\\/batitrakya.live\\\/index.php\\\/yunanli-ve-ermeniler-gumulcine-baskonsolosluguna-yuruduler\\\/#breadcrumb\"},\"inLanguage\":\"tr\",\"potentialAction\":[{\"@type\":\"ReadAction\",\"target\":[\"https:\\\/\\\/batitrakya.live\\\/index.php\\\/yunanli-ve-ermeniler-gumulcine-baskonsolosluguna-yuruduler\\\/\"]}]},{\"@type\":\"ImageObject\",\"inLanguage\":\"tr\",\"@id\":\"https:\\\/\\\/batitrakya.live\\\/index.php\\\/yunanli-ve-ermeniler-gumulcine-baskonsolosluguna-yuruduler\\\/#primaryimage\",\"url\":\"https:\\\/\\\/batitrakya.live\\\/wp-content\\\/uploads\\\/2020\\\/10\\\/ermeniler-1.jpg\",\"contentUrl\":\"https:\\\/\\\/batitrakya.live\\\/wp-content\\\/uploads\\\/2020\\\/10\\\/ermeniler-1.jpg\",\"width\":720,\"height\":348},{\"@type\":\"BreadcrumbList\",\"@id\":\"https:\\\/\\\/batitrakya.live\\\/index.php\\\/yunanli-ve-ermeniler-gumulcine-baskonsolosluguna-yuruduler\\\/#breadcrumb\",\"itemListElement\":[{\"@type\":\"ListItem\",\"position\":1,\"name\":\"Anasayfa\",\"item\":\"https:\\\/\\\/batitrakya.live\\\/\"},{\"@type\":\"ListItem\",\"position\":2,\"name\":\"Yunanl\u0131 ve Ermeniler G\u00fcm\u00fclcine Ba\u015fkonsoloslu\u011fu\u2019na Y\u00fcr\u00fcd\u00fcler&#8230;\"}]},{\"@type\":\"WebSite\",\"@id\":\"https:\\\/\\\/batitrakya.live\\\/#website\",\"url\":\"https:\\\/\\\/batitrakya.live\\\/\",\"name\":\"Bat\u0131 Trakya Haber\",\"description\":\"Bat\u0131 Trakyan\u0131n internetteki sesi..\",\"potentialAction\":[{\"@type\":\"SearchAction\",\"target\":{\"@type\":\"EntryPoint\",\"urlTemplate\":\"https:\\\/\\\/batitrakya.live\\\/?s={search_term_string}\"},\"query-input\":{\"@type\":\"PropertyValueSpecification\",\"valueRequired\":true,\"valueName\":\"search_term_string\"}}],\"inLanguage\":\"tr\"},{\"@type\":\"Person\",\"@id\":\"https:\\\/\\\/batitrakya.live\\\/#\\\/schema\\\/person\\\/61b86abbc19e5fa0bbc3059670546fe5\",\"name\":\"tamer\",\"image\":{\"@type\":\"ImageObject\",\"inLanguage\":\"tr\",\"@id\":\"https:\\\/\\\/secure.gravatar.com\\\/avatar\\\/60b0ff14c4376999cea9565d28b91fc61ff0f727c28cd083506a6d83ad6df9c9?s=96&d=mm&r=g\",\"url\":\"https:\\\/\\\/secure.gravatar.com\\\/avatar\\\/60b0ff14c4376999cea9565d28b91fc61ff0f727c28cd083506a6d83ad6df9c9?s=96&d=mm&r=g\",\"contentUrl\":\"https:\\\/\\\/secure.gravatar.com\\\/avatar\\\/60b0ff14c4376999cea9565d28b91fc61ff0f727c28cd083506a6d83ad6df9c9?s=96&d=mm&r=g\",\"caption\":\"tamer\"},\"sameAs\":[\"https:\\\/\\\/batitrakya.live\"],\"url\":\"https:\\\/\\\/batitrakya.live\\\/index.php\\\/author\\\/tamer\\\/\"}]}<\/script>\n<!-- \/ Yoast SEO Premium plugin. -->","yoast_head_json":{"title":"Yunanl\u0131 ve Ermeniler G\u00fcm\u00fclcine Ba\u015fkonsoloslu\u011fu\u2019na Y\u00fcr\u00fcd\u00fcler... - Bat\u0131 Trakya Haber","robots":{"index":"index","follow":"follow","max-snippet":"max-snippet:-1","max-image-preview":"max-image-preview:large","max-video-preview":"max-video-preview:-1"},"canonical":"https:\/\/batitrakya.live\/index.php\/yunanli-ve-ermeniler-gumulcine-baskonsolosluguna-yuruduler\/","og_locale":"tr_TR","og_type":"article","og_title":"Yunanl\u0131 ve Ermeniler G\u00fcm\u00fclcine Ba\u015fkonsoloslu\u011fu\u2019na Y\u00fcr\u00fcd\u00fcler...","og_description":"Da\u011fl\u0131k Karaba\u011f\u2019da ya\u015fanan silahl\u0131 \u00e7at\u0131\u015fmay\u0131 protesto etmek \u00fczere, 11 Ekim Pazar ak\u015fam\u0131 saat 18:00\u2019da G\u00fcm\u00fclcine \u015fehir meydan\u0131nda bulunan Cunta d\u00f6neminde in\u015fa edilen ve \u015fehrin simgesi olan k\u0131l\u0131\u00e7 an\u0131t\u0131 \u00f6n\u00fcnde toplanan yakla\u015f\u0131k 120 Ermeni ve Yunan g\u00f6sterici T\u00fcrkiye, Azerbaycan ve Bat\u0131 Trakya T\u00fcrkleri aleyhinde slogan atarak T\u00fcrkiye\u2019nin G\u00fcm\u00fclcine Ba\u015fkonsoloslu\u011fu\u2019na y\u00fcr\u00fcd\u00fcler. G\u00f6stericiler y\u00fcr\u00fcy\u00fc\u015f boyunca vede Ba\u015fkonsoloslu\u011fun bulundu\u011fu &hellip;","og_url":"https:\/\/batitrakya.live\/index.php\/yunanli-ve-ermeniler-gumulcine-baskonsolosluguna-yuruduler\/","og_site_name":"Bat\u0131 Trakya Haber","article_published_time":"2020-10-11T17:33:10+00:00","og_image":[{"width":720,"height":348,"url":"https:\/\/batitrakya.live\/wp-content\/uploads\/2020\/10\/ermeniler-1.jpg","type":"image\/jpeg"}],"author":"tamer","twitter_card":"summary_large_image","twitter_misc":{"Yazan:":"tamer","Tahmini okuma s\u00fcresi":"1 dakika"},"schema":{"@context":"https:\/\/schema.org","@graph":[{"@type":"Article","@id":"https:\/\/batitrakya.live\/index.php\/yunanli-ve-ermeniler-gumulcine-baskonsolosluguna-yuruduler\/#article","isPartOf":{"@id":"https:\/\/batitrakya.live\/index.php\/yunanli-ve-ermeniler-gumulcine-baskonsolosluguna-yuruduler\/"},"author":{"name":"tamer","@id":"https:\/\/batitrakya.live\/#\/schema\/person\/61b86abbc19e5fa0bbc3059670546fe5"},"headline":"Yunanl\u0131 ve Ermeniler G\u00fcm\u00fclcine Ba\u015fkonsoloslu\u011fu\u2019na Y\u00fcr\u00fcd\u00fcler&#8230;","datePublished":"2020-10-11T17:33:10+00:00","mainEntityOfPage":{"@id":"https:\/\/batitrakya.live\/index.php\/yunanli-ve-ermeniler-gumulcine-baskonsolosluguna-yuruduler\/"},"wordCount":178,"commentCount":0,"image":{"@id":"https:\/\/batitrakya.live\/index.php\/yunanli-ve-ermeniler-gumulcine-baskonsolosluguna-yuruduler\/#primaryimage"},"thumbnailUrl":"https:\/\/batitrakya.live\/wp-content\/uploads\/2020\/10\/ermeniler-1.jpg","keywords":["G\u00fcm\u00fclcine Ba\u015fkonsoloslu\u011fu"],"articleSection":["Bat\u0131 Trakyam Haber","Video Haber"],"inLanguage":"tr","potentialAction":[{"@type":"CommentAction","name":"Comment","target":["https:\/\/batitrakya.live\/index.php\/yunanli-ve-ermeniler-gumulcine-baskonsolosluguna-yuruduler\/#respond"]}],"copyrightYear":"2020","copyrightHolder":{"@id":"https:\/\/batitrakya.live\/#organization"}},{"@type":"WebPage","@id":"https:\/\/batitrakya.live\/index.php\/yunanli-ve-ermeniler-gumulcine-baskonsolosluguna-yuruduler\/","url":"https:\/\/batitrakya.live\/index.php\/yunanli-ve-ermeniler-gumulcine-baskonsolosluguna-yuruduler\/","name":"Yunanl\u0131 ve Ermeniler G\u00fcm\u00fclcine Ba\u015fkonsoloslu\u011fu\u2019na Y\u00fcr\u00fcd\u00fcler... - Bat\u0131 Trakya Haber","isPartOf":{"@id":"https:\/\/batitrakya.live\/#website"},"primaryImageOfPage":{"@id":"https:\/\/batitrakya.live\/index.php\/yunanli-ve-ermeniler-gumulcine-baskonsolosluguna-yuruduler\/#primaryimage"},"image":{"@id":"https:\/\/batitrakya.live\/index.php\/yunanli-ve-ermeniler-gumulcine-baskonsolosluguna-yuruduler\/#primaryimage"},"thumbnailUrl":"https:\/\/batitrakya.live\/wp-content\/uploads\/2020\/10\/ermeniler-1.jpg","datePublished":"2020-10-11T17:33:10+00:00","author":{"@id":"https:\/\/batitrakya.live\/#\/schema\/person\/61b86abbc19e5fa0bbc3059670546fe5"},"breadcrumb":{"@id":"https:\/\/batitrakya.live\/index.php\/yunanli-ve-ermeniler-gumulcine-baskonsolosluguna-yuruduler\/#breadcrumb"},"inLanguage":"tr","potentialAction":[{"@type":"ReadAction","target":["https:\/\/batitrakya.live\/index.php\/yunanli-ve-ermeniler-gumulcine-baskonsolosluguna-yuruduler\/"]}]},{"@type":"ImageObject","inLanguage":"tr","@id":"https:\/\/batitrakya.live\/index.php\/yunanli-ve-ermeniler-gumulcine-baskonsolosluguna-yuruduler\/#primaryimage","url":"https:\/\/batitrakya.live\/wp-content\/uploads\/2020\/10\/ermeniler-1.jpg","contentUrl":"https:\/\/batitrakya.live\/wp-content\/uploads\/2020\/10\/ermeniler-1.jpg","width":720,"height":348},{"@type":"BreadcrumbList","@id":"https:\/\/batitrakya.live\/index.php\/yunanli-ve-ermeniler-gumulcine-baskonsolosluguna-yuruduler\/#breadcrumb","itemListElement":[{"@type":"ListItem","position":1,"name":"Anasayfa","item":"https:\/\/batitrakya.live\/"},{"@type":"ListItem","position":2,"name":"Yunanl\u0131 ve Ermeniler G\u00fcm\u00fclcine Ba\u015fkonsoloslu\u011fu\u2019na Y\u00fcr\u00fcd\u00fcler&#8230;"}]},{"@type":"WebSite","@id":"https:\/\/batitrakya.live\/#website","url":"https:\/\/batitrakya.live\/","name":"Bat\u0131 Trakya Haber","description":"Bat\u0131 Trakyan\u0131n internetteki sesi..","potentialAction":[{"@type":"SearchAction","target":{"@type":"EntryPoint","urlTemplate":"https:\/\/batitrakya.live\/?s={search_term_string}"},"query-input":{"@type":"PropertyValueSpecification","valueRequired":true,"valueName":"search_term_string"}}],"inLanguage":"tr"},{"@type":"Person","@id":"https:\/\/batitrakya.live\/#\/schema\/person\/61b86abbc19e5fa0bbc3059670546fe5","name":"tamer","image":{"@type":"ImageObject","inLanguage":"tr","@id":"https:\/\/secure.gravatar.com\/avatar\/60b0ff14c4376999cea9565d28b91fc61ff0f727c28cd083506a6d83ad6df9c9?s=96&d=mm&r=g","url":"https:\/\/secure.gravatar.com\/avatar\/60b0ff14c4376999cea9565d28b91fc61ff0f727c28cd083506a6d83ad6df9c9?s=96&d=mm&r=g","contentUrl":"https:\/\/secure.gravatar.com\/avatar\/60b0ff14c4376999cea9565d28b91fc61ff0f727c28cd083506a6d83ad6df9c9?s=96&d=mm&r=g","caption":"tamer"},"sameAs":["https:\/\/batitrakya.live"],"url":"https:\/\/batitrakya.live\/index.php\/author\/tamer\/"}]}},"_links":{"self":[{"href":"https:\/\/batitrakya.live\/index.php\/wp-json\/wp\/v2\/posts\/29379","targetHints":{"allow":["GET"]}}],"collection":[{"href":"https:\/\/batitrakya.live\/index.php\/wp-json\/wp\/v2\/posts"}],"about":[{"href":"https:\/\/batitrakya.live\/index.php\/wp-json\/wp\/v2\/types\/post"}],"author":[{"embeddable":true,"href":"https:\/\/batitrakya.live\/index.php\/wp-json\/wp\/v2\/users\/1"}],"replies":[{"embeddable":true,"href":"https:\/\/batitrakya.live\/index.php\/wp-json\/wp\/v2\/comments?post=29379"}],"version-history":[{"count":0,"href":"https:\/\/batitrakya.live\/index.php\/wp-json\/wp\/v2\/posts\/29379\/revisions"}],"wp:featuredmedia":[{"embeddable":true,"href":"https:\/\/batitrakya.live\/index.php\/wp-json\/wp\/v2\/media\/29380"}],"wp:attachment":[{"href":"https:\/\/batitrakya.live\/index.php\/wp-json\/wp\/v2\/media?parent=29379"}],"wp:term":[{"taxonomy":"category","embeddable":true,"href":"https:\/\/batitrakya.live\/index.php\/wp-json\/wp\/v2\/categories?post=29379"},{"taxonomy":"post_tag","embeddable":true,"href":"https:\/\/batitrakya.live\/index.php\/wp-json\/wp\/v2\/tags?post=29379"}],"curies":[{"name":"wp","href":"https:\/\/api.w.org\/{rel}","templated":true}]}}