{"id":29320,"date":"2020-10-07T08:04:04","date_gmt":"2020-10-07T05:04:04","guid":{"rendered":"http:\/\/batitrakya.live\/?p=29320"},"modified":"2020-10-07T08:04:04","modified_gmt":"2020-10-07T05:04:04","slug":"georgios-bliumis-rafale-savas-ucaklarini-incelemeye-gitti","status":"publish","type":"post","link":"https:\/\/batitrakya.live\/index.php\/georgios-bliumis-rafale-savas-ucaklarini-incelemeye-gitti\/","title":{"rendered":"Georgios Bliumis Rafale sava\u015f u\u00e7aklar\u0131n\u0131 incelemeye gitti&#8230;"},"content":{"rendered":"<p>Hava Kuvvetleri komutan\u0131 Georgios Bliumis Rafale sava\u015f u\u00e7aklar\u0131n\u0131 yak\u0131ndan incelemek ve g\u00f6rmek \u00fczere Fransa\u2019ya gitti.<\/p>\n<p>Yunanistan Hava Kuvvetleri komutan\u0131 Georgios Bliumis, Yunanistan\u2019\u0131n sat\u0131n ald\u0131\u011f\u0131 Rafale sava\u015f u\u00e7aklar\u0131n\u0131 yak\u0131ndan incelemek ve g\u00f6rmek \u00fczere Fransa\u2019ya gitti. Komutan Bliumis ile birlikte Rafale u\u00e7aklar\u0131n\u0131 kullanacak olan e\u011fitimci pilotlar\u0131n da gitti\u011fi belirtiliyor.<\/p>\n<p>Frans\u0131z mevkida\u015f\u0131 Philippe Lavigne\u2019nin davetlisi olarak 6 \u2013 9 Ekim tarihleri aras\u0131nda Fransa\u2019n\u0131n Mont-de-Marsan hava \u00fcss\u00fcne giden Bliumis \u201cVOLFA 2020\u201d tatbikat\u0131n\u0131 izleyecek. Tatbikata Yunanistan, Fransa ve \u0130spanya\u2019dan toplamda 40 hava arac\u0131 (sava\u015f u\u00e7aklar\u0131, helikopterler ve \u0130HA\u2019lar) kat\u0131l\u0131yor.<\/p>\n<p>Yunan Hava Kuvvetleri tatbikata, 111. Sava\u015f Kanad\u0131\u2019n\u0131n 347. Filosu\u2019ndan d\u00f6rt (4) adet F-16 sava\u015f u\u00e7a\u011f\u0131 ile kat\u0131l\u0131yor.<\/p>\n<p>Yunanistan ile Fransa aras\u0131nda yap\u0131lan anla\u015fma gere\u011fi, toplam b\u00fct\u00e7esi 2 milyar euro olan tam donan\u0131ml\u0131 12 adet kullan\u0131lm\u0131\u015f ve 6 adet yeni Rafale son versiyon F-3R sava\u015f u\u00e7aklar\u0131ndan ilk 2 adeti 2021 y\u0131l\u0131n\u0131n Mart ay\u0131nda Yunanistan Hava Kuvvetleri\u2019ne teslim edilmesi planlan\u0131yor.<\/p>\n\n\n<figure class=\"wp-block-embed-youtube wp-block-embed is-type-video is-provider-youtube wp-embed-aspect-16-9 wp-has-aspect-ratio\"><div class=\"wp-block-embed__wrapper\">\n<iframe loading=\"lazy\" title=\"Dassault Rafale Hakk\u0131nda Her \u015fey\" width=\"500\" height=\"281\" src=\"https:\/\/www.youtube.com\/embed\/tm-L_hDCTqU?feature=oembed\" frameborder=\"0\" allow=\"accelerometer; autoplay; clipboard-write; encrypted-media; gyroscope; picture-in-picture; web-share\" referrerpolicy=\"strict-origin-when-cross-origin\" allowfullscreen><\/iframe>\n<\/div><\/figure>\n","protected":false},"excerpt":{"rendered":"<p>Hava Kuvvetleri komutan\u0131 Georgios Bliumis Rafale sava\u015f u\u00e7aklar\u0131n\u0131 yak\u0131ndan incelemek ve g\u00f6rmek \u00fczere Fransa\u2019ya gitti. Yunanistan Hava Kuvvetleri komutan\u0131 Georgios Bliumis, Yunanistan\u2019\u0131n sat\u0131n ald\u0131\u011f\u0131 Rafale sava\u015f u\u00e7aklar\u0131n\u0131 yak\u0131ndan incelemek ve g\u00f6rmek \u00fczere Fransa\u2019ya gitti. Komutan Bliumis ile birlikte Rafale u\u00e7aklar\u0131n\u0131 kullanacak olan e\u011fitimci pilotlar\u0131n da gitti\u011fi belirtiliyor. Frans\u0131z mevkida\u015f\u0131 Philippe Lavigne\u2019nin davetlisi olarak 6 \u2013 &hellip;<\/p>\n","protected":false},"author":1,"featured_media":29321,"comment_status":"open","ping_status":"open","sticky":false,"template":"","format":"standard","meta":{"footnotes":""},"categories":[57],"tags":[28,26],"class_list":["post-29320","post","type-post","status-publish","format-standard","has-post-thumbnail","hentry","category-yunanistan","tag-savas-ucagi","tag-yunanistan"],"yoast_head":"<!-- This site is optimized with the Yoast SEO Premium plugin v26.3 (Yoast SEO v27.3) - https:\/\/yoast.com\/product\/yoast-seo-premium-wordpress\/ -->\n<title>Georgios Bliumis Rafale sava\u015f u\u00e7aklar\u0131n\u0131 incelemeye gitti... - Bat\u0131 Trakya Haber<\/title>\n<meta name=\"robots\" content=\"index, follow, max-snippet:-1, max-image-preview:large, max-video-preview:-1\" \/>\n<link rel=\"canonical\" href=\"https:\/\/batitrakya.live\/index.php\/georgios-bliumis-rafale-savas-ucaklarini-incelemeye-gitti\/\" \/>\n<meta property=\"og:locale\" content=\"tr_TR\" \/>\n<meta property=\"og:type\" content=\"article\" \/>\n<meta property=\"og:title\" content=\"Georgios Bliumis Rafale sava\u015f u\u00e7aklar\u0131n\u0131 incelemeye gitti...\" \/>\n<meta property=\"og:description\" content=\"Hava Kuvvetleri komutan\u0131 Georgios Bliumis Rafale sava\u015f u\u00e7aklar\u0131n\u0131 yak\u0131ndan incelemek ve g\u00f6rmek \u00fczere Fransa\u2019ya gitti. Yunanistan Hava Kuvvetleri komutan\u0131 Georgios Bliumis, Yunanistan\u2019\u0131n sat\u0131n ald\u0131\u011f\u0131 Rafale sava\u015f u\u00e7aklar\u0131n\u0131 yak\u0131ndan incelemek ve g\u00f6rmek \u00fczere Fransa\u2019ya gitti. Komutan Bliumis ile birlikte Rafale u\u00e7aklar\u0131n\u0131 kullanacak olan e\u011fitimci pilotlar\u0131n da gitti\u011fi belirtiliyor. Frans\u0131z mevkida\u015f\u0131 Philippe Lavigne\u2019nin davetlisi olarak 6 \u2013 &hellip;\" \/>\n<meta property=\"og:url\" content=\"https:\/\/batitrakya.live\/index.php\/georgios-bliumis-rafale-savas-ucaklarini-incelemeye-gitti\/\" \/>\n<meta property=\"og:site_name\" content=\"Bat\u0131 Trakya Haber\" \/>\n<meta property=\"article:published_time\" content=\"2020-10-07T05:04:04+00:00\" \/>\n<meta property=\"og:image\" content=\"https:\/\/batitrakya.live\/wp-content\/uploads\/2020\/10\/rafael1.jpg.png\" \/>\n\t<meta property=\"og:image:width\" content=\"720\" \/>\n\t<meta property=\"og:image:height\" content=\"348\" \/>\n\t<meta property=\"og:image:type\" content=\"image\/png\" \/>\n<meta name=\"author\" content=\"tamer\" \/>\n<meta name=\"twitter:card\" content=\"summary_large_image\" \/>\n<meta name=\"twitter:label1\" content=\"Yazan:\" \/>\n\t<meta name=\"twitter:data1\" content=\"tamer\" \/>\n\t<meta name=\"twitter:label2\" content=\"Tahmini okuma s\u00fcresi\" \/>\n\t<meta name=\"twitter:data2\" content=\"1 dakika\" \/>\n<script type=\"application\/ld+json\" class=\"yoast-schema-graph\">{\"@context\":\"https:\\\/\\\/schema.org\",\"@graph\":[{\"@type\":\"Article\",\"@id\":\"https:\\\/\\\/batitrakya.live\\\/index.php\\\/georgios-bliumis-rafale-savas-ucaklarini-incelemeye-gitti\\\/#article\",\"isPartOf\":{\"@id\":\"https:\\\/\\\/batitrakya.live\\\/index.php\\\/georgios-bliumis-rafale-savas-ucaklarini-incelemeye-gitti\\\/\"},\"author\":{\"name\":\"tamer\",\"@id\":\"https:\\\/\\\/batitrakya.live\\\/#\\\/schema\\\/person\\\/61b86abbc19e5fa0bbc3059670546fe5\"},\"headline\":\"Georgios Bliumis Rafale sava\u015f u\u00e7aklar\u0131n\u0131 incelemeye gitti&#8230;\",\"datePublished\":\"2020-10-07T05:04:04+00:00\",\"mainEntityOfPage\":{\"@id\":\"https:\\\/\\\/batitrakya.live\\\/index.php\\\/georgios-bliumis-rafale-savas-ucaklarini-incelemeye-gitti\\\/\"},\"wordCount\":196,\"commentCount\":0,\"image\":{\"@id\":\"https:\\\/\\\/batitrakya.live\\\/index.php\\\/georgios-bliumis-rafale-savas-ucaklarini-incelemeye-gitti\\\/#primaryimage\"},\"thumbnailUrl\":\"https:\\\/\\\/batitrakya.live\\\/wp-content\\\/uploads\\\/2020\\\/10\\\/rafael1.jpg.png\",\"keywords\":[\"Sava\u015f U\u00e7a\u011f\u0131\",\"Yunanistan\"],\"articleSection\":[\"Yunanistan Haber\"],\"inLanguage\":\"tr\",\"potentialAction\":[{\"@type\":\"CommentAction\",\"name\":\"Comment\",\"target\":[\"https:\\\/\\\/batitrakya.live\\\/index.php\\\/georgios-bliumis-rafale-savas-ucaklarini-incelemeye-gitti\\\/#respond\"]}],\"copyrightYear\":\"2020\",\"copyrightHolder\":{\"@id\":\"https:\\\/\\\/batitrakya.live\\\/#organization\"}},{\"@type\":\"WebPage\",\"@id\":\"https:\\\/\\\/batitrakya.live\\\/index.php\\\/georgios-bliumis-rafale-savas-ucaklarini-incelemeye-gitti\\\/\",\"url\":\"https:\\\/\\\/batitrakya.live\\\/index.php\\\/georgios-bliumis-rafale-savas-ucaklarini-incelemeye-gitti\\\/\",\"name\":\"Georgios Bliumis Rafale sava\u015f u\u00e7aklar\u0131n\u0131 incelemeye gitti... - Bat\u0131 Trakya Haber\",\"isPartOf\":{\"@id\":\"https:\\\/\\\/batitrakya.live\\\/#website\"},\"primaryImageOfPage\":{\"@id\":\"https:\\\/\\\/batitrakya.live\\\/index.php\\\/georgios-bliumis-rafale-savas-ucaklarini-incelemeye-gitti\\\/#primaryimage\"},\"image\":{\"@id\":\"https:\\\/\\\/batitrakya.live\\\/index.php\\\/georgios-bliumis-rafale-savas-ucaklarini-incelemeye-gitti\\\/#primaryimage\"},\"thumbnailUrl\":\"https:\\\/\\\/batitrakya.live\\\/wp-content\\\/uploads\\\/2020\\\/10\\\/rafael1.jpg.png\",\"datePublished\":\"2020-10-07T05:04:04+00:00\",\"author\":{\"@id\":\"https:\\\/\\\/batitrakya.live\\\/#\\\/schema\\\/person\\\/61b86abbc19e5fa0bbc3059670546fe5\"},\"breadcrumb\":{\"@id\":\"https:\\\/\\\/batitrakya.live\\\/index.php\\\/georgios-bliumis-rafale-savas-ucaklarini-incelemeye-gitti\\\/#breadcrumb\"},\"inLanguage\":\"tr\",\"potentialAction\":[{\"@type\":\"ReadAction\",\"target\":[\"https:\\\/\\\/batitrakya.live\\\/index.php\\\/georgios-bliumis-rafale-savas-ucaklarini-incelemeye-gitti\\\/\"]}]},{\"@type\":\"ImageObject\",\"inLanguage\":\"tr\",\"@id\":\"https:\\\/\\\/batitrakya.live\\\/index.php\\\/georgios-bliumis-rafale-savas-ucaklarini-incelemeye-gitti\\\/#primaryimage\",\"url\":\"https:\\\/\\\/batitrakya.live\\\/wp-content\\\/uploads\\\/2020\\\/10\\\/rafael1.jpg.png\",\"contentUrl\":\"https:\\\/\\\/batitrakya.live\\\/wp-content\\\/uploads\\\/2020\\\/10\\\/rafael1.jpg.png\",\"width\":720,\"height\":348},{\"@type\":\"BreadcrumbList\",\"@id\":\"https:\\\/\\\/batitrakya.live\\\/index.php\\\/georgios-bliumis-rafale-savas-ucaklarini-incelemeye-gitti\\\/#breadcrumb\",\"itemListElement\":[{\"@type\":\"ListItem\",\"position\":1,\"name\":\"Anasayfa\",\"item\":\"https:\\\/\\\/batitrakya.live\\\/\"},{\"@type\":\"ListItem\",\"position\":2,\"name\":\"Georgios Bliumis Rafale sava\u015f u\u00e7aklar\u0131n\u0131 incelemeye gitti&#8230;\"}]},{\"@type\":\"WebSite\",\"@id\":\"https:\\\/\\\/batitrakya.live\\\/#website\",\"url\":\"https:\\\/\\\/batitrakya.live\\\/\",\"name\":\"Bat\u0131 Trakya Haber\",\"description\":\"Bat\u0131 Trakyan\u0131n internetteki sesi..\",\"potentialAction\":[{\"@type\":\"SearchAction\",\"target\":{\"@type\":\"EntryPoint\",\"urlTemplate\":\"https:\\\/\\\/batitrakya.live\\\/?s={search_term_string}\"},\"query-input\":{\"@type\":\"PropertyValueSpecification\",\"valueRequired\":true,\"valueName\":\"search_term_string\"}}],\"inLanguage\":\"tr\"},{\"@type\":\"Person\",\"@id\":\"https:\\\/\\\/batitrakya.live\\\/#\\\/schema\\\/person\\\/61b86abbc19e5fa0bbc3059670546fe5\",\"name\":\"tamer\",\"image\":{\"@type\":\"ImageObject\",\"inLanguage\":\"tr\",\"@id\":\"https:\\\/\\\/secure.gravatar.com\\\/avatar\\\/60b0ff14c4376999cea9565d28b91fc61ff0f727c28cd083506a6d83ad6df9c9?s=96&d=mm&r=g\",\"url\":\"https:\\\/\\\/secure.gravatar.com\\\/avatar\\\/60b0ff14c4376999cea9565d28b91fc61ff0f727c28cd083506a6d83ad6df9c9?s=96&d=mm&r=g\",\"contentUrl\":\"https:\\\/\\\/secure.gravatar.com\\\/avatar\\\/60b0ff14c4376999cea9565d28b91fc61ff0f727c28cd083506a6d83ad6df9c9?s=96&d=mm&r=g\",\"caption\":\"tamer\"},\"sameAs\":[\"https:\\\/\\\/batitrakya.live\"],\"url\":\"https:\\\/\\\/batitrakya.live\\\/index.php\\\/author\\\/tamer\\\/\"}]}<\/script>\n<!-- \/ Yoast SEO Premium plugin. -->","yoast_head_json":{"title":"Georgios Bliumis Rafale sava\u015f u\u00e7aklar\u0131n\u0131 incelemeye gitti... - Bat\u0131 Trakya Haber","robots":{"index":"index","follow":"follow","max-snippet":"max-snippet:-1","max-image-preview":"max-image-preview:large","max-video-preview":"max-video-preview:-1"},"canonical":"https:\/\/batitrakya.live\/index.php\/georgios-bliumis-rafale-savas-ucaklarini-incelemeye-gitti\/","og_locale":"tr_TR","og_type":"article","og_title":"Georgios Bliumis Rafale sava\u015f u\u00e7aklar\u0131n\u0131 incelemeye gitti...","og_description":"Hava Kuvvetleri komutan\u0131 Georgios Bliumis Rafale sava\u015f u\u00e7aklar\u0131n\u0131 yak\u0131ndan incelemek ve g\u00f6rmek \u00fczere Fransa\u2019ya gitti. Yunanistan Hava Kuvvetleri komutan\u0131 Georgios Bliumis, Yunanistan\u2019\u0131n sat\u0131n ald\u0131\u011f\u0131 Rafale sava\u015f u\u00e7aklar\u0131n\u0131 yak\u0131ndan incelemek ve g\u00f6rmek \u00fczere Fransa\u2019ya gitti. Komutan Bliumis ile birlikte Rafale u\u00e7aklar\u0131n\u0131 kullanacak olan e\u011fitimci pilotlar\u0131n da gitti\u011fi belirtiliyor. Frans\u0131z mevkida\u015f\u0131 Philippe Lavigne\u2019nin davetlisi olarak 6 \u2013 &hellip;","og_url":"https:\/\/batitrakya.live\/index.php\/georgios-bliumis-rafale-savas-ucaklarini-incelemeye-gitti\/","og_site_name":"Bat\u0131 Trakya Haber","article_published_time":"2020-10-07T05:04:04+00:00","og_image":[{"width":720,"height":348,"url":"https:\/\/batitrakya.live\/wp-content\/uploads\/2020\/10\/rafael1.jpg.png","type":"image\/png"}],"author":"tamer","twitter_card":"summary_large_image","twitter_misc":{"Yazan:":"tamer","Tahmini okuma s\u00fcresi":"1 dakika"},"schema":{"@context":"https:\/\/schema.org","@graph":[{"@type":"Article","@id":"https:\/\/batitrakya.live\/index.php\/georgios-bliumis-rafale-savas-ucaklarini-incelemeye-gitti\/#article","isPartOf":{"@id":"https:\/\/batitrakya.live\/index.php\/georgios-bliumis-rafale-savas-ucaklarini-incelemeye-gitti\/"},"author":{"name":"tamer","@id":"https:\/\/batitrakya.live\/#\/schema\/person\/61b86abbc19e5fa0bbc3059670546fe5"},"headline":"Georgios Bliumis Rafale sava\u015f u\u00e7aklar\u0131n\u0131 incelemeye gitti&#8230;","datePublished":"2020-10-07T05:04:04+00:00","mainEntityOfPage":{"@id":"https:\/\/batitrakya.live\/index.php\/georgios-bliumis-rafale-savas-ucaklarini-incelemeye-gitti\/"},"wordCount":196,"commentCount":0,"image":{"@id":"https:\/\/batitrakya.live\/index.php\/georgios-bliumis-rafale-savas-ucaklarini-incelemeye-gitti\/#primaryimage"},"thumbnailUrl":"https:\/\/batitrakya.live\/wp-content\/uploads\/2020\/10\/rafael1.jpg.png","keywords":["Sava\u015f U\u00e7a\u011f\u0131","Yunanistan"],"articleSection":["Yunanistan Haber"],"inLanguage":"tr","potentialAction":[{"@type":"CommentAction","name":"Comment","target":["https:\/\/batitrakya.live\/index.php\/georgios-bliumis-rafale-savas-ucaklarini-incelemeye-gitti\/#respond"]}],"copyrightYear":"2020","copyrightHolder":{"@id":"https:\/\/batitrakya.live\/#organization"}},{"@type":"WebPage","@id":"https:\/\/batitrakya.live\/index.php\/georgios-bliumis-rafale-savas-ucaklarini-incelemeye-gitti\/","url":"https:\/\/batitrakya.live\/index.php\/georgios-bliumis-rafale-savas-ucaklarini-incelemeye-gitti\/","name":"Georgios Bliumis Rafale sava\u015f u\u00e7aklar\u0131n\u0131 incelemeye gitti... - Bat\u0131 Trakya Haber","isPartOf":{"@id":"https:\/\/batitrakya.live\/#website"},"primaryImageOfPage":{"@id":"https:\/\/batitrakya.live\/index.php\/georgios-bliumis-rafale-savas-ucaklarini-incelemeye-gitti\/#primaryimage"},"image":{"@id":"https:\/\/batitrakya.live\/index.php\/georgios-bliumis-rafale-savas-ucaklarini-incelemeye-gitti\/#primaryimage"},"thumbnailUrl":"https:\/\/batitrakya.live\/wp-content\/uploads\/2020\/10\/rafael1.jpg.png","datePublished":"2020-10-07T05:04:04+00:00","author":{"@id":"https:\/\/batitrakya.live\/#\/schema\/person\/61b86abbc19e5fa0bbc3059670546fe5"},"breadcrumb":{"@id":"https:\/\/batitrakya.live\/index.php\/georgios-bliumis-rafale-savas-ucaklarini-incelemeye-gitti\/#breadcrumb"},"inLanguage":"tr","potentialAction":[{"@type":"ReadAction","target":["https:\/\/batitrakya.live\/index.php\/georgios-bliumis-rafale-savas-ucaklarini-incelemeye-gitti\/"]}]},{"@type":"ImageObject","inLanguage":"tr","@id":"https:\/\/batitrakya.live\/index.php\/georgios-bliumis-rafale-savas-ucaklarini-incelemeye-gitti\/#primaryimage","url":"https:\/\/batitrakya.live\/wp-content\/uploads\/2020\/10\/rafael1.jpg.png","contentUrl":"https:\/\/batitrakya.live\/wp-content\/uploads\/2020\/10\/rafael1.jpg.png","width":720,"height":348},{"@type":"BreadcrumbList","@id":"https:\/\/batitrakya.live\/index.php\/georgios-bliumis-rafale-savas-ucaklarini-incelemeye-gitti\/#breadcrumb","itemListElement":[{"@type":"ListItem","position":1,"name":"Anasayfa","item":"https:\/\/batitrakya.live\/"},{"@type":"ListItem","position":2,"name":"Georgios Bliumis Rafale sava\u015f u\u00e7aklar\u0131n\u0131 incelemeye gitti&#8230;"}]},{"@type":"WebSite","@id":"https:\/\/batitrakya.live\/#website","url":"https:\/\/batitrakya.live\/","name":"Bat\u0131 Trakya Haber","description":"Bat\u0131 Trakyan\u0131n internetteki sesi..","potentialAction":[{"@type":"SearchAction","target":{"@type":"EntryPoint","urlTemplate":"https:\/\/batitrakya.live\/?s={search_term_string}"},"query-input":{"@type":"PropertyValueSpecification","valueRequired":true,"valueName":"search_term_string"}}],"inLanguage":"tr"},{"@type":"Person","@id":"https:\/\/batitrakya.live\/#\/schema\/person\/61b86abbc19e5fa0bbc3059670546fe5","name":"tamer","image":{"@type":"ImageObject","inLanguage":"tr","@id":"https:\/\/secure.gravatar.com\/avatar\/60b0ff14c4376999cea9565d28b91fc61ff0f727c28cd083506a6d83ad6df9c9?s=96&d=mm&r=g","url":"https:\/\/secure.gravatar.com\/avatar\/60b0ff14c4376999cea9565d28b91fc61ff0f727c28cd083506a6d83ad6df9c9?s=96&d=mm&r=g","contentUrl":"https:\/\/secure.gravatar.com\/avatar\/60b0ff14c4376999cea9565d28b91fc61ff0f727c28cd083506a6d83ad6df9c9?s=96&d=mm&r=g","caption":"tamer"},"sameAs":["https:\/\/batitrakya.live"],"url":"https:\/\/batitrakya.live\/index.php\/author\/tamer\/"}]}},"_links":{"self":[{"href":"https:\/\/batitrakya.live\/index.php\/wp-json\/wp\/v2\/posts\/29320","targetHints":{"allow":["GET"]}}],"collection":[{"href":"https:\/\/batitrakya.live\/index.php\/wp-json\/wp\/v2\/posts"}],"about":[{"href":"https:\/\/batitrakya.live\/index.php\/wp-json\/wp\/v2\/types\/post"}],"author":[{"embeddable":true,"href":"https:\/\/batitrakya.live\/index.php\/wp-json\/wp\/v2\/users\/1"}],"replies":[{"embeddable":true,"href":"https:\/\/batitrakya.live\/index.php\/wp-json\/wp\/v2\/comments?post=29320"}],"version-history":[{"count":0,"href":"https:\/\/batitrakya.live\/index.php\/wp-json\/wp\/v2\/posts\/29320\/revisions"}],"wp:featuredmedia":[{"embeddable":true,"href":"https:\/\/batitrakya.live\/index.php\/wp-json\/wp\/v2\/media\/29321"}],"wp:attachment":[{"href":"https:\/\/batitrakya.live\/index.php\/wp-json\/wp\/v2\/media?parent=29320"}],"wp:term":[{"taxonomy":"category","embeddable":true,"href":"https:\/\/batitrakya.live\/index.php\/wp-json\/wp\/v2\/categories?post=29320"},{"taxonomy":"post_tag","embeddable":true,"href":"https:\/\/batitrakya.live\/index.php\/wp-json\/wp\/v2\/tags?post=29320"}],"curies":[{"name":"wp","href":"https:\/\/api.w.org\/{rel}","templated":true}]}}