{"id":27374,"date":"2020-09-24T14:02:31","date_gmt":"2020-09-24T11:02:31","guid":{"rendered":"http:\/\/batitrakya.live\/?p=27374"},"modified":"2020-09-24T14:02:31","modified_gmt":"2020-09-24T11:02:31","slug":"cihan-imamoglu-istifa-edince-havada-kapildi","status":"publish","type":"post","link":"https:\/\/batitrakya.live\/index.php\/cihan-imamoglu-istifa-edince-havada-kapildi\/","title":{"rendered":"Cihan \u0130mamo\u011flu istifa edince havada kap\u0131ld\u0131&#8230;"},"content":{"rendered":"\n<p><strong>Do\u011fu Makedonya &#8211; Trakya (DMT) Eyalet Ba\u015fkan\u0131 Hristos Metios\u2019un karar\u0131yla az\u0131nl\u0131k \u00fcyesi Cihan \u0130mamo\u011flu Eyalet Ba\u015fkan Yard\u0131mc\u0131l\u0131\u011f\u0131 g\u00f6revine getirildi.<\/strong><\/p>\n\n\n\n<p>Edinilen bilgilere g\u00f6re DMT Eyalet Ba\u015fkan\u0131 Hristos Metios\u2019un giri\u015fimleriyle Cihan \u0130mamo\u011flu ile bir g\u00f6r\u00fc\u015fme ger\u00e7ekle\u015ftirildi. G\u00f6r\u00fc\u015fme sonras\u0131 Cihan \u0130mamo\u011flu, eyalette Sosyal Politikalardan Sorumlu Ba\u015fkan Yard\u0131mc\u0131l\u0131\u011f\u0131 g\u00f6revine atand\u0131. \u0130mamo\u011flu\u2019nun g\u00f6rev s\u00fcresi 31 Aral\u0131k 2021 tarihine kadar devam edecek.<\/p>\n\n\n\n<p>Hat\u0131rlanaca\u011f\u0131 \u00fczere Cihan \u0130mamo\u011flu, 20 Eyl\u00fcl Pazartesi g\u00fcn\u00fc ana muhalefetteki Hristodoulos Topsidis\u2019in ba\u015fkan\u0131 oldu\u011fu \u2018B\u00f6lgesel Sentez Listesi\u2019nden istifa etmi\u015fti.<\/p>\n\n\n\n<figure class=\"wp-block-image size-large\"><img loading=\"lazy\" decoding=\"async\" width=\"717\" height=\"458\" src=\"https:\/\/batitrakya.live\/wp-content\/uploads\/2020\/09\/imamoglu_metios1.jpg\" alt=\"\" class=\"wp-image-27376\" srcset=\"https:\/\/batitrakya.live\/wp-content\/uploads\/2020\/09\/imamoglu_metios1.jpg 717w, https:\/\/batitrakya.live\/wp-content\/uploads\/2020\/09\/imamoglu_metios1-300x192.jpg 300w\" sizes=\"auto, (max-width: 717px) 100vw, 717px\" \/><\/figure>\n","protected":false},"excerpt":{"rendered":"<p>Do\u011fu Makedonya &#8211; Trakya (DMT) Eyalet Ba\u015fkan\u0131 Hristos Metios\u2019un karar\u0131yla az\u0131nl\u0131k \u00fcyesi Cihan \u0130mamo\u011flu Eyalet Ba\u015fkan Yard\u0131mc\u0131l\u0131\u011f\u0131 g\u00f6revine getirildi. Edinilen bilgilere g\u00f6re DMT Eyalet Ba\u015fkan\u0131 Hristos Metios\u2019un giri\u015fimleriyle Cihan \u0130mamo\u011flu ile bir g\u00f6r\u00fc\u015fme ger\u00e7ekle\u015ftirildi. G\u00f6r\u00fc\u015fme sonras\u0131 Cihan \u0130mamo\u011flu, eyalette Sosyal Politikalardan Sorumlu Ba\u015fkan Yard\u0131mc\u0131l\u0131\u011f\u0131 g\u00f6revine atand\u0131. \u0130mamo\u011flu\u2019nun g\u00f6rev s\u00fcresi 31 Aral\u0131k 2021 tarihine kadar devam &hellip;<\/p>\n","protected":false},"author":1,"featured_media":27344,"comment_status":"open","ping_status":"open","sticky":false,"template":"","format":"standard","meta":{"footnotes":""},"categories":[24],"tags":[116],"class_list":["post-27374","post","type-post","status-publish","format-standard","has-post-thumbnail","hentry","category-bati-trakyam-haber","tag-dmt"],"yoast_head":"<!-- This site is optimized with the Yoast SEO Premium plugin v26.3 (Yoast SEO v27.3) - https:\/\/yoast.com\/product\/yoast-seo-premium-wordpress\/ -->\n<title>Cihan \u0130mamo\u011flu istifa edince havada kap\u0131ld\u0131... - Bat\u0131 Trakya Haber<\/title>\n<meta name=\"robots\" content=\"index, follow, max-snippet:-1, max-image-preview:large, max-video-preview:-1\" \/>\n<link rel=\"canonical\" href=\"https:\/\/batitrakya.live\/index.php\/cihan-imamoglu-istifa-edince-havada-kapildi\/\" \/>\n<meta property=\"og:locale\" content=\"tr_TR\" \/>\n<meta property=\"og:type\" content=\"article\" \/>\n<meta property=\"og:title\" content=\"Cihan \u0130mamo\u011flu istifa edince havada kap\u0131ld\u0131...\" \/>\n<meta property=\"og:description\" content=\"Do\u011fu Makedonya &#8211; Trakya (DMT) Eyalet Ba\u015fkan\u0131 Hristos Metios\u2019un karar\u0131yla az\u0131nl\u0131k \u00fcyesi Cihan \u0130mamo\u011flu Eyalet Ba\u015fkan Yard\u0131mc\u0131l\u0131\u011f\u0131 g\u00f6revine getirildi. Edinilen bilgilere g\u00f6re DMT Eyalet Ba\u015fkan\u0131 Hristos Metios\u2019un giri\u015fimleriyle Cihan \u0130mamo\u011flu ile bir g\u00f6r\u00fc\u015fme ger\u00e7ekle\u015ftirildi. G\u00f6r\u00fc\u015fme sonras\u0131 Cihan \u0130mamo\u011flu, eyalette Sosyal Politikalardan Sorumlu Ba\u015fkan Yard\u0131mc\u0131l\u0131\u011f\u0131 g\u00f6revine atand\u0131. \u0130mamo\u011flu\u2019nun g\u00f6rev s\u00fcresi 31 Aral\u0131k 2021 tarihine kadar devam &hellip;\" \/>\n<meta property=\"og:url\" content=\"https:\/\/batitrakya.live\/index.php\/cihan-imamoglu-istifa-edince-havada-kapildi\/\" \/>\n<meta property=\"og:site_name\" content=\"Bat\u0131 Trakya Haber\" \/>\n<meta property=\"article:published_time\" content=\"2020-09-24T11:02:31+00:00\" \/>\n<meta property=\"og:image\" content=\"https:\/\/batitrakya.live\/wp-content\/uploads\/2020\/09\/cihanimamoglu.jpg\" \/>\n\t<meta property=\"og:image:width\" content=\"720\" \/>\n\t<meta property=\"og:image:height\" content=\"348\" \/>\n\t<meta property=\"og:image:type\" content=\"image\/jpeg\" \/>\n<meta name=\"author\" content=\"tamer\" \/>\n<meta name=\"twitter:card\" content=\"summary_large_image\" \/>\n<meta name=\"twitter:label1\" content=\"Yazan:\" \/>\n\t<meta name=\"twitter:data1\" content=\"tamer\" \/>\n\t<meta name=\"twitter:label2\" content=\"Tahmini okuma s\u00fcresi\" \/>\n\t<meta name=\"twitter:data2\" content=\"1 dakika\" \/>\n<script type=\"application\/ld+json\" class=\"yoast-schema-graph\">{\"@context\":\"https:\\\/\\\/schema.org\",\"@graph\":[{\"@type\":\"Article\",\"@id\":\"https:\\\/\\\/batitrakya.live\\\/index.php\\\/cihan-imamoglu-istifa-edince-havada-kapildi\\\/#article\",\"isPartOf\":{\"@id\":\"https:\\\/\\\/batitrakya.live\\\/index.php\\\/cihan-imamoglu-istifa-edince-havada-kapildi\\\/\"},\"author\":{\"name\":\"tamer\",\"@id\":\"https:\\\/\\\/batitrakya.live\\\/#\\\/schema\\\/person\\\/61b86abbc19e5fa0bbc3059670546fe5\"},\"headline\":\"Cihan \u0130mamo\u011flu istifa edince havada kap\u0131ld\u0131&#8230;\",\"datePublished\":\"2020-09-24T11:02:31+00:00\",\"mainEntityOfPage\":{\"@id\":\"https:\\\/\\\/batitrakya.live\\\/index.php\\\/cihan-imamoglu-istifa-edince-havada-kapildi\\\/\"},\"wordCount\":122,\"commentCount\":0,\"image\":{\"@id\":\"https:\\\/\\\/batitrakya.live\\\/index.php\\\/cihan-imamoglu-istifa-edince-havada-kapildi\\\/#primaryimage\"},\"thumbnailUrl\":\"https:\\\/\\\/batitrakya.live\\\/wp-content\\\/uploads\\\/2020\\\/09\\\/cihanimamoglu.jpg\",\"keywords\":[\"DMT\"],\"articleSection\":[\"Bat\u0131 Trakyam Haber\"],\"inLanguage\":\"tr\",\"potentialAction\":[{\"@type\":\"CommentAction\",\"name\":\"Comment\",\"target\":[\"https:\\\/\\\/batitrakya.live\\\/index.php\\\/cihan-imamoglu-istifa-edince-havada-kapildi\\\/#respond\"]}],\"copyrightYear\":\"2020\",\"copyrightHolder\":{\"@id\":\"https:\\\/\\\/batitrakya.live\\\/#organization\"}},{\"@type\":\"WebPage\",\"@id\":\"https:\\\/\\\/batitrakya.live\\\/index.php\\\/cihan-imamoglu-istifa-edince-havada-kapildi\\\/\",\"url\":\"https:\\\/\\\/batitrakya.live\\\/index.php\\\/cihan-imamoglu-istifa-edince-havada-kapildi\\\/\",\"name\":\"Cihan \u0130mamo\u011flu istifa edince havada kap\u0131ld\u0131... - Bat\u0131 Trakya Haber\",\"isPartOf\":{\"@id\":\"https:\\\/\\\/batitrakya.live\\\/#website\"},\"primaryImageOfPage\":{\"@id\":\"https:\\\/\\\/batitrakya.live\\\/index.php\\\/cihan-imamoglu-istifa-edince-havada-kapildi\\\/#primaryimage\"},\"image\":{\"@id\":\"https:\\\/\\\/batitrakya.live\\\/index.php\\\/cihan-imamoglu-istifa-edince-havada-kapildi\\\/#primaryimage\"},\"thumbnailUrl\":\"https:\\\/\\\/batitrakya.live\\\/wp-content\\\/uploads\\\/2020\\\/09\\\/cihanimamoglu.jpg\",\"datePublished\":\"2020-09-24T11:02:31+00:00\",\"author\":{\"@id\":\"https:\\\/\\\/batitrakya.live\\\/#\\\/schema\\\/person\\\/61b86abbc19e5fa0bbc3059670546fe5\"},\"breadcrumb\":{\"@id\":\"https:\\\/\\\/batitrakya.live\\\/index.php\\\/cihan-imamoglu-istifa-edince-havada-kapildi\\\/#breadcrumb\"},\"inLanguage\":\"tr\",\"potentialAction\":[{\"@type\":\"ReadAction\",\"target\":[\"https:\\\/\\\/batitrakya.live\\\/index.php\\\/cihan-imamoglu-istifa-edince-havada-kapildi\\\/\"]}]},{\"@type\":\"ImageObject\",\"inLanguage\":\"tr\",\"@id\":\"https:\\\/\\\/batitrakya.live\\\/index.php\\\/cihan-imamoglu-istifa-edince-havada-kapildi\\\/#primaryimage\",\"url\":\"https:\\\/\\\/batitrakya.live\\\/wp-content\\\/uploads\\\/2020\\\/09\\\/cihanimamoglu.jpg\",\"contentUrl\":\"https:\\\/\\\/batitrakya.live\\\/wp-content\\\/uploads\\\/2020\\\/09\\\/cihanimamoglu.jpg\",\"width\":720,\"height\":348},{\"@type\":\"BreadcrumbList\",\"@id\":\"https:\\\/\\\/batitrakya.live\\\/index.php\\\/cihan-imamoglu-istifa-edince-havada-kapildi\\\/#breadcrumb\",\"itemListElement\":[{\"@type\":\"ListItem\",\"position\":1,\"name\":\"Anasayfa\",\"item\":\"https:\\\/\\\/batitrakya.live\\\/\"},{\"@type\":\"ListItem\",\"position\":2,\"name\":\"Cihan \u0130mamo\u011flu istifa edince havada kap\u0131ld\u0131&#8230;\"}]},{\"@type\":\"WebSite\",\"@id\":\"https:\\\/\\\/batitrakya.live\\\/#website\",\"url\":\"https:\\\/\\\/batitrakya.live\\\/\",\"name\":\"Bat\u0131 Trakya Haber\",\"description\":\"Bat\u0131 Trakyan\u0131n internetteki sesi..\",\"potentialAction\":[{\"@type\":\"SearchAction\",\"target\":{\"@type\":\"EntryPoint\",\"urlTemplate\":\"https:\\\/\\\/batitrakya.live\\\/?s={search_term_string}\"},\"query-input\":{\"@type\":\"PropertyValueSpecification\",\"valueRequired\":true,\"valueName\":\"search_term_string\"}}],\"inLanguage\":\"tr\"},{\"@type\":\"Person\",\"@id\":\"https:\\\/\\\/batitrakya.live\\\/#\\\/schema\\\/person\\\/61b86abbc19e5fa0bbc3059670546fe5\",\"name\":\"tamer\",\"image\":{\"@type\":\"ImageObject\",\"inLanguage\":\"tr\",\"@id\":\"https:\\\/\\\/secure.gravatar.com\\\/avatar\\\/60b0ff14c4376999cea9565d28b91fc61ff0f727c28cd083506a6d83ad6df9c9?s=96&d=mm&r=g\",\"url\":\"https:\\\/\\\/secure.gravatar.com\\\/avatar\\\/60b0ff14c4376999cea9565d28b91fc61ff0f727c28cd083506a6d83ad6df9c9?s=96&d=mm&r=g\",\"contentUrl\":\"https:\\\/\\\/secure.gravatar.com\\\/avatar\\\/60b0ff14c4376999cea9565d28b91fc61ff0f727c28cd083506a6d83ad6df9c9?s=96&d=mm&r=g\",\"caption\":\"tamer\"},\"sameAs\":[\"https:\\\/\\\/batitrakya.live\"],\"url\":\"https:\\\/\\\/batitrakya.live\\\/index.php\\\/author\\\/tamer\\\/\"}]}<\/script>\n<!-- \/ Yoast SEO Premium plugin. -->","yoast_head_json":{"title":"Cihan \u0130mamo\u011flu istifa edince havada kap\u0131ld\u0131... - Bat\u0131 Trakya Haber","robots":{"index":"index","follow":"follow","max-snippet":"max-snippet:-1","max-image-preview":"max-image-preview:large","max-video-preview":"max-video-preview:-1"},"canonical":"https:\/\/batitrakya.live\/index.php\/cihan-imamoglu-istifa-edince-havada-kapildi\/","og_locale":"tr_TR","og_type":"article","og_title":"Cihan \u0130mamo\u011flu istifa edince havada kap\u0131ld\u0131...","og_description":"Do\u011fu Makedonya &#8211; Trakya (DMT) Eyalet Ba\u015fkan\u0131 Hristos Metios\u2019un karar\u0131yla az\u0131nl\u0131k \u00fcyesi Cihan \u0130mamo\u011flu Eyalet Ba\u015fkan Yard\u0131mc\u0131l\u0131\u011f\u0131 g\u00f6revine getirildi. Edinilen bilgilere g\u00f6re DMT Eyalet Ba\u015fkan\u0131 Hristos Metios\u2019un giri\u015fimleriyle Cihan \u0130mamo\u011flu ile bir g\u00f6r\u00fc\u015fme ger\u00e7ekle\u015ftirildi. G\u00f6r\u00fc\u015fme sonras\u0131 Cihan \u0130mamo\u011flu, eyalette Sosyal Politikalardan Sorumlu Ba\u015fkan Yard\u0131mc\u0131l\u0131\u011f\u0131 g\u00f6revine atand\u0131. \u0130mamo\u011flu\u2019nun g\u00f6rev s\u00fcresi 31 Aral\u0131k 2021 tarihine kadar devam &hellip;","og_url":"https:\/\/batitrakya.live\/index.php\/cihan-imamoglu-istifa-edince-havada-kapildi\/","og_site_name":"Bat\u0131 Trakya Haber","article_published_time":"2020-09-24T11:02:31+00:00","og_image":[{"width":720,"height":348,"url":"https:\/\/batitrakya.live\/wp-content\/uploads\/2020\/09\/cihanimamoglu.jpg","type":"image\/jpeg"}],"author":"tamer","twitter_card":"summary_large_image","twitter_misc":{"Yazan:":"tamer","Tahmini okuma s\u00fcresi":"1 dakika"},"schema":{"@context":"https:\/\/schema.org","@graph":[{"@type":"Article","@id":"https:\/\/batitrakya.live\/index.php\/cihan-imamoglu-istifa-edince-havada-kapildi\/#article","isPartOf":{"@id":"https:\/\/batitrakya.live\/index.php\/cihan-imamoglu-istifa-edince-havada-kapildi\/"},"author":{"name":"tamer","@id":"https:\/\/batitrakya.live\/#\/schema\/person\/61b86abbc19e5fa0bbc3059670546fe5"},"headline":"Cihan \u0130mamo\u011flu istifa edince havada kap\u0131ld\u0131&#8230;","datePublished":"2020-09-24T11:02:31+00:00","mainEntityOfPage":{"@id":"https:\/\/batitrakya.live\/index.php\/cihan-imamoglu-istifa-edince-havada-kapildi\/"},"wordCount":122,"commentCount":0,"image":{"@id":"https:\/\/batitrakya.live\/index.php\/cihan-imamoglu-istifa-edince-havada-kapildi\/#primaryimage"},"thumbnailUrl":"https:\/\/batitrakya.live\/wp-content\/uploads\/2020\/09\/cihanimamoglu.jpg","keywords":["DMT"],"articleSection":["Bat\u0131 Trakyam Haber"],"inLanguage":"tr","potentialAction":[{"@type":"CommentAction","name":"Comment","target":["https:\/\/batitrakya.live\/index.php\/cihan-imamoglu-istifa-edince-havada-kapildi\/#respond"]}],"copyrightYear":"2020","copyrightHolder":{"@id":"https:\/\/batitrakya.live\/#organization"}},{"@type":"WebPage","@id":"https:\/\/batitrakya.live\/index.php\/cihan-imamoglu-istifa-edince-havada-kapildi\/","url":"https:\/\/batitrakya.live\/index.php\/cihan-imamoglu-istifa-edince-havada-kapildi\/","name":"Cihan \u0130mamo\u011flu istifa edince havada kap\u0131ld\u0131... - Bat\u0131 Trakya Haber","isPartOf":{"@id":"https:\/\/batitrakya.live\/#website"},"primaryImageOfPage":{"@id":"https:\/\/batitrakya.live\/index.php\/cihan-imamoglu-istifa-edince-havada-kapildi\/#primaryimage"},"image":{"@id":"https:\/\/batitrakya.live\/index.php\/cihan-imamoglu-istifa-edince-havada-kapildi\/#primaryimage"},"thumbnailUrl":"https:\/\/batitrakya.live\/wp-content\/uploads\/2020\/09\/cihanimamoglu.jpg","datePublished":"2020-09-24T11:02:31+00:00","author":{"@id":"https:\/\/batitrakya.live\/#\/schema\/person\/61b86abbc19e5fa0bbc3059670546fe5"},"breadcrumb":{"@id":"https:\/\/batitrakya.live\/index.php\/cihan-imamoglu-istifa-edince-havada-kapildi\/#breadcrumb"},"inLanguage":"tr","potentialAction":[{"@type":"ReadAction","target":["https:\/\/batitrakya.live\/index.php\/cihan-imamoglu-istifa-edince-havada-kapildi\/"]}]},{"@type":"ImageObject","inLanguage":"tr","@id":"https:\/\/batitrakya.live\/index.php\/cihan-imamoglu-istifa-edince-havada-kapildi\/#primaryimage","url":"https:\/\/batitrakya.live\/wp-content\/uploads\/2020\/09\/cihanimamoglu.jpg","contentUrl":"https:\/\/batitrakya.live\/wp-content\/uploads\/2020\/09\/cihanimamoglu.jpg","width":720,"height":348},{"@type":"BreadcrumbList","@id":"https:\/\/batitrakya.live\/index.php\/cihan-imamoglu-istifa-edince-havada-kapildi\/#breadcrumb","itemListElement":[{"@type":"ListItem","position":1,"name":"Anasayfa","item":"https:\/\/batitrakya.live\/"},{"@type":"ListItem","position":2,"name":"Cihan \u0130mamo\u011flu istifa edince havada kap\u0131ld\u0131&#8230;"}]},{"@type":"WebSite","@id":"https:\/\/batitrakya.live\/#website","url":"https:\/\/batitrakya.live\/","name":"Bat\u0131 Trakya Haber","description":"Bat\u0131 Trakyan\u0131n internetteki sesi..","potentialAction":[{"@type":"SearchAction","target":{"@type":"EntryPoint","urlTemplate":"https:\/\/batitrakya.live\/?s={search_term_string}"},"query-input":{"@type":"PropertyValueSpecification","valueRequired":true,"valueName":"search_term_string"}}],"inLanguage":"tr"},{"@type":"Person","@id":"https:\/\/batitrakya.live\/#\/schema\/person\/61b86abbc19e5fa0bbc3059670546fe5","name":"tamer","image":{"@type":"ImageObject","inLanguage":"tr","@id":"https:\/\/secure.gravatar.com\/avatar\/60b0ff14c4376999cea9565d28b91fc61ff0f727c28cd083506a6d83ad6df9c9?s=96&d=mm&r=g","url":"https:\/\/secure.gravatar.com\/avatar\/60b0ff14c4376999cea9565d28b91fc61ff0f727c28cd083506a6d83ad6df9c9?s=96&d=mm&r=g","contentUrl":"https:\/\/secure.gravatar.com\/avatar\/60b0ff14c4376999cea9565d28b91fc61ff0f727c28cd083506a6d83ad6df9c9?s=96&d=mm&r=g","caption":"tamer"},"sameAs":["https:\/\/batitrakya.live"],"url":"https:\/\/batitrakya.live\/index.php\/author\/tamer\/"}]}},"_links":{"self":[{"href":"https:\/\/batitrakya.live\/index.php\/wp-json\/wp\/v2\/posts\/27374","targetHints":{"allow":["GET"]}}],"collection":[{"href":"https:\/\/batitrakya.live\/index.php\/wp-json\/wp\/v2\/posts"}],"about":[{"href":"https:\/\/batitrakya.live\/index.php\/wp-json\/wp\/v2\/types\/post"}],"author":[{"embeddable":true,"href":"https:\/\/batitrakya.live\/index.php\/wp-json\/wp\/v2\/users\/1"}],"replies":[{"embeddable":true,"href":"https:\/\/batitrakya.live\/index.php\/wp-json\/wp\/v2\/comments?post=27374"}],"version-history":[{"count":0,"href":"https:\/\/batitrakya.live\/index.php\/wp-json\/wp\/v2\/posts\/27374\/revisions"}],"wp:featuredmedia":[{"embeddable":true,"href":"https:\/\/batitrakya.live\/index.php\/wp-json\/wp\/v2\/media\/27344"}],"wp:attachment":[{"href":"https:\/\/batitrakya.live\/index.php\/wp-json\/wp\/v2\/media?parent=27374"}],"wp:term":[{"taxonomy":"category","embeddable":true,"href":"https:\/\/batitrakya.live\/index.php\/wp-json\/wp\/v2\/categories?post=27374"},{"taxonomy":"post_tag","embeddable":true,"href":"https:\/\/batitrakya.live\/index.php\/wp-json\/wp\/v2\/tags?post=27374"}],"curies":[{"name":"wp","href":"https:\/\/api.w.org\/{rel}","templated":true}]}}