{"id":27332,"date":"2020-09-21T23:18:38","date_gmt":"2020-09-21T20:18:38","guid":{"rendered":"http:\/\/batitrakya.live\/?p=27332"},"modified":"2020-09-21T23:18:38","modified_gmt":"2020-09-21T20:18:38","slug":"siginmaci-kampinda-243-vaka-tespit-edildi","status":"publish","type":"post","link":"https:\/\/batitrakya.live\/index.php\/siginmaci-kampinda-243-vaka-tespit-edildi\/","title":{"rendered":"S\u0131\u011f\u0131nmac\u0131 kamp\u0131nda 243 vaka tespit edildi&#8230;"},"content":{"rendered":"<p>Midilli Karatepe\u2019deki yeni s\u0131\u011f\u0131nmac\u0131 kamp\u0131nda yap\u0131lan testler sonucunda 243 Kovid -19 vakas\u0131 tespit edildi. Ulusal Kamu Sa\u011fl\u0131\u011f\u0131 Kurumu ekipleri taraf\u0131ndan yap\u0131lan testlerin 12 \u2013 20 Eyl\u00fcl tarihlerinde ger\u00e7ekle\u015ftirildi\u011fi bildirildi.<\/p>\n<p>Sekiz g\u00fcn i\u00e7inde toplam 7.064 s\u0131\u011f\u0131nmac\u0131 \u00fczerinde yap\u0131lan Kovid -19 testinden 243\u2019\u00fc (y\u00fczde 3,44) pozitif \u00e7\u0131kt\u0131. Bunlar\u0131n 128\u2019inin erkek, 115\u2019inin ise kad\u0131n oldu\u011fu ifade edildi.<\/p>\n<p>S\u0131\u011f\u0131nmac\u0131lar\u0131n yan\u0131 s\u0131ra farkl\u0131 sivil toplum kurulu\u015flar\u0131na \u00fcye 40 ki\u015fi ve 120 polise de test yap\u0131ld\u0131. S\u00f6z konusu testlerden ise pozitif \u00e7\u0131kan olmad\u0131.<\/p>\n","protected":false},"excerpt":{"rendered":"<p>Midilli Karatepe\u2019deki yeni s\u0131\u011f\u0131nmac\u0131 kamp\u0131nda yap\u0131lan testler sonucunda 243 Kovid -19 vakas\u0131 tespit edildi. Ulusal Kamu Sa\u011fl\u0131\u011f\u0131 Kurumu ekipleri taraf\u0131ndan yap\u0131lan testlerin 12 \u2013 20 Eyl\u00fcl tarihlerinde ger\u00e7ekle\u015ftirildi\u011fi bildirildi. Sekiz g\u00fcn i\u00e7inde toplam 7.064 s\u0131\u011f\u0131nmac\u0131 \u00fczerinde yap\u0131lan Kovid -19 testinden 243\u2019\u00fc (y\u00fczde 3,44) pozitif \u00e7\u0131kt\u0131. Bunlar\u0131n 128\u2019inin erkek, 115\u2019inin ise kad\u0131n oldu\u011fu ifade edildi. S\u0131\u011f\u0131nmac\u0131lar\u0131n &hellip;<\/p>\n","protected":false},"author":1,"featured_media":0,"comment_status":"open","ping_status":"open","sticky":false,"template":"","format":"standard","meta":{"footnotes":""},"categories":[57],"tags":[56,138,267],"class_list":["post-27332","post","type-post","status-publish","format-standard","hentry","category-yunanistan","tag-ege","tag-korona","tag-multeci"],"yoast_head":"<!-- This site is optimized with the Yoast SEO Premium plugin v26.3 (Yoast SEO v27.3) - https:\/\/yoast.com\/product\/yoast-seo-premium-wordpress\/ -->\n<title>S\u0131\u011f\u0131nmac\u0131 kamp\u0131nda 243 vaka tespit edildi... - Bat\u0131 Trakya Haber<\/title>\n<meta name=\"robots\" content=\"index, follow, max-snippet:-1, max-image-preview:large, max-video-preview:-1\" \/>\n<link rel=\"canonical\" href=\"https:\/\/batitrakya.live\/index.php\/siginmaci-kampinda-243-vaka-tespit-edildi\/\" \/>\n<meta property=\"og:locale\" content=\"tr_TR\" \/>\n<meta property=\"og:type\" content=\"article\" \/>\n<meta property=\"og:title\" content=\"S\u0131\u011f\u0131nmac\u0131 kamp\u0131nda 243 vaka tespit edildi...\" \/>\n<meta property=\"og:description\" content=\"Midilli Karatepe\u2019deki yeni s\u0131\u011f\u0131nmac\u0131 kamp\u0131nda yap\u0131lan testler sonucunda 243 Kovid -19 vakas\u0131 tespit edildi. Ulusal Kamu Sa\u011fl\u0131\u011f\u0131 Kurumu ekipleri taraf\u0131ndan yap\u0131lan testlerin 12 \u2013 20 Eyl\u00fcl tarihlerinde ger\u00e7ekle\u015ftirildi\u011fi bildirildi. Sekiz g\u00fcn i\u00e7inde toplam 7.064 s\u0131\u011f\u0131nmac\u0131 \u00fczerinde yap\u0131lan Kovid -19 testinden 243\u2019\u00fc (y\u00fczde 3,44) pozitif \u00e7\u0131kt\u0131. Bunlar\u0131n 128\u2019inin erkek, 115\u2019inin ise kad\u0131n oldu\u011fu ifade edildi. S\u0131\u011f\u0131nmac\u0131lar\u0131n &hellip;\" \/>\n<meta property=\"og:url\" content=\"https:\/\/batitrakya.live\/index.php\/siginmaci-kampinda-243-vaka-tespit-edildi\/\" \/>\n<meta property=\"og:site_name\" content=\"Bat\u0131 Trakya Haber\" \/>\n<meta property=\"article:published_time\" content=\"2020-09-21T20:18:38+00:00\" \/>\n<meta property=\"og:image\" content=\"https:\/\/batitrakya.live\/wp-content\/uploads\/2021\/02\/cropped-aytrakya.png\" \/>\n\t<meta property=\"og:image:width\" content=\"512\" \/>\n\t<meta property=\"og:image:height\" content=\"512\" \/>\n\t<meta property=\"og:image:type\" content=\"image\/png\" \/>\n<meta name=\"author\" content=\"tamer\" \/>\n<meta name=\"twitter:card\" content=\"summary_large_image\" \/>\n<meta name=\"twitter:label1\" content=\"Yazan:\" \/>\n\t<meta name=\"twitter:data1\" content=\"tamer\" \/>\n<script type=\"application\/ld+json\" class=\"yoast-schema-graph\">{\"@context\":\"https:\\\/\\\/schema.org\",\"@graph\":[{\"@type\":\"Article\",\"@id\":\"https:\\\/\\\/batitrakya.live\\\/index.php\\\/siginmaci-kampinda-243-vaka-tespit-edildi\\\/#article\",\"isPartOf\":{\"@id\":\"https:\\\/\\\/batitrakya.live\\\/index.php\\\/siginmaci-kampinda-243-vaka-tespit-edildi\\\/\"},\"author\":{\"name\":\"tamer\",\"@id\":\"https:\\\/\\\/batitrakya.live\\\/#\\\/schema\\\/person\\\/61b86abbc19e5fa0bbc3059670546fe5\"},\"headline\":\"S\u0131\u011f\u0131nmac\u0131 kamp\u0131nda 243 vaka tespit edildi&#8230;\",\"datePublished\":\"2020-09-21T20:18:38+00:00\",\"mainEntityOfPage\":{\"@id\":\"https:\\\/\\\/batitrakya.live\\\/index.php\\\/siginmaci-kampinda-243-vaka-tespit-edildi\\\/\"},\"wordCount\":103,\"commentCount\":0,\"keywords\":[\"Ege\",\"Koronavirus(covid-19)\",\"M\u00fclteci\"],\"articleSection\":[\"Yunanistan Haber\"],\"inLanguage\":\"tr\",\"potentialAction\":[{\"@type\":\"CommentAction\",\"name\":\"Comment\",\"target\":[\"https:\\\/\\\/batitrakya.live\\\/index.php\\\/siginmaci-kampinda-243-vaka-tespit-edildi\\\/#respond\"]}],\"copyrightYear\":\"2020\",\"copyrightHolder\":{\"@id\":\"https:\\\/\\\/batitrakya.live\\\/#organization\"}},{\"@type\":\"WebPage\",\"@id\":\"https:\\\/\\\/batitrakya.live\\\/index.php\\\/siginmaci-kampinda-243-vaka-tespit-edildi\\\/\",\"url\":\"https:\\\/\\\/batitrakya.live\\\/index.php\\\/siginmaci-kampinda-243-vaka-tespit-edildi\\\/\",\"name\":\"S\u0131\u011f\u0131nmac\u0131 kamp\u0131nda 243 vaka tespit edildi... - Bat\u0131 Trakya Haber\",\"isPartOf\":{\"@id\":\"https:\\\/\\\/batitrakya.live\\\/#website\"},\"datePublished\":\"2020-09-21T20:18:38+00:00\",\"author\":{\"@id\":\"https:\\\/\\\/batitrakya.live\\\/#\\\/schema\\\/person\\\/61b86abbc19e5fa0bbc3059670546fe5\"},\"breadcrumb\":{\"@id\":\"https:\\\/\\\/batitrakya.live\\\/index.php\\\/siginmaci-kampinda-243-vaka-tespit-edildi\\\/#breadcrumb\"},\"inLanguage\":\"tr\",\"potentialAction\":[{\"@type\":\"ReadAction\",\"target\":[\"https:\\\/\\\/batitrakya.live\\\/index.php\\\/siginmaci-kampinda-243-vaka-tespit-edildi\\\/\"]}]},{\"@type\":\"BreadcrumbList\",\"@id\":\"https:\\\/\\\/batitrakya.live\\\/index.php\\\/siginmaci-kampinda-243-vaka-tespit-edildi\\\/#breadcrumb\",\"itemListElement\":[{\"@type\":\"ListItem\",\"position\":1,\"name\":\"Anasayfa\",\"item\":\"https:\\\/\\\/batitrakya.live\\\/\"},{\"@type\":\"ListItem\",\"position\":2,\"name\":\"S\u0131\u011f\u0131nmac\u0131 kamp\u0131nda 243 vaka tespit edildi&#8230;\"}]},{\"@type\":\"WebSite\",\"@id\":\"https:\\\/\\\/batitrakya.live\\\/#website\",\"url\":\"https:\\\/\\\/batitrakya.live\\\/\",\"name\":\"Bat\u0131 Trakya Haber\",\"description\":\"Bat\u0131 Trakyan\u0131n internetteki sesi..\",\"potentialAction\":[{\"@type\":\"SearchAction\",\"target\":{\"@type\":\"EntryPoint\",\"urlTemplate\":\"https:\\\/\\\/batitrakya.live\\\/?s={search_term_string}\"},\"query-input\":{\"@type\":\"PropertyValueSpecification\",\"valueRequired\":true,\"valueName\":\"search_term_string\"}}],\"inLanguage\":\"tr\"},{\"@type\":\"Person\",\"@id\":\"https:\\\/\\\/batitrakya.live\\\/#\\\/schema\\\/person\\\/61b86abbc19e5fa0bbc3059670546fe5\",\"name\":\"tamer\",\"image\":{\"@type\":\"ImageObject\",\"inLanguage\":\"tr\",\"@id\":\"https:\\\/\\\/secure.gravatar.com\\\/avatar\\\/60b0ff14c4376999cea9565d28b91fc61ff0f727c28cd083506a6d83ad6df9c9?s=96&d=mm&r=g\",\"url\":\"https:\\\/\\\/secure.gravatar.com\\\/avatar\\\/60b0ff14c4376999cea9565d28b91fc61ff0f727c28cd083506a6d83ad6df9c9?s=96&d=mm&r=g\",\"contentUrl\":\"https:\\\/\\\/secure.gravatar.com\\\/avatar\\\/60b0ff14c4376999cea9565d28b91fc61ff0f727c28cd083506a6d83ad6df9c9?s=96&d=mm&r=g\",\"caption\":\"tamer\"},\"sameAs\":[\"https:\\\/\\\/batitrakya.live\"],\"url\":\"https:\\\/\\\/batitrakya.live\\\/index.php\\\/author\\\/tamer\\\/\"}]}<\/script>\n<!-- \/ Yoast SEO Premium plugin. -->","yoast_head_json":{"title":"S\u0131\u011f\u0131nmac\u0131 kamp\u0131nda 243 vaka tespit edildi... - Bat\u0131 Trakya Haber","robots":{"index":"index","follow":"follow","max-snippet":"max-snippet:-1","max-image-preview":"max-image-preview:large","max-video-preview":"max-video-preview:-1"},"canonical":"https:\/\/batitrakya.live\/index.php\/siginmaci-kampinda-243-vaka-tespit-edildi\/","og_locale":"tr_TR","og_type":"article","og_title":"S\u0131\u011f\u0131nmac\u0131 kamp\u0131nda 243 vaka tespit edildi...","og_description":"Midilli Karatepe\u2019deki yeni s\u0131\u011f\u0131nmac\u0131 kamp\u0131nda yap\u0131lan testler sonucunda 243 Kovid -19 vakas\u0131 tespit edildi. Ulusal Kamu Sa\u011fl\u0131\u011f\u0131 Kurumu ekipleri taraf\u0131ndan yap\u0131lan testlerin 12 \u2013 20 Eyl\u00fcl tarihlerinde ger\u00e7ekle\u015ftirildi\u011fi bildirildi. Sekiz g\u00fcn i\u00e7inde toplam 7.064 s\u0131\u011f\u0131nmac\u0131 \u00fczerinde yap\u0131lan Kovid -19 testinden 243\u2019\u00fc (y\u00fczde 3,44) pozitif \u00e7\u0131kt\u0131. Bunlar\u0131n 128\u2019inin erkek, 115\u2019inin ise kad\u0131n oldu\u011fu ifade edildi. S\u0131\u011f\u0131nmac\u0131lar\u0131n &hellip;","og_url":"https:\/\/batitrakya.live\/index.php\/siginmaci-kampinda-243-vaka-tespit-edildi\/","og_site_name":"Bat\u0131 Trakya Haber","article_published_time":"2020-09-21T20:18:38+00:00","og_image":[{"width":512,"height":512,"url":"https:\/\/batitrakya.live\/wp-content\/uploads\/2021\/02\/cropped-aytrakya.png","type":"image\/png"}],"author":"tamer","twitter_card":"summary_large_image","twitter_misc":{"Yazan:":"tamer"},"schema":{"@context":"https:\/\/schema.org","@graph":[{"@type":"Article","@id":"https:\/\/batitrakya.live\/index.php\/siginmaci-kampinda-243-vaka-tespit-edildi\/#article","isPartOf":{"@id":"https:\/\/batitrakya.live\/index.php\/siginmaci-kampinda-243-vaka-tespit-edildi\/"},"author":{"name":"tamer","@id":"https:\/\/batitrakya.live\/#\/schema\/person\/61b86abbc19e5fa0bbc3059670546fe5"},"headline":"S\u0131\u011f\u0131nmac\u0131 kamp\u0131nda 243 vaka tespit edildi&#8230;","datePublished":"2020-09-21T20:18:38+00:00","mainEntityOfPage":{"@id":"https:\/\/batitrakya.live\/index.php\/siginmaci-kampinda-243-vaka-tespit-edildi\/"},"wordCount":103,"commentCount":0,"keywords":["Ege","Koronavirus(covid-19)","M\u00fclteci"],"articleSection":["Yunanistan Haber"],"inLanguage":"tr","potentialAction":[{"@type":"CommentAction","name":"Comment","target":["https:\/\/batitrakya.live\/index.php\/siginmaci-kampinda-243-vaka-tespit-edildi\/#respond"]}],"copyrightYear":"2020","copyrightHolder":{"@id":"https:\/\/batitrakya.live\/#organization"}},{"@type":"WebPage","@id":"https:\/\/batitrakya.live\/index.php\/siginmaci-kampinda-243-vaka-tespit-edildi\/","url":"https:\/\/batitrakya.live\/index.php\/siginmaci-kampinda-243-vaka-tespit-edildi\/","name":"S\u0131\u011f\u0131nmac\u0131 kamp\u0131nda 243 vaka tespit edildi... - Bat\u0131 Trakya Haber","isPartOf":{"@id":"https:\/\/batitrakya.live\/#website"},"datePublished":"2020-09-21T20:18:38+00:00","author":{"@id":"https:\/\/batitrakya.live\/#\/schema\/person\/61b86abbc19e5fa0bbc3059670546fe5"},"breadcrumb":{"@id":"https:\/\/batitrakya.live\/index.php\/siginmaci-kampinda-243-vaka-tespit-edildi\/#breadcrumb"},"inLanguage":"tr","potentialAction":[{"@type":"ReadAction","target":["https:\/\/batitrakya.live\/index.php\/siginmaci-kampinda-243-vaka-tespit-edildi\/"]}]},{"@type":"BreadcrumbList","@id":"https:\/\/batitrakya.live\/index.php\/siginmaci-kampinda-243-vaka-tespit-edildi\/#breadcrumb","itemListElement":[{"@type":"ListItem","position":1,"name":"Anasayfa","item":"https:\/\/batitrakya.live\/"},{"@type":"ListItem","position":2,"name":"S\u0131\u011f\u0131nmac\u0131 kamp\u0131nda 243 vaka tespit edildi&#8230;"}]},{"@type":"WebSite","@id":"https:\/\/batitrakya.live\/#website","url":"https:\/\/batitrakya.live\/","name":"Bat\u0131 Trakya Haber","description":"Bat\u0131 Trakyan\u0131n internetteki sesi..","potentialAction":[{"@type":"SearchAction","target":{"@type":"EntryPoint","urlTemplate":"https:\/\/batitrakya.live\/?s={search_term_string}"},"query-input":{"@type":"PropertyValueSpecification","valueRequired":true,"valueName":"search_term_string"}}],"inLanguage":"tr"},{"@type":"Person","@id":"https:\/\/batitrakya.live\/#\/schema\/person\/61b86abbc19e5fa0bbc3059670546fe5","name":"tamer","image":{"@type":"ImageObject","inLanguage":"tr","@id":"https:\/\/secure.gravatar.com\/avatar\/60b0ff14c4376999cea9565d28b91fc61ff0f727c28cd083506a6d83ad6df9c9?s=96&d=mm&r=g","url":"https:\/\/secure.gravatar.com\/avatar\/60b0ff14c4376999cea9565d28b91fc61ff0f727c28cd083506a6d83ad6df9c9?s=96&d=mm&r=g","contentUrl":"https:\/\/secure.gravatar.com\/avatar\/60b0ff14c4376999cea9565d28b91fc61ff0f727c28cd083506a6d83ad6df9c9?s=96&d=mm&r=g","caption":"tamer"},"sameAs":["https:\/\/batitrakya.live"],"url":"https:\/\/batitrakya.live\/index.php\/author\/tamer\/"}]}},"_links":{"self":[{"href":"https:\/\/batitrakya.live\/index.php\/wp-json\/wp\/v2\/posts\/27332","targetHints":{"allow":["GET"]}}],"collection":[{"href":"https:\/\/batitrakya.live\/index.php\/wp-json\/wp\/v2\/posts"}],"about":[{"href":"https:\/\/batitrakya.live\/index.php\/wp-json\/wp\/v2\/types\/post"}],"author":[{"embeddable":true,"href":"https:\/\/batitrakya.live\/index.php\/wp-json\/wp\/v2\/users\/1"}],"replies":[{"embeddable":true,"href":"https:\/\/batitrakya.live\/index.php\/wp-json\/wp\/v2\/comments?post=27332"}],"version-history":[{"count":0,"href":"https:\/\/batitrakya.live\/index.php\/wp-json\/wp\/v2\/posts\/27332\/revisions"}],"wp:attachment":[{"href":"https:\/\/batitrakya.live\/index.php\/wp-json\/wp\/v2\/media?parent=27332"}],"wp:term":[{"taxonomy":"category","embeddable":true,"href":"https:\/\/batitrakya.live\/index.php\/wp-json\/wp\/v2\/categories?post=27332"},{"taxonomy":"post_tag","embeddable":true,"href":"https:\/\/batitrakya.live\/index.php\/wp-json\/wp\/v2\/tags?post=27332"}],"curies":[{"name":"wp","href":"https:\/\/api.w.org\/{rel}","templated":true}]}}