{"id":27316,"date":"2020-09-20T13:08:28","date_gmt":"2020-09-20T10:08:28","guid":{"rendered":"http:\/\/batitrakya.live\/?p=27316"},"modified":"2020-09-20T13:08:28","modified_gmt":"2020-09-20T10:08:28","slug":"ukraynada-birlik-kirim-tatar-kultur-merkezi-acildi","status":"publish","type":"post","link":"https:\/\/batitrakya.live\/index.php\/ukraynada-birlik-kirim-tatar-kultur-merkezi-acildi\/","title":{"rendered":"Ukrayna&#8217;da &#8216;Birlik K\u0131r\u0131m Tatar K\u00fclt\u00fcr Merkezi&#8217; a\u00e7\u0131ld\u0131&#8230;"},"content":{"rendered":"<p>Ukrayna&#8217;n\u0131n ba\u015fkent Kiev&#8217;in \u00c7ayka il\u00e7esinde <em><strong>&#8220;Birlik K\u0131r\u0131m Tatar K\u00fclt\u00fcr Merkezi&#8221;<\/strong><\/em> a\u00e7\u0131l\u0131\u015f\u0131nda K\u0131r\u0131m Tatar halk\u0131n\u0131n lideri Mustafa Abd\u00fclcemil K\u0131r\u0131mo\u011flu,<\/p>\n<p>K\u0131r\u0131m&#8217;\u0131n ilhak\u0131ndan sonra yakla\u015f\u0131k 25-30 bin K\u0131r\u0131m Tatar\u0131&#8217;n\u0131n vatanlar\u0131n\u0131 terk edip Ukrayna ana topra\u011f\u0131na ge\u00e7mek zorunda kald\u0131\u011f\u0131n\u0131 belirterek,<em><strong> &#8220;Burada ya\u015fayan K\u0131r\u0131m Taralar\u0131 i\u00e7in b\u00f6yle merkezler a\u00e7\u0131lmas\u0131 \u00f6rf ve adetlerini korumak i\u00e7in \u00e7ok \u00f6nemli. Bu merkezin a\u00e7\u0131lmas\u0131nda yard\u0131m\u0131 ge\u00e7enlere te\u015fekk\u00fcr ederim.&#8221;<\/strong> <\/em>dedi.<\/p>\n<p>K\u0131r\u0131m Tatar Milli Meclisi Ba\u015fkan\u0131 Refat \u00c7ubarov ise bug\u00fcnk\u00fc a\u00e7\u0131l\u0131\u015fla \u00f6nemli bir olaya tan\u0131k olduklar\u0131n\u0131 s\u00f6yledi.<\/p>\n<p><a href=\"https:\/\/batitrakya.live\/wp-content\/uploads\/2020\/09\/kirim_birlik.jpg\"><img loading=\"lazy\" decoding=\"async\" class=\"aligncenter size-full wp-image-27318\" src=\"https:\/\/batitrakya.live\/wp-content\/uploads\/2020\/09\/kirim_birlik.jpg\" alt=\"\" width=\"720\" height=\"348\" srcset=\"https:\/\/batitrakya.live\/wp-content\/uploads\/2020\/09\/kirim_birlik.jpg 720w, https:\/\/batitrakya.live\/wp-content\/uploads\/2020\/09\/kirim_birlik-300x145.jpg 300w\" sizes=\"auto, (max-width: 720px) 100vw, 720px\" \/><\/a><\/p>\n<p><em><strong>&#8220;350 senelik bir K\u0131r\u0131m Hanl\u0131\u011f\u0131m\u0131z vard\u0131. 350 senelik bir devlet d\u00fcnyada \u00e7ok de\u011fildir.&#8221; diyen \u00c7ubarov, K\u0131r\u0131m Tatarlar\u0131n\u0131n kendi devletlerinde ama kendi topraklar\u0131nda olmad\u0131\u011f\u0131n\u0131 belirterek bu gibi projelerle birlik olmak gerekti\u011fini kaydetti.<\/strong><\/em><\/p>\n<p><em><strong>T\u00fcrkiye&#8217;nin Kiev B\u00fcy\u00fckel\u00e7isi Ya\u011fmur Ahmet G\u00fcldere, K\u0131r\u0131m Tatarlar\u0131 i\u00e7in kolay zamanlar olmad\u0131\u011f\u0131n\u0131, zorluklar\u0131n fark\u0131nda olduklar\u0131n\u0131 belirterek, &#8220;Yaln\u0131z de\u011filsiniz ve hi\u00e7bir zaman da olmad\u0131n\u0131z. T\u00fcrkiye ge\u00e7mi\u015fteki gibi K\u0131r\u0131m Tatarlar\u0131na yard\u0131m etmeye devam edecektir. Bu sabah D\u0131\u015fi\u015fleri Bakanl\u0131\u011f\u0131 da \u00f6nceki g\u00fcnlerde hapse mahkum olan K\u0131r\u0131m Tatarlar\u0131 i\u00e7in tepkisini ortaya koymu\u015ftur.&#8221;<\/strong><\/em> ifadesini kulland\u0131.<\/p>\n<p>A\u00e7\u0131l\u0131\u015fta Ukrayna Parlamentosu Milletvekili ve T\u00fcrkiye Dostluk Grubu Ba\u015fkan\u0131 R\u00fcstem Umerov ile Ukrayna Devlet Ba\u015fkanl\u0131\u011f\u0131 K\u0131r\u0131m Daimi Temsilcisi Anton Korinevi\u00e7 de g\u00f6r\u00fc\u015flerini ifade etti.<\/p>\n","protected":false},"excerpt":{"rendered":"<p>Ukrayna&#8217;n\u0131n ba\u015fkent Kiev&#8217;in \u00c7ayka il\u00e7esinde &#8220;Birlik K\u0131r\u0131m Tatar K\u00fclt\u00fcr Merkezi&#8221; a\u00e7\u0131l\u0131\u015f\u0131nda K\u0131r\u0131m Tatar halk\u0131n\u0131n lideri Mustafa Abd\u00fclcemil K\u0131r\u0131mo\u011flu, K\u0131r\u0131m&#8217;\u0131n ilhak\u0131ndan sonra yakla\u015f\u0131k 25-30 bin K\u0131r\u0131m Tatar\u0131&#8217;n\u0131n vatanlar\u0131n\u0131 terk edip Ukrayna ana topra\u011f\u0131na ge\u00e7mek zorunda kald\u0131\u011f\u0131n\u0131 belirterek, &#8220;Burada ya\u015fayan K\u0131r\u0131m Taralar\u0131 i\u00e7in b\u00f6yle merkezler a\u00e7\u0131lmas\u0131 \u00f6rf ve adetlerini korumak i\u00e7in \u00e7ok \u00f6nemli. Bu merkezin a\u00e7\u0131lmas\u0131nda yard\u0131m\u0131 &hellip;<\/p>\n","protected":false},"author":1,"featured_media":27317,"comment_status":"open","ping_status":"open","sticky":false,"template":"","format":"standard","meta":{"footnotes":""},"categories":[46],"tags":[],"class_list":["post-27316","post","type-post","status-publish","format-standard","has-post-thumbnail","hentry","category-balkanlar"],"yoast_head":"<!-- This site is optimized with the Yoast SEO Premium plugin v26.3 (Yoast SEO v27.3) - https:\/\/yoast.com\/product\/yoast-seo-premium-wordpress\/ -->\n<title>Ukrayna&#039;da &#039;Birlik K\u0131r\u0131m Tatar K\u00fclt\u00fcr Merkezi&#039; a\u00e7\u0131ld\u0131... - Bat\u0131 Trakya Haber<\/title>\n<meta name=\"robots\" content=\"index, follow, max-snippet:-1, max-image-preview:large, max-video-preview:-1\" \/>\n<link rel=\"canonical\" href=\"https:\/\/batitrakya.live\/index.php\/ukraynada-birlik-kirim-tatar-kultur-merkezi-acildi\/\" \/>\n<meta property=\"og:locale\" content=\"tr_TR\" \/>\n<meta property=\"og:type\" content=\"article\" \/>\n<meta property=\"og:title\" content=\"Ukrayna&#039;da &#039;Birlik K\u0131r\u0131m Tatar K\u00fclt\u00fcr Merkezi&#039; a\u00e7\u0131ld\u0131...\" \/>\n<meta property=\"og:description\" content=\"Ukrayna&#8217;n\u0131n ba\u015fkent Kiev&#8217;in \u00c7ayka il\u00e7esinde &#8220;Birlik K\u0131r\u0131m Tatar K\u00fclt\u00fcr Merkezi&#8221; a\u00e7\u0131l\u0131\u015f\u0131nda K\u0131r\u0131m Tatar halk\u0131n\u0131n lideri Mustafa Abd\u00fclcemil K\u0131r\u0131mo\u011flu, K\u0131r\u0131m&#8217;\u0131n ilhak\u0131ndan sonra yakla\u015f\u0131k 25-30 bin K\u0131r\u0131m Tatar\u0131&#8217;n\u0131n vatanlar\u0131n\u0131 terk edip Ukrayna ana topra\u011f\u0131na ge\u00e7mek zorunda kald\u0131\u011f\u0131n\u0131 belirterek, &#8220;Burada ya\u015fayan K\u0131r\u0131m Taralar\u0131 i\u00e7in b\u00f6yle merkezler a\u00e7\u0131lmas\u0131 \u00f6rf ve adetlerini korumak i\u00e7in \u00e7ok \u00f6nemli. Bu merkezin a\u00e7\u0131lmas\u0131nda yard\u0131m\u0131 &hellip;\" \/>\n<meta property=\"og:url\" content=\"https:\/\/batitrakya.live\/index.php\/ukraynada-birlik-kirim-tatar-kultur-merkezi-acildi\/\" \/>\n<meta property=\"og:site_name\" content=\"Bat\u0131 Trakya Haber\" \/>\n<meta property=\"article:published_time\" content=\"2020-09-20T10:08:28+00:00\" \/>\n<meta property=\"og:image\" content=\"https:\/\/batitrakya.live\/wp-content\/uploads\/2020\/09\/kirim_birlik1.jpg\" \/>\n\t<meta property=\"og:image:width\" content=\"720\" \/>\n\t<meta property=\"og:image:height\" content=\"348\" \/>\n\t<meta property=\"og:image:type\" content=\"image\/jpeg\" \/>\n<meta name=\"author\" content=\"tamer\" \/>\n<meta name=\"twitter:card\" content=\"summary_large_image\" \/>\n<meta name=\"twitter:label1\" content=\"Yazan:\" \/>\n\t<meta name=\"twitter:data1\" content=\"tamer\" \/>\n\t<meta name=\"twitter:label2\" content=\"Tahmini okuma s\u00fcresi\" \/>\n\t<meta name=\"twitter:data2\" content=\"1 dakika\" \/>\n<script type=\"application\/ld+json\" class=\"yoast-schema-graph\">{\"@context\":\"https:\\\/\\\/schema.org\",\"@graph\":[{\"@type\":\"Article\",\"@id\":\"https:\\\/\\\/batitrakya.live\\\/index.php\\\/ukraynada-birlik-kirim-tatar-kultur-merkezi-acildi\\\/#article\",\"isPartOf\":{\"@id\":\"https:\\\/\\\/batitrakya.live\\\/index.php\\\/ukraynada-birlik-kirim-tatar-kultur-merkezi-acildi\\\/\"},\"author\":{\"name\":\"tamer\",\"@id\":\"https:\\\/\\\/batitrakya.live\\\/#\\\/schema\\\/person\\\/61b86abbc19e5fa0bbc3059670546fe5\"},\"headline\":\"Ukrayna&#8217;da &#8216;Birlik K\u0131r\u0131m Tatar K\u00fclt\u00fcr Merkezi&#8217; a\u00e7\u0131ld\u0131&#8230;\",\"datePublished\":\"2020-09-20T10:08:28+00:00\",\"mainEntityOfPage\":{\"@id\":\"https:\\\/\\\/batitrakya.live\\\/index.php\\\/ukraynada-birlik-kirim-tatar-kultur-merkezi-acildi\\\/\"},\"wordCount\":301,\"commentCount\":0,\"image\":{\"@id\":\"https:\\\/\\\/batitrakya.live\\\/index.php\\\/ukraynada-birlik-kirim-tatar-kultur-merkezi-acildi\\\/#primaryimage\"},\"thumbnailUrl\":\"https:\\\/\\\/batitrakya.live\\\/wp-content\\\/uploads\\\/2020\\\/09\\\/kirim_birlik1.jpg\",\"articleSection\":[\"Balkanlar | Avrupa Haber\"],\"inLanguage\":\"tr\",\"potentialAction\":[{\"@type\":\"CommentAction\",\"name\":\"Comment\",\"target\":[\"https:\\\/\\\/batitrakya.live\\\/index.php\\\/ukraynada-birlik-kirim-tatar-kultur-merkezi-acildi\\\/#respond\"]}],\"copyrightYear\":\"2020\",\"copyrightHolder\":{\"@id\":\"https:\\\/\\\/batitrakya.live\\\/#organization\"}},{\"@type\":\"WebPage\",\"@id\":\"https:\\\/\\\/batitrakya.live\\\/index.php\\\/ukraynada-birlik-kirim-tatar-kultur-merkezi-acildi\\\/\",\"url\":\"https:\\\/\\\/batitrakya.live\\\/index.php\\\/ukraynada-birlik-kirim-tatar-kultur-merkezi-acildi\\\/\",\"name\":\"Ukrayna'da 'Birlik K\u0131r\u0131m Tatar K\u00fclt\u00fcr Merkezi' a\u00e7\u0131ld\u0131... - Bat\u0131 Trakya Haber\",\"isPartOf\":{\"@id\":\"https:\\\/\\\/batitrakya.live\\\/#website\"},\"primaryImageOfPage\":{\"@id\":\"https:\\\/\\\/batitrakya.live\\\/index.php\\\/ukraynada-birlik-kirim-tatar-kultur-merkezi-acildi\\\/#primaryimage\"},\"image\":{\"@id\":\"https:\\\/\\\/batitrakya.live\\\/index.php\\\/ukraynada-birlik-kirim-tatar-kultur-merkezi-acildi\\\/#primaryimage\"},\"thumbnailUrl\":\"https:\\\/\\\/batitrakya.live\\\/wp-content\\\/uploads\\\/2020\\\/09\\\/kirim_birlik1.jpg\",\"datePublished\":\"2020-09-20T10:08:28+00:00\",\"author\":{\"@id\":\"https:\\\/\\\/batitrakya.live\\\/#\\\/schema\\\/person\\\/61b86abbc19e5fa0bbc3059670546fe5\"},\"breadcrumb\":{\"@id\":\"https:\\\/\\\/batitrakya.live\\\/index.php\\\/ukraynada-birlik-kirim-tatar-kultur-merkezi-acildi\\\/#breadcrumb\"},\"inLanguage\":\"tr\",\"potentialAction\":[{\"@type\":\"ReadAction\",\"target\":[\"https:\\\/\\\/batitrakya.live\\\/index.php\\\/ukraynada-birlik-kirim-tatar-kultur-merkezi-acildi\\\/\"]}]},{\"@type\":\"ImageObject\",\"inLanguage\":\"tr\",\"@id\":\"https:\\\/\\\/batitrakya.live\\\/index.php\\\/ukraynada-birlik-kirim-tatar-kultur-merkezi-acildi\\\/#primaryimage\",\"url\":\"https:\\\/\\\/batitrakya.live\\\/wp-content\\\/uploads\\\/2020\\\/09\\\/kirim_birlik1.jpg\",\"contentUrl\":\"https:\\\/\\\/batitrakya.live\\\/wp-content\\\/uploads\\\/2020\\\/09\\\/kirim_birlik1.jpg\",\"width\":720,\"height\":348},{\"@type\":\"BreadcrumbList\",\"@id\":\"https:\\\/\\\/batitrakya.live\\\/index.php\\\/ukraynada-birlik-kirim-tatar-kultur-merkezi-acildi\\\/#breadcrumb\",\"itemListElement\":[{\"@type\":\"ListItem\",\"position\":1,\"name\":\"Anasayfa\",\"item\":\"https:\\\/\\\/batitrakya.live\\\/\"},{\"@type\":\"ListItem\",\"position\":2,\"name\":\"Ukrayna&#8217;da &#8216;Birlik K\u0131r\u0131m Tatar K\u00fclt\u00fcr Merkezi&#8217; a\u00e7\u0131ld\u0131&#8230;\"}]},{\"@type\":\"WebSite\",\"@id\":\"https:\\\/\\\/batitrakya.live\\\/#website\",\"url\":\"https:\\\/\\\/batitrakya.live\\\/\",\"name\":\"Bat\u0131 Trakya Haber\",\"description\":\"Bat\u0131 Trakyan\u0131n internetteki sesi..\",\"potentialAction\":[{\"@type\":\"SearchAction\",\"target\":{\"@type\":\"EntryPoint\",\"urlTemplate\":\"https:\\\/\\\/batitrakya.live\\\/?s={search_term_string}\"},\"query-input\":{\"@type\":\"PropertyValueSpecification\",\"valueRequired\":true,\"valueName\":\"search_term_string\"}}],\"inLanguage\":\"tr\"},{\"@type\":\"Person\",\"@id\":\"https:\\\/\\\/batitrakya.live\\\/#\\\/schema\\\/person\\\/61b86abbc19e5fa0bbc3059670546fe5\",\"name\":\"tamer\",\"image\":{\"@type\":\"ImageObject\",\"inLanguage\":\"tr\",\"@id\":\"https:\\\/\\\/secure.gravatar.com\\\/avatar\\\/60b0ff14c4376999cea9565d28b91fc61ff0f727c28cd083506a6d83ad6df9c9?s=96&d=mm&r=g\",\"url\":\"https:\\\/\\\/secure.gravatar.com\\\/avatar\\\/60b0ff14c4376999cea9565d28b91fc61ff0f727c28cd083506a6d83ad6df9c9?s=96&d=mm&r=g\",\"contentUrl\":\"https:\\\/\\\/secure.gravatar.com\\\/avatar\\\/60b0ff14c4376999cea9565d28b91fc61ff0f727c28cd083506a6d83ad6df9c9?s=96&d=mm&r=g\",\"caption\":\"tamer\"},\"sameAs\":[\"https:\\\/\\\/batitrakya.live\"],\"url\":\"https:\\\/\\\/batitrakya.live\\\/index.php\\\/author\\\/tamer\\\/\"}]}<\/script>\n<!-- \/ Yoast SEO Premium plugin. -->","yoast_head_json":{"title":"Ukrayna'da 'Birlik K\u0131r\u0131m Tatar K\u00fclt\u00fcr Merkezi' a\u00e7\u0131ld\u0131... - Bat\u0131 Trakya Haber","robots":{"index":"index","follow":"follow","max-snippet":"max-snippet:-1","max-image-preview":"max-image-preview:large","max-video-preview":"max-video-preview:-1"},"canonical":"https:\/\/batitrakya.live\/index.php\/ukraynada-birlik-kirim-tatar-kultur-merkezi-acildi\/","og_locale":"tr_TR","og_type":"article","og_title":"Ukrayna'da 'Birlik K\u0131r\u0131m Tatar K\u00fclt\u00fcr Merkezi' a\u00e7\u0131ld\u0131...","og_description":"Ukrayna&#8217;n\u0131n ba\u015fkent Kiev&#8217;in \u00c7ayka il\u00e7esinde &#8220;Birlik K\u0131r\u0131m Tatar K\u00fclt\u00fcr Merkezi&#8221; a\u00e7\u0131l\u0131\u015f\u0131nda K\u0131r\u0131m Tatar halk\u0131n\u0131n lideri Mustafa Abd\u00fclcemil K\u0131r\u0131mo\u011flu, K\u0131r\u0131m&#8217;\u0131n ilhak\u0131ndan sonra yakla\u015f\u0131k 25-30 bin K\u0131r\u0131m Tatar\u0131&#8217;n\u0131n vatanlar\u0131n\u0131 terk edip Ukrayna ana topra\u011f\u0131na ge\u00e7mek zorunda kald\u0131\u011f\u0131n\u0131 belirterek, &#8220;Burada ya\u015fayan K\u0131r\u0131m Taralar\u0131 i\u00e7in b\u00f6yle merkezler a\u00e7\u0131lmas\u0131 \u00f6rf ve adetlerini korumak i\u00e7in \u00e7ok \u00f6nemli. Bu merkezin a\u00e7\u0131lmas\u0131nda yard\u0131m\u0131 &hellip;","og_url":"https:\/\/batitrakya.live\/index.php\/ukraynada-birlik-kirim-tatar-kultur-merkezi-acildi\/","og_site_name":"Bat\u0131 Trakya Haber","article_published_time":"2020-09-20T10:08:28+00:00","og_image":[{"width":720,"height":348,"url":"https:\/\/batitrakya.live\/wp-content\/uploads\/2020\/09\/kirim_birlik1.jpg","type":"image\/jpeg"}],"author":"tamer","twitter_card":"summary_large_image","twitter_misc":{"Yazan:":"tamer","Tahmini okuma s\u00fcresi":"1 dakika"},"schema":{"@context":"https:\/\/schema.org","@graph":[{"@type":"Article","@id":"https:\/\/batitrakya.live\/index.php\/ukraynada-birlik-kirim-tatar-kultur-merkezi-acildi\/#article","isPartOf":{"@id":"https:\/\/batitrakya.live\/index.php\/ukraynada-birlik-kirim-tatar-kultur-merkezi-acildi\/"},"author":{"name":"tamer","@id":"https:\/\/batitrakya.live\/#\/schema\/person\/61b86abbc19e5fa0bbc3059670546fe5"},"headline":"Ukrayna&#8217;da &#8216;Birlik K\u0131r\u0131m Tatar K\u00fclt\u00fcr Merkezi&#8217; a\u00e7\u0131ld\u0131&#8230;","datePublished":"2020-09-20T10:08:28+00:00","mainEntityOfPage":{"@id":"https:\/\/batitrakya.live\/index.php\/ukraynada-birlik-kirim-tatar-kultur-merkezi-acildi\/"},"wordCount":301,"commentCount":0,"image":{"@id":"https:\/\/batitrakya.live\/index.php\/ukraynada-birlik-kirim-tatar-kultur-merkezi-acildi\/#primaryimage"},"thumbnailUrl":"https:\/\/batitrakya.live\/wp-content\/uploads\/2020\/09\/kirim_birlik1.jpg","articleSection":["Balkanlar | Avrupa Haber"],"inLanguage":"tr","potentialAction":[{"@type":"CommentAction","name":"Comment","target":["https:\/\/batitrakya.live\/index.php\/ukraynada-birlik-kirim-tatar-kultur-merkezi-acildi\/#respond"]}],"copyrightYear":"2020","copyrightHolder":{"@id":"https:\/\/batitrakya.live\/#organization"}},{"@type":"WebPage","@id":"https:\/\/batitrakya.live\/index.php\/ukraynada-birlik-kirim-tatar-kultur-merkezi-acildi\/","url":"https:\/\/batitrakya.live\/index.php\/ukraynada-birlik-kirim-tatar-kultur-merkezi-acildi\/","name":"Ukrayna'da 'Birlik K\u0131r\u0131m Tatar K\u00fclt\u00fcr Merkezi' a\u00e7\u0131ld\u0131... - Bat\u0131 Trakya Haber","isPartOf":{"@id":"https:\/\/batitrakya.live\/#website"},"primaryImageOfPage":{"@id":"https:\/\/batitrakya.live\/index.php\/ukraynada-birlik-kirim-tatar-kultur-merkezi-acildi\/#primaryimage"},"image":{"@id":"https:\/\/batitrakya.live\/index.php\/ukraynada-birlik-kirim-tatar-kultur-merkezi-acildi\/#primaryimage"},"thumbnailUrl":"https:\/\/batitrakya.live\/wp-content\/uploads\/2020\/09\/kirim_birlik1.jpg","datePublished":"2020-09-20T10:08:28+00:00","author":{"@id":"https:\/\/batitrakya.live\/#\/schema\/person\/61b86abbc19e5fa0bbc3059670546fe5"},"breadcrumb":{"@id":"https:\/\/batitrakya.live\/index.php\/ukraynada-birlik-kirim-tatar-kultur-merkezi-acildi\/#breadcrumb"},"inLanguage":"tr","potentialAction":[{"@type":"ReadAction","target":["https:\/\/batitrakya.live\/index.php\/ukraynada-birlik-kirim-tatar-kultur-merkezi-acildi\/"]}]},{"@type":"ImageObject","inLanguage":"tr","@id":"https:\/\/batitrakya.live\/index.php\/ukraynada-birlik-kirim-tatar-kultur-merkezi-acildi\/#primaryimage","url":"https:\/\/batitrakya.live\/wp-content\/uploads\/2020\/09\/kirim_birlik1.jpg","contentUrl":"https:\/\/batitrakya.live\/wp-content\/uploads\/2020\/09\/kirim_birlik1.jpg","width":720,"height":348},{"@type":"BreadcrumbList","@id":"https:\/\/batitrakya.live\/index.php\/ukraynada-birlik-kirim-tatar-kultur-merkezi-acildi\/#breadcrumb","itemListElement":[{"@type":"ListItem","position":1,"name":"Anasayfa","item":"https:\/\/batitrakya.live\/"},{"@type":"ListItem","position":2,"name":"Ukrayna&#8217;da &#8216;Birlik K\u0131r\u0131m Tatar K\u00fclt\u00fcr Merkezi&#8217; a\u00e7\u0131ld\u0131&#8230;"}]},{"@type":"WebSite","@id":"https:\/\/batitrakya.live\/#website","url":"https:\/\/batitrakya.live\/","name":"Bat\u0131 Trakya Haber","description":"Bat\u0131 Trakyan\u0131n internetteki sesi..","potentialAction":[{"@type":"SearchAction","target":{"@type":"EntryPoint","urlTemplate":"https:\/\/batitrakya.live\/?s={search_term_string}"},"query-input":{"@type":"PropertyValueSpecification","valueRequired":true,"valueName":"search_term_string"}}],"inLanguage":"tr"},{"@type":"Person","@id":"https:\/\/batitrakya.live\/#\/schema\/person\/61b86abbc19e5fa0bbc3059670546fe5","name":"tamer","image":{"@type":"ImageObject","inLanguage":"tr","@id":"https:\/\/secure.gravatar.com\/avatar\/60b0ff14c4376999cea9565d28b91fc61ff0f727c28cd083506a6d83ad6df9c9?s=96&d=mm&r=g","url":"https:\/\/secure.gravatar.com\/avatar\/60b0ff14c4376999cea9565d28b91fc61ff0f727c28cd083506a6d83ad6df9c9?s=96&d=mm&r=g","contentUrl":"https:\/\/secure.gravatar.com\/avatar\/60b0ff14c4376999cea9565d28b91fc61ff0f727c28cd083506a6d83ad6df9c9?s=96&d=mm&r=g","caption":"tamer"},"sameAs":["https:\/\/batitrakya.live"],"url":"https:\/\/batitrakya.live\/index.php\/author\/tamer\/"}]}},"_links":{"self":[{"href":"https:\/\/batitrakya.live\/index.php\/wp-json\/wp\/v2\/posts\/27316","targetHints":{"allow":["GET"]}}],"collection":[{"href":"https:\/\/batitrakya.live\/index.php\/wp-json\/wp\/v2\/posts"}],"about":[{"href":"https:\/\/batitrakya.live\/index.php\/wp-json\/wp\/v2\/types\/post"}],"author":[{"embeddable":true,"href":"https:\/\/batitrakya.live\/index.php\/wp-json\/wp\/v2\/users\/1"}],"replies":[{"embeddable":true,"href":"https:\/\/batitrakya.live\/index.php\/wp-json\/wp\/v2\/comments?post=27316"}],"version-history":[{"count":0,"href":"https:\/\/batitrakya.live\/index.php\/wp-json\/wp\/v2\/posts\/27316\/revisions"}],"wp:featuredmedia":[{"embeddable":true,"href":"https:\/\/batitrakya.live\/index.php\/wp-json\/wp\/v2\/media\/27317"}],"wp:attachment":[{"href":"https:\/\/batitrakya.live\/index.php\/wp-json\/wp\/v2\/media?parent=27316"}],"wp:term":[{"taxonomy":"category","embeddable":true,"href":"https:\/\/batitrakya.live\/index.php\/wp-json\/wp\/v2\/categories?post=27316"},{"taxonomy":"post_tag","embeddable":true,"href":"https:\/\/batitrakya.live\/index.php\/wp-json\/wp\/v2\/tags?post=27316"}],"curies":[{"name":"wp","href":"https:\/\/api.w.org\/{rel}","templated":true}]}}