{"id":27245,"date":"2020-09-16T17:38:56","date_gmt":"2020-09-16T14:38:56","guid":{"rendered":"http:\/\/batitrakya.live\/?p=27245"},"modified":"2020-09-16T17:38:56","modified_gmt":"2020-09-16T14:38:56","slug":"alankuyunun-tasinmasi-yonunde-ilk-adim-atilldi","status":"publish","type":"post","link":"https:\/\/batitrakya.live\/index.php\/alankuyunun-tasinmasi-yonunde-ilk-adim-atilldi\/","title":{"rendered":"Alankuyu\u2019nun ta\u015f\u0131nmas\u0131 y\u00f6n\u00fcnde ilk ad\u0131m at\u0131lld\u0131&#8230;"},"content":{"rendered":"<p>Yakla\u015f\u0131k 40 y\u0131ld\u0131r ta\u015f\u0131nmas\u0131 s\u00fcrekli g\u00fcndemde olan fakat bug\u00fcne kadar hi\u00e7bir elle tutulur ad\u0131m at\u0131lmayan G\u00fcm\u00fclcine\u2019nin (Komotini) Alankuyu mahallesinin ta\u015f\u0131nmas\u0131 konusunda ilk ad\u0131m at\u0131ld\u0131.<\/p>\n<p>D\u00fcn (15 Eyl\u00fcl) G\u00fcm\u00fclcine Belediyesi\u2019nin Ekonomi Komisyonu\u2019na ba\u011fl\u0131 \u0130hale Kurumu Alankuyu\u2019nun ta\u015f\u0131nmas\u0131 y\u00f6n\u00fcnde ilk ad\u0131m\u0131 atarak, projenin ger\u00e7ekle\u015fmesini onaylad\u0131.<\/p>\n<p>Ekonomiden Sorumlu Belediye Ba\u015fkan Yard\u0131mc\u0131s\u0131 Dimitris Politiadis, konuyla ilgili olarak, \u00f6zel mekan plan\u0131 a\u015famas\u0131na var\u0131ld\u0131\u011f\u0131n\u0131, bu konuda proje sunan \u015firketin de haz\u0131r oldu\u011funu ancak tek sorunun 55 bin evro tutar\u0131ndaki \u00f6dene\u011fin sa\u011flanmas\u0131 oldu\u011funu a\u00e7\u0131klad\u0131.<\/p>\n<p>G\u00fcm\u00fclcine Belediyesi\u2019nin herhangi bir programdan bu paray\u0131 bulaca\u011f\u0131n\u0131 s\u00f6yleyen Politiadis, i\u015fin zor k\u0131sm\u0131n\u0131n geride kald\u0131\u011f\u0131n\u0131, hukuk\u00ee s\u00fcrecin tamamlanmas\u0131yla en b\u00fcy\u00fck zorlu\u011fun a\u015f\u0131ld\u0131\u011f\u0131n\u0131 belirtti.<\/p>\n","protected":false},"excerpt":{"rendered":"<p>Yakla\u015f\u0131k 40 y\u0131ld\u0131r ta\u015f\u0131nmas\u0131 s\u00fcrekli g\u00fcndemde olan fakat bug\u00fcne kadar hi\u00e7bir elle tutulur ad\u0131m at\u0131lmayan G\u00fcm\u00fclcine\u2019nin (Komotini) Alankuyu mahallesinin ta\u015f\u0131nmas\u0131 konusunda ilk ad\u0131m at\u0131ld\u0131. D\u00fcn (15 Eyl\u00fcl) G\u00fcm\u00fclcine Belediyesi\u2019nin Ekonomi Komisyonu\u2019na ba\u011fl\u0131 \u0130hale Kurumu Alankuyu\u2019nun ta\u015f\u0131nmas\u0131 y\u00f6n\u00fcnde ilk ad\u0131m\u0131 atarak, projenin ger\u00e7ekle\u015fmesini onaylad\u0131. Ekonomiden Sorumlu Belediye Ba\u015fkan Yard\u0131mc\u0131s\u0131 Dimitris Politiadis, konuyla ilgili olarak, \u00f6zel mekan &hellip;<\/p>\n","protected":false},"author":1,"featured_media":27246,"comment_status":"open","ping_status":"open","sticky":false,"template":"","format":"standard","meta":{"footnotes":""},"categories":[24],"tags":[586,59],"class_list":["post-27245","post","type-post","status-publish","format-standard","has-post-thumbnail","hentry","category-bati-trakyam-haber","tag-alankuyu","tag-gumulcine"],"yoast_head":"<!-- This site is optimized with the Yoast SEO Premium plugin v26.3 (Yoast SEO v27.3) - https:\/\/yoast.com\/product\/yoast-seo-premium-wordpress\/ -->\n<title>Alankuyu\u2019nun ta\u015f\u0131nmas\u0131 y\u00f6n\u00fcnde ilk ad\u0131m at\u0131lld\u0131... - Bat\u0131 Trakya Haber<\/title>\n<meta name=\"robots\" content=\"index, follow, max-snippet:-1, max-image-preview:large, max-video-preview:-1\" \/>\n<link rel=\"canonical\" href=\"https:\/\/batitrakya.live\/index.php\/alankuyunun-tasinmasi-yonunde-ilk-adim-atilldi\/\" \/>\n<meta property=\"og:locale\" content=\"tr_TR\" \/>\n<meta property=\"og:type\" content=\"article\" \/>\n<meta property=\"og:title\" content=\"Alankuyu\u2019nun ta\u015f\u0131nmas\u0131 y\u00f6n\u00fcnde ilk ad\u0131m at\u0131lld\u0131...\" \/>\n<meta property=\"og:description\" content=\"Yakla\u015f\u0131k 40 y\u0131ld\u0131r ta\u015f\u0131nmas\u0131 s\u00fcrekli g\u00fcndemde olan fakat bug\u00fcne kadar hi\u00e7bir elle tutulur ad\u0131m at\u0131lmayan G\u00fcm\u00fclcine\u2019nin (Komotini) Alankuyu mahallesinin ta\u015f\u0131nmas\u0131 konusunda ilk ad\u0131m at\u0131ld\u0131. D\u00fcn (15 Eyl\u00fcl) G\u00fcm\u00fclcine Belediyesi\u2019nin Ekonomi Komisyonu\u2019na ba\u011fl\u0131 \u0130hale Kurumu Alankuyu\u2019nun ta\u015f\u0131nmas\u0131 y\u00f6n\u00fcnde ilk ad\u0131m\u0131 atarak, projenin ger\u00e7ekle\u015fmesini onaylad\u0131. Ekonomiden Sorumlu Belediye Ba\u015fkan Yard\u0131mc\u0131s\u0131 Dimitris Politiadis, konuyla ilgili olarak, \u00f6zel mekan &hellip;\" \/>\n<meta property=\"og:url\" content=\"https:\/\/batitrakya.live\/index.php\/alankuyunun-tasinmasi-yonunde-ilk-adim-atilldi\/\" \/>\n<meta property=\"og:site_name\" content=\"Bat\u0131 Trakya Haber\" \/>\n<meta property=\"article:published_time\" content=\"2020-09-16T14:38:56+00:00\" \/>\n<meta property=\"og:image\" content=\"https:\/\/batitrakya.live\/wp-content\/uploads\/2020\/09\/dezenfeksiyon-alankuyu.jpg\" \/>\n\t<meta property=\"og:image:width\" content=\"720\" \/>\n\t<meta property=\"og:image:height\" content=\"348\" \/>\n\t<meta property=\"og:image:type\" content=\"image\/jpeg\" \/>\n<meta name=\"author\" content=\"tamer\" \/>\n<meta name=\"twitter:card\" content=\"summary_large_image\" \/>\n<meta name=\"twitter:label1\" content=\"Yazan:\" \/>\n\t<meta name=\"twitter:data1\" content=\"tamer\" \/>\n\t<meta name=\"twitter:label2\" content=\"Tahmini okuma s\u00fcresi\" \/>\n\t<meta name=\"twitter:data2\" content=\"1 dakika\" \/>\n<script type=\"application\/ld+json\" class=\"yoast-schema-graph\">{\"@context\":\"https:\\\/\\\/schema.org\",\"@graph\":[{\"@type\":\"Article\",\"@id\":\"https:\\\/\\\/batitrakya.live\\\/index.php\\\/alankuyunun-tasinmasi-yonunde-ilk-adim-atilldi\\\/#article\",\"isPartOf\":{\"@id\":\"https:\\\/\\\/batitrakya.live\\\/index.php\\\/alankuyunun-tasinmasi-yonunde-ilk-adim-atilldi\\\/\"},\"author\":{\"name\":\"tamer\",\"@id\":\"https:\\\/\\\/batitrakya.live\\\/#\\\/schema\\\/person\\\/61b86abbc19e5fa0bbc3059670546fe5\"},\"headline\":\"Alankuyu\u2019nun ta\u015f\u0131nmas\u0131 y\u00f6n\u00fcnde ilk ad\u0131m at\u0131lld\u0131&#8230;\",\"datePublished\":\"2020-09-16T14:38:56+00:00\",\"mainEntityOfPage\":{\"@id\":\"https:\\\/\\\/batitrakya.live\\\/index.php\\\/alankuyunun-tasinmasi-yonunde-ilk-adim-atilldi\\\/\"},\"wordCount\":170,\"commentCount\":0,\"image\":{\"@id\":\"https:\\\/\\\/batitrakya.live\\\/index.php\\\/alankuyunun-tasinmasi-yonunde-ilk-adim-atilldi\\\/#primaryimage\"},\"thumbnailUrl\":\"https:\\\/\\\/batitrakya.live\\\/wp-content\\\/uploads\\\/2020\\\/09\\\/dezenfeksiyon-alankuyu.jpg\",\"keywords\":[\"Alankuyu\",\"G\u00fcm\u00fclcine\"],\"articleSection\":[\"Bat\u0131 Trakyam Haber\"],\"inLanguage\":\"tr\",\"potentialAction\":[{\"@type\":\"CommentAction\",\"name\":\"Comment\",\"target\":[\"https:\\\/\\\/batitrakya.live\\\/index.php\\\/alankuyunun-tasinmasi-yonunde-ilk-adim-atilldi\\\/#respond\"]}],\"copyrightYear\":\"2020\",\"copyrightHolder\":{\"@id\":\"https:\\\/\\\/batitrakya.live\\\/#organization\"}},{\"@type\":\"WebPage\",\"@id\":\"https:\\\/\\\/batitrakya.live\\\/index.php\\\/alankuyunun-tasinmasi-yonunde-ilk-adim-atilldi\\\/\",\"url\":\"https:\\\/\\\/batitrakya.live\\\/index.php\\\/alankuyunun-tasinmasi-yonunde-ilk-adim-atilldi\\\/\",\"name\":\"Alankuyu\u2019nun ta\u015f\u0131nmas\u0131 y\u00f6n\u00fcnde ilk ad\u0131m at\u0131lld\u0131... - Bat\u0131 Trakya Haber\",\"isPartOf\":{\"@id\":\"https:\\\/\\\/batitrakya.live\\\/#website\"},\"primaryImageOfPage\":{\"@id\":\"https:\\\/\\\/batitrakya.live\\\/index.php\\\/alankuyunun-tasinmasi-yonunde-ilk-adim-atilldi\\\/#primaryimage\"},\"image\":{\"@id\":\"https:\\\/\\\/batitrakya.live\\\/index.php\\\/alankuyunun-tasinmasi-yonunde-ilk-adim-atilldi\\\/#primaryimage\"},\"thumbnailUrl\":\"https:\\\/\\\/batitrakya.live\\\/wp-content\\\/uploads\\\/2020\\\/09\\\/dezenfeksiyon-alankuyu.jpg\",\"datePublished\":\"2020-09-16T14:38:56+00:00\",\"author\":{\"@id\":\"https:\\\/\\\/batitrakya.live\\\/#\\\/schema\\\/person\\\/61b86abbc19e5fa0bbc3059670546fe5\"},\"breadcrumb\":{\"@id\":\"https:\\\/\\\/batitrakya.live\\\/index.php\\\/alankuyunun-tasinmasi-yonunde-ilk-adim-atilldi\\\/#breadcrumb\"},\"inLanguage\":\"tr\",\"potentialAction\":[{\"@type\":\"ReadAction\",\"target\":[\"https:\\\/\\\/batitrakya.live\\\/index.php\\\/alankuyunun-tasinmasi-yonunde-ilk-adim-atilldi\\\/\"]}]},{\"@type\":\"ImageObject\",\"inLanguage\":\"tr\",\"@id\":\"https:\\\/\\\/batitrakya.live\\\/index.php\\\/alankuyunun-tasinmasi-yonunde-ilk-adim-atilldi\\\/#primaryimage\",\"url\":\"https:\\\/\\\/batitrakya.live\\\/wp-content\\\/uploads\\\/2020\\\/09\\\/dezenfeksiyon-alankuyu.jpg\",\"contentUrl\":\"https:\\\/\\\/batitrakya.live\\\/wp-content\\\/uploads\\\/2020\\\/09\\\/dezenfeksiyon-alankuyu.jpg\",\"width\":720,\"height\":348},{\"@type\":\"BreadcrumbList\",\"@id\":\"https:\\\/\\\/batitrakya.live\\\/index.php\\\/alankuyunun-tasinmasi-yonunde-ilk-adim-atilldi\\\/#breadcrumb\",\"itemListElement\":[{\"@type\":\"ListItem\",\"position\":1,\"name\":\"Anasayfa\",\"item\":\"https:\\\/\\\/batitrakya.live\\\/\"},{\"@type\":\"ListItem\",\"position\":2,\"name\":\"Alankuyu\u2019nun ta\u015f\u0131nmas\u0131 y\u00f6n\u00fcnde ilk ad\u0131m at\u0131lld\u0131&#8230;\"}]},{\"@type\":\"WebSite\",\"@id\":\"https:\\\/\\\/batitrakya.live\\\/#website\",\"url\":\"https:\\\/\\\/batitrakya.live\\\/\",\"name\":\"Bat\u0131 Trakya Haber\",\"description\":\"Bat\u0131 Trakyan\u0131n internetteki sesi..\",\"potentialAction\":[{\"@type\":\"SearchAction\",\"target\":{\"@type\":\"EntryPoint\",\"urlTemplate\":\"https:\\\/\\\/batitrakya.live\\\/?s={search_term_string}\"},\"query-input\":{\"@type\":\"PropertyValueSpecification\",\"valueRequired\":true,\"valueName\":\"search_term_string\"}}],\"inLanguage\":\"tr\"},{\"@type\":\"Person\",\"@id\":\"https:\\\/\\\/batitrakya.live\\\/#\\\/schema\\\/person\\\/61b86abbc19e5fa0bbc3059670546fe5\",\"name\":\"tamer\",\"image\":{\"@type\":\"ImageObject\",\"inLanguage\":\"tr\",\"@id\":\"https:\\\/\\\/secure.gravatar.com\\\/avatar\\\/60b0ff14c4376999cea9565d28b91fc61ff0f727c28cd083506a6d83ad6df9c9?s=96&d=mm&r=g\",\"url\":\"https:\\\/\\\/secure.gravatar.com\\\/avatar\\\/60b0ff14c4376999cea9565d28b91fc61ff0f727c28cd083506a6d83ad6df9c9?s=96&d=mm&r=g\",\"contentUrl\":\"https:\\\/\\\/secure.gravatar.com\\\/avatar\\\/60b0ff14c4376999cea9565d28b91fc61ff0f727c28cd083506a6d83ad6df9c9?s=96&d=mm&r=g\",\"caption\":\"tamer\"},\"sameAs\":[\"https:\\\/\\\/batitrakya.live\"],\"url\":\"https:\\\/\\\/batitrakya.live\\\/index.php\\\/author\\\/tamer\\\/\"}]}<\/script>\n<!-- \/ Yoast SEO Premium plugin. -->","yoast_head_json":{"title":"Alankuyu\u2019nun ta\u015f\u0131nmas\u0131 y\u00f6n\u00fcnde ilk ad\u0131m at\u0131lld\u0131... - Bat\u0131 Trakya Haber","robots":{"index":"index","follow":"follow","max-snippet":"max-snippet:-1","max-image-preview":"max-image-preview:large","max-video-preview":"max-video-preview:-1"},"canonical":"https:\/\/batitrakya.live\/index.php\/alankuyunun-tasinmasi-yonunde-ilk-adim-atilldi\/","og_locale":"tr_TR","og_type":"article","og_title":"Alankuyu\u2019nun ta\u015f\u0131nmas\u0131 y\u00f6n\u00fcnde ilk ad\u0131m at\u0131lld\u0131...","og_description":"Yakla\u015f\u0131k 40 y\u0131ld\u0131r ta\u015f\u0131nmas\u0131 s\u00fcrekli g\u00fcndemde olan fakat bug\u00fcne kadar hi\u00e7bir elle tutulur ad\u0131m at\u0131lmayan G\u00fcm\u00fclcine\u2019nin (Komotini) Alankuyu mahallesinin ta\u015f\u0131nmas\u0131 konusunda ilk ad\u0131m at\u0131ld\u0131. D\u00fcn (15 Eyl\u00fcl) G\u00fcm\u00fclcine Belediyesi\u2019nin Ekonomi Komisyonu\u2019na ba\u011fl\u0131 \u0130hale Kurumu Alankuyu\u2019nun ta\u015f\u0131nmas\u0131 y\u00f6n\u00fcnde ilk ad\u0131m\u0131 atarak, projenin ger\u00e7ekle\u015fmesini onaylad\u0131. Ekonomiden Sorumlu Belediye Ba\u015fkan Yard\u0131mc\u0131s\u0131 Dimitris Politiadis, konuyla ilgili olarak, \u00f6zel mekan &hellip;","og_url":"https:\/\/batitrakya.live\/index.php\/alankuyunun-tasinmasi-yonunde-ilk-adim-atilldi\/","og_site_name":"Bat\u0131 Trakya Haber","article_published_time":"2020-09-16T14:38:56+00:00","og_image":[{"width":720,"height":348,"url":"https:\/\/batitrakya.live\/wp-content\/uploads\/2020\/09\/dezenfeksiyon-alankuyu.jpg","type":"image\/jpeg"}],"author":"tamer","twitter_card":"summary_large_image","twitter_misc":{"Yazan:":"tamer","Tahmini okuma s\u00fcresi":"1 dakika"},"schema":{"@context":"https:\/\/schema.org","@graph":[{"@type":"Article","@id":"https:\/\/batitrakya.live\/index.php\/alankuyunun-tasinmasi-yonunde-ilk-adim-atilldi\/#article","isPartOf":{"@id":"https:\/\/batitrakya.live\/index.php\/alankuyunun-tasinmasi-yonunde-ilk-adim-atilldi\/"},"author":{"name":"tamer","@id":"https:\/\/batitrakya.live\/#\/schema\/person\/61b86abbc19e5fa0bbc3059670546fe5"},"headline":"Alankuyu\u2019nun ta\u015f\u0131nmas\u0131 y\u00f6n\u00fcnde ilk ad\u0131m at\u0131lld\u0131&#8230;","datePublished":"2020-09-16T14:38:56+00:00","mainEntityOfPage":{"@id":"https:\/\/batitrakya.live\/index.php\/alankuyunun-tasinmasi-yonunde-ilk-adim-atilldi\/"},"wordCount":170,"commentCount":0,"image":{"@id":"https:\/\/batitrakya.live\/index.php\/alankuyunun-tasinmasi-yonunde-ilk-adim-atilldi\/#primaryimage"},"thumbnailUrl":"https:\/\/batitrakya.live\/wp-content\/uploads\/2020\/09\/dezenfeksiyon-alankuyu.jpg","keywords":["Alankuyu","G\u00fcm\u00fclcine"],"articleSection":["Bat\u0131 Trakyam Haber"],"inLanguage":"tr","potentialAction":[{"@type":"CommentAction","name":"Comment","target":["https:\/\/batitrakya.live\/index.php\/alankuyunun-tasinmasi-yonunde-ilk-adim-atilldi\/#respond"]}],"copyrightYear":"2020","copyrightHolder":{"@id":"https:\/\/batitrakya.live\/#organization"}},{"@type":"WebPage","@id":"https:\/\/batitrakya.live\/index.php\/alankuyunun-tasinmasi-yonunde-ilk-adim-atilldi\/","url":"https:\/\/batitrakya.live\/index.php\/alankuyunun-tasinmasi-yonunde-ilk-adim-atilldi\/","name":"Alankuyu\u2019nun ta\u015f\u0131nmas\u0131 y\u00f6n\u00fcnde ilk ad\u0131m at\u0131lld\u0131... - Bat\u0131 Trakya Haber","isPartOf":{"@id":"https:\/\/batitrakya.live\/#website"},"primaryImageOfPage":{"@id":"https:\/\/batitrakya.live\/index.php\/alankuyunun-tasinmasi-yonunde-ilk-adim-atilldi\/#primaryimage"},"image":{"@id":"https:\/\/batitrakya.live\/index.php\/alankuyunun-tasinmasi-yonunde-ilk-adim-atilldi\/#primaryimage"},"thumbnailUrl":"https:\/\/batitrakya.live\/wp-content\/uploads\/2020\/09\/dezenfeksiyon-alankuyu.jpg","datePublished":"2020-09-16T14:38:56+00:00","author":{"@id":"https:\/\/batitrakya.live\/#\/schema\/person\/61b86abbc19e5fa0bbc3059670546fe5"},"breadcrumb":{"@id":"https:\/\/batitrakya.live\/index.php\/alankuyunun-tasinmasi-yonunde-ilk-adim-atilldi\/#breadcrumb"},"inLanguage":"tr","potentialAction":[{"@type":"ReadAction","target":["https:\/\/batitrakya.live\/index.php\/alankuyunun-tasinmasi-yonunde-ilk-adim-atilldi\/"]}]},{"@type":"ImageObject","inLanguage":"tr","@id":"https:\/\/batitrakya.live\/index.php\/alankuyunun-tasinmasi-yonunde-ilk-adim-atilldi\/#primaryimage","url":"https:\/\/batitrakya.live\/wp-content\/uploads\/2020\/09\/dezenfeksiyon-alankuyu.jpg","contentUrl":"https:\/\/batitrakya.live\/wp-content\/uploads\/2020\/09\/dezenfeksiyon-alankuyu.jpg","width":720,"height":348},{"@type":"BreadcrumbList","@id":"https:\/\/batitrakya.live\/index.php\/alankuyunun-tasinmasi-yonunde-ilk-adim-atilldi\/#breadcrumb","itemListElement":[{"@type":"ListItem","position":1,"name":"Anasayfa","item":"https:\/\/batitrakya.live\/"},{"@type":"ListItem","position":2,"name":"Alankuyu\u2019nun ta\u015f\u0131nmas\u0131 y\u00f6n\u00fcnde ilk ad\u0131m at\u0131lld\u0131&#8230;"}]},{"@type":"WebSite","@id":"https:\/\/batitrakya.live\/#website","url":"https:\/\/batitrakya.live\/","name":"Bat\u0131 Trakya Haber","description":"Bat\u0131 Trakyan\u0131n internetteki sesi..","potentialAction":[{"@type":"SearchAction","target":{"@type":"EntryPoint","urlTemplate":"https:\/\/batitrakya.live\/?s={search_term_string}"},"query-input":{"@type":"PropertyValueSpecification","valueRequired":true,"valueName":"search_term_string"}}],"inLanguage":"tr"},{"@type":"Person","@id":"https:\/\/batitrakya.live\/#\/schema\/person\/61b86abbc19e5fa0bbc3059670546fe5","name":"tamer","image":{"@type":"ImageObject","inLanguage":"tr","@id":"https:\/\/secure.gravatar.com\/avatar\/60b0ff14c4376999cea9565d28b91fc61ff0f727c28cd083506a6d83ad6df9c9?s=96&d=mm&r=g","url":"https:\/\/secure.gravatar.com\/avatar\/60b0ff14c4376999cea9565d28b91fc61ff0f727c28cd083506a6d83ad6df9c9?s=96&d=mm&r=g","contentUrl":"https:\/\/secure.gravatar.com\/avatar\/60b0ff14c4376999cea9565d28b91fc61ff0f727c28cd083506a6d83ad6df9c9?s=96&d=mm&r=g","caption":"tamer"},"sameAs":["https:\/\/batitrakya.live"],"url":"https:\/\/batitrakya.live\/index.php\/author\/tamer\/"}]}},"_links":{"self":[{"href":"https:\/\/batitrakya.live\/index.php\/wp-json\/wp\/v2\/posts\/27245","targetHints":{"allow":["GET"]}}],"collection":[{"href":"https:\/\/batitrakya.live\/index.php\/wp-json\/wp\/v2\/posts"}],"about":[{"href":"https:\/\/batitrakya.live\/index.php\/wp-json\/wp\/v2\/types\/post"}],"author":[{"embeddable":true,"href":"https:\/\/batitrakya.live\/index.php\/wp-json\/wp\/v2\/users\/1"}],"replies":[{"embeddable":true,"href":"https:\/\/batitrakya.live\/index.php\/wp-json\/wp\/v2\/comments?post=27245"}],"version-history":[{"count":0,"href":"https:\/\/batitrakya.live\/index.php\/wp-json\/wp\/v2\/posts\/27245\/revisions"}],"wp:featuredmedia":[{"embeddable":true,"href":"https:\/\/batitrakya.live\/index.php\/wp-json\/wp\/v2\/media\/27246"}],"wp:attachment":[{"href":"https:\/\/batitrakya.live\/index.php\/wp-json\/wp\/v2\/media?parent=27245"}],"wp:term":[{"taxonomy":"category","embeddable":true,"href":"https:\/\/batitrakya.live\/index.php\/wp-json\/wp\/v2\/categories?post=27245"},{"taxonomy":"post_tag","embeddable":true,"href":"https:\/\/batitrakya.live\/index.php\/wp-json\/wp\/v2\/tags?post=27245"}],"curies":[{"name":"wp","href":"https:\/\/api.w.org\/{rel}","templated":true}]}}