{"id":27235,"date":"2020-09-16T12:08:10","date_gmt":"2020-09-16T09:08:10","guid":{"rendered":"http:\/\/batitrakya.live\/?p=27235"},"modified":"2020-09-16T12:08:10","modified_gmt":"2020-09-16T09:08:10","slug":"maske-kullanimina-karsi-vaaz-veren-rahip-tutuklandi","status":"publish","type":"post","link":"https:\/\/batitrakya.live\/index.php\/maske-kullanimina-karsi-vaaz-veren-rahip-tutuklandi\/","title":{"rendered":"Maske kullan\u0131m\u0131na kar\u015f\u0131 vaaz veren rahip tutukland\u0131&#8230;"},"content":{"rendered":"<p>Girit adas\u0131nda Rethimnos\u2019da bir anaokulda \u00f6\u011frencilere ve velilere maskenin kullan\u0131lmamas\u0131 y\u00f6n\u00fcnde vaaz veren rakip tutukland\u0131.<\/p>\n<p>Atsipopoulos Anaokulu\u2019nda Pazartesi sabah\u0131 yeni e\u011fitim y\u0131l\u0131 nedeniyle d\u00fczenlenen a\u00e7\u0131l\u0131\u015f t\u00f6reninde kutsama s\u0131ras\u0131nda vaaz veren rahibin, maske kullan\u0131m\u0131 hakk\u0131nda s\u00f6yledikleri onun tutuklanmas\u0131na neden oldu.<\/p>\n<p>A\u00e7\u0131l\u0131\u015f etkinli\u011finde konu\u015fan 47 ya\u015f\u0131ndaki rahibin s\u00f6ylediklerini bir velinin kayda almas\u0131 ve ard\u0131ndan payla\u015fmas\u0131 sonras\u0131 Rethimson polisi harekete ge\u00e7ti.<\/p>\n<p>Polis, rahibi konu\u015fmas\u0131yla vatanda\u015flar\u0131 yasalara kar\u015f\u0131 k\u0131\u015fk\u0131rtt\u0131\u011f\u0131 gerek\u00e7esiyle tutuklad\u0131.<\/p>\n<p>Videoda, okulun bah\u00e7esinde velilere ve \u00f6\u011frencilere vaaz veren rahibin konu\u015fmas\u0131 s\u0131ras\u0131nda maske kullanmad\u0131\u011f\u0131 da g\u00f6r\u00fcl\u00fcyor.<\/p>\n","protected":false},"excerpt":{"rendered":"<p>Girit adas\u0131nda Rethimnos\u2019da bir anaokulda \u00f6\u011frencilere ve velilere maskenin kullan\u0131lmamas\u0131 y\u00f6n\u00fcnde vaaz veren rakip tutukland\u0131. Atsipopoulos Anaokulu\u2019nda Pazartesi sabah\u0131 yeni e\u011fitim y\u0131l\u0131 nedeniyle d\u00fczenlenen a\u00e7\u0131l\u0131\u015f t\u00f6reninde kutsama s\u0131ras\u0131nda vaaz veren rahibin, maske kullan\u0131m\u0131 hakk\u0131nda s\u00f6yledikleri onun tutuklanmas\u0131na neden oldu. A\u00e7\u0131l\u0131\u015f etkinli\u011finde konu\u015fan 47 ya\u015f\u0131ndaki rahibin s\u00f6ylediklerini bir velinin kayda almas\u0131 ve ard\u0131ndan payla\u015fmas\u0131 sonras\u0131 Rethimson &hellip;<\/p>\n","protected":false},"author":1,"featured_media":27236,"comment_status":"open","ping_status":"open","sticky":false,"template":"","format":"standard","meta":{"footnotes":""},"categories":[57],"tags":[275,260],"class_list":["post-27235","post","type-post","status-publish","format-standard","has-post-thumbnail","hentry","category-yunanistan","tag-maske","tag-papaz"],"yoast_head":"<!-- This site is optimized with the Yoast SEO Premium plugin v26.3 (Yoast SEO v27.3) - https:\/\/yoast.com\/product\/yoast-seo-premium-wordpress\/ -->\n<title>Maske kullan\u0131m\u0131na kar\u015f\u0131 vaaz veren rahip tutukland\u0131... - Bat\u0131 Trakya Haber<\/title>\n<meta name=\"robots\" content=\"index, follow, max-snippet:-1, max-image-preview:large, max-video-preview:-1\" \/>\n<link rel=\"canonical\" href=\"https:\/\/batitrakya.live\/index.php\/maske-kullanimina-karsi-vaaz-veren-rahip-tutuklandi\/\" \/>\n<meta property=\"og:locale\" content=\"tr_TR\" \/>\n<meta property=\"og:type\" content=\"article\" \/>\n<meta property=\"og:title\" content=\"Maske kullan\u0131m\u0131na kar\u015f\u0131 vaaz veren rahip tutukland\u0131...\" \/>\n<meta property=\"og:description\" content=\"Girit adas\u0131nda Rethimnos\u2019da bir anaokulda \u00f6\u011frencilere ve velilere maskenin kullan\u0131lmamas\u0131 y\u00f6n\u00fcnde vaaz veren rakip tutukland\u0131. Atsipopoulos Anaokulu\u2019nda Pazartesi sabah\u0131 yeni e\u011fitim y\u0131l\u0131 nedeniyle d\u00fczenlenen a\u00e7\u0131l\u0131\u015f t\u00f6reninde kutsama s\u0131ras\u0131nda vaaz veren rahibin, maske kullan\u0131m\u0131 hakk\u0131nda s\u00f6yledikleri onun tutuklanmas\u0131na neden oldu. A\u00e7\u0131l\u0131\u015f etkinli\u011finde konu\u015fan 47 ya\u015f\u0131ndaki rahibin s\u00f6ylediklerini bir velinin kayda almas\u0131 ve ard\u0131ndan payla\u015fmas\u0131 sonras\u0131 Rethimson &hellip;\" \/>\n<meta property=\"og:url\" content=\"https:\/\/batitrakya.live\/index.php\/maske-kullanimina-karsi-vaaz-veren-rahip-tutuklandi\/\" \/>\n<meta property=\"og:site_name\" content=\"Bat\u0131 Trakya Haber\" \/>\n<meta property=\"article:published_time\" content=\"2020-09-16T09:08:10+00:00\" \/>\n<meta property=\"og:image\" content=\"https:\/\/batitrakya.live\/wp-content\/uploads\/2020\/09\/rahip_maske.jpg\" \/>\n\t<meta property=\"og:image:width\" content=\"720\" \/>\n\t<meta property=\"og:image:height\" content=\"348\" \/>\n\t<meta property=\"og:image:type\" content=\"image\/jpeg\" \/>\n<meta name=\"author\" content=\"tamer\" \/>\n<meta name=\"twitter:card\" content=\"summary_large_image\" \/>\n<meta name=\"twitter:label1\" content=\"Yazan:\" \/>\n\t<meta name=\"twitter:data1\" content=\"tamer\" \/>\n\t<meta name=\"twitter:label2\" content=\"Tahmini okuma s\u00fcresi\" \/>\n\t<meta name=\"twitter:data2\" content=\"1 dakika\" \/>\n<script type=\"application\/ld+json\" class=\"yoast-schema-graph\">{\"@context\":\"https:\\\/\\\/schema.org\",\"@graph\":[{\"@type\":\"Article\",\"@id\":\"https:\\\/\\\/batitrakya.live\\\/index.php\\\/maske-kullanimina-karsi-vaaz-veren-rahip-tutuklandi\\\/#article\",\"isPartOf\":{\"@id\":\"https:\\\/\\\/batitrakya.live\\\/index.php\\\/maske-kullanimina-karsi-vaaz-veren-rahip-tutuklandi\\\/\"},\"author\":{\"name\":\"tamer\",\"@id\":\"https:\\\/\\\/batitrakya.live\\\/#\\\/schema\\\/person\\\/61b86abbc19e5fa0bbc3059670546fe5\"},\"headline\":\"Maske kullan\u0131m\u0131na kar\u015f\u0131 vaaz veren rahip tutukland\u0131&#8230;\",\"datePublished\":\"2020-09-16T09:08:10+00:00\",\"mainEntityOfPage\":{\"@id\":\"https:\\\/\\\/batitrakya.live\\\/index.php\\\/maske-kullanimina-karsi-vaaz-veren-rahip-tutuklandi\\\/\"},\"wordCount\":128,\"commentCount\":0,\"image\":{\"@id\":\"https:\\\/\\\/batitrakya.live\\\/index.php\\\/maske-kullanimina-karsi-vaaz-veren-rahip-tutuklandi\\\/#primaryimage\"},\"thumbnailUrl\":\"https:\\\/\\\/batitrakya.live\\\/wp-content\\\/uploads\\\/2020\\\/09\\\/rahip_maske.jpg\",\"keywords\":[\"Maske\",\"Papaz\"],\"articleSection\":[\"Yunanistan Haber\"],\"inLanguage\":\"tr\",\"potentialAction\":[{\"@type\":\"CommentAction\",\"name\":\"Comment\",\"target\":[\"https:\\\/\\\/batitrakya.live\\\/index.php\\\/maske-kullanimina-karsi-vaaz-veren-rahip-tutuklandi\\\/#respond\"]}],\"copyrightYear\":\"2020\",\"copyrightHolder\":{\"@id\":\"https:\\\/\\\/batitrakya.live\\\/#organization\"}},{\"@type\":\"WebPage\",\"@id\":\"https:\\\/\\\/batitrakya.live\\\/index.php\\\/maske-kullanimina-karsi-vaaz-veren-rahip-tutuklandi\\\/\",\"url\":\"https:\\\/\\\/batitrakya.live\\\/index.php\\\/maske-kullanimina-karsi-vaaz-veren-rahip-tutuklandi\\\/\",\"name\":\"Maske kullan\u0131m\u0131na kar\u015f\u0131 vaaz veren rahip tutukland\u0131... - Bat\u0131 Trakya Haber\",\"isPartOf\":{\"@id\":\"https:\\\/\\\/batitrakya.live\\\/#website\"},\"primaryImageOfPage\":{\"@id\":\"https:\\\/\\\/batitrakya.live\\\/index.php\\\/maske-kullanimina-karsi-vaaz-veren-rahip-tutuklandi\\\/#primaryimage\"},\"image\":{\"@id\":\"https:\\\/\\\/batitrakya.live\\\/index.php\\\/maske-kullanimina-karsi-vaaz-veren-rahip-tutuklandi\\\/#primaryimage\"},\"thumbnailUrl\":\"https:\\\/\\\/batitrakya.live\\\/wp-content\\\/uploads\\\/2020\\\/09\\\/rahip_maske.jpg\",\"datePublished\":\"2020-09-16T09:08:10+00:00\",\"author\":{\"@id\":\"https:\\\/\\\/batitrakya.live\\\/#\\\/schema\\\/person\\\/61b86abbc19e5fa0bbc3059670546fe5\"},\"breadcrumb\":{\"@id\":\"https:\\\/\\\/batitrakya.live\\\/index.php\\\/maske-kullanimina-karsi-vaaz-veren-rahip-tutuklandi\\\/#breadcrumb\"},\"inLanguage\":\"tr\",\"potentialAction\":[{\"@type\":\"ReadAction\",\"target\":[\"https:\\\/\\\/batitrakya.live\\\/index.php\\\/maske-kullanimina-karsi-vaaz-veren-rahip-tutuklandi\\\/\"]}]},{\"@type\":\"ImageObject\",\"inLanguage\":\"tr\",\"@id\":\"https:\\\/\\\/batitrakya.live\\\/index.php\\\/maske-kullanimina-karsi-vaaz-veren-rahip-tutuklandi\\\/#primaryimage\",\"url\":\"https:\\\/\\\/batitrakya.live\\\/wp-content\\\/uploads\\\/2020\\\/09\\\/rahip_maske.jpg\",\"contentUrl\":\"https:\\\/\\\/batitrakya.live\\\/wp-content\\\/uploads\\\/2020\\\/09\\\/rahip_maske.jpg\",\"width\":720,\"height\":348},{\"@type\":\"BreadcrumbList\",\"@id\":\"https:\\\/\\\/batitrakya.live\\\/index.php\\\/maske-kullanimina-karsi-vaaz-veren-rahip-tutuklandi\\\/#breadcrumb\",\"itemListElement\":[{\"@type\":\"ListItem\",\"position\":1,\"name\":\"Anasayfa\",\"item\":\"https:\\\/\\\/batitrakya.live\\\/\"},{\"@type\":\"ListItem\",\"position\":2,\"name\":\"Maske kullan\u0131m\u0131na kar\u015f\u0131 vaaz veren rahip tutukland\u0131&#8230;\"}]},{\"@type\":\"WebSite\",\"@id\":\"https:\\\/\\\/batitrakya.live\\\/#website\",\"url\":\"https:\\\/\\\/batitrakya.live\\\/\",\"name\":\"Bat\u0131 Trakya Haber\",\"description\":\"Bat\u0131 Trakyan\u0131n internetteki sesi..\",\"potentialAction\":[{\"@type\":\"SearchAction\",\"target\":{\"@type\":\"EntryPoint\",\"urlTemplate\":\"https:\\\/\\\/batitrakya.live\\\/?s={search_term_string}\"},\"query-input\":{\"@type\":\"PropertyValueSpecification\",\"valueRequired\":true,\"valueName\":\"search_term_string\"}}],\"inLanguage\":\"tr\"},{\"@type\":\"Person\",\"@id\":\"https:\\\/\\\/batitrakya.live\\\/#\\\/schema\\\/person\\\/61b86abbc19e5fa0bbc3059670546fe5\",\"name\":\"tamer\",\"image\":{\"@type\":\"ImageObject\",\"inLanguage\":\"tr\",\"@id\":\"https:\\\/\\\/secure.gravatar.com\\\/avatar\\\/60b0ff14c4376999cea9565d28b91fc61ff0f727c28cd083506a6d83ad6df9c9?s=96&d=mm&r=g\",\"url\":\"https:\\\/\\\/secure.gravatar.com\\\/avatar\\\/60b0ff14c4376999cea9565d28b91fc61ff0f727c28cd083506a6d83ad6df9c9?s=96&d=mm&r=g\",\"contentUrl\":\"https:\\\/\\\/secure.gravatar.com\\\/avatar\\\/60b0ff14c4376999cea9565d28b91fc61ff0f727c28cd083506a6d83ad6df9c9?s=96&d=mm&r=g\",\"caption\":\"tamer\"},\"sameAs\":[\"https:\\\/\\\/batitrakya.live\"],\"url\":\"https:\\\/\\\/batitrakya.live\\\/index.php\\\/author\\\/tamer\\\/\"}]}<\/script>\n<!-- \/ Yoast SEO Premium plugin. -->","yoast_head_json":{"title":"Maske kullan\u0131m\u0131na kar\u015f\u0131 vaaz veren rahip tutukland\u0131... - Bat\u0131 Trakya Haber","robots":{"index":"index","follow":"follow","max-snippet":"max-snippet:-1","max-image-preview":"max-image-preview:large","max-video-preview":"max-video-preview:-1"},"canonical":"https:\/\/batitrakya.live\/index.php\/maske-kullanimina-karsi-vaaz-veren-rahip-tutuklandi\/","og_locale":"tr_TR","og_type":"article","og_title":"Maske kullan\u0131m\u0131na kar\u015f\u0131 vaaz veren rahip tutukland\u0131...","og_description":"Girit adas\u0131nda Rethimnos\u2019da bir anaokulda \u00f6\u011frencilere ve velilere maskenin kullan\u0131lmamas\u0131 y\u00f6n\u00fcnde vaaz veren rakip tutukland\u0131. Atsipopoulos Anaokulu\u2019nda Pazartesi sabah\u0131 yeni e\u011fitim y\u0131l\u0131 nedeniyle d\u00fczenlenen a\u00e7\u0131l\u0131\u015f t\u00f6reninde kutsama s\u0131ras\u0131nda vaaz veren rahibin, maske kullan\u0131m\u0131 hakk\u0131nda s\u00f6yledikleri onun tutuklanmas\u0131na neden oldu. A\u00e7\u0131l\u0131\u015f etkinli\u011finde konu\u015fan 47 ya\u015f\u0131ndaki rahibin s\u00f6ylediklerini bir velinin kayda almas\u0131 ve ard\u0131ndan payla\u015fmas\u0131 sonras\u0131 Rethimson &hellip;","og_url":"https:\/\/batitrakya.live\/index.php\/maske-kullanimina-karsi-vaaz-veren-rahip-tutuklandi\/","og_site_name":"Bat\u0131 Trakya Haber","article_published_time":"2020-09-16T09:08:10+00:00","og_image":[{"width":720,"height":348,"url":"https:\/\/batitrakya.live\/wp-content\/uploads\/2020\/09\/rahip_maske.jpg","type":"image\/jpeg"}],"author":"tamer","twitter_card":"summary_large_image","twitter_misc":{"Yazan:":"tamer","Tahmini okuma s\u00fcresi":"1 dakika"},"schema":{"@context":"https:\/\/schema.org","@graph":[{"@type":"Article","@id":"https:\/\/batitrakya.live\/index.php\/maske-kullanimina-karsi-vaaz-veren-rahip-tutuklandi\/#article","isPartOf":{"@id":"https:\/\/batitrakya.live\/index.php\/maske-kullanimina-karsi-vaaz-veren-rahip-tutuklandi\/"},"author":{"name":"tamer","@id":"https:\/\/batitrakya.live\/#\/schema\/person\/61b86abbc19e5fa0bbc3059670546fe5"},"headline":"Maske kullan\u0131m\u0131na kar\u015f\u0131 vaaz veren rahip tutukland\u0131&#8230;","datePublished":"2020-09-16T09:08:10+00:00","mainEntityOfPage":{"@id":"https:\/\/batitrakya.live\/index.php\/maske-kullanimina-karsi-vaaz-veren-rahip-tutuklandi\/"},"wordCount":128,"commentCount":0,"image":{"@id":"https:\/\/batitrakya.live\/index.php\/maske-kullanimina-karsi-vaaz-veren-rahip-tutuklandi\/#primaryimage"},"thumbnailUrl":"https:\/\/batitrakya.live\/wp-content\/uploads\/2020\/09\/rahip_maske.jpg","keywords":["Maske","Papaz"],"articleSection":["Yunanistan Haber"],"inLanguage":"tr","potentialAction":[{"@type":"CommentAction","name":"Comment","target":["https:\/\/batitrakya.live\/index.php\/maske-kullanimina-karsi-vaaz-veren-rahip-tutuklandi\/#respond"]}],"copyrightYear":"2020","copyrightHolder":{"@id":"https:\/\/batitrakya.live\/#organization"}},{"@type":"WebPage","@id":"https:\/\/batitrakya.live\/index.php\/maske-kullanimina-karsi-vaaz-veren-rahip-tutuklandi\/","url":"https:\/\/batitrakya.live\/index.php\/maske-kullanimina-karsi-vaaz-veren-rahip-tutuklandi\/","name":"Maske kullan\u0131m\u0131na kar\u015f\u0131 vaaz veren rahip tutukland\u0131... - Bat\u0131 Trakya Haber","isPartOf":{"@id":"https:\/\/batitrakya.live\/#website"},"primaryImageOfPage":{"@id":"https:\/\/batitrakya.live\/index.php\/maske-kullanimina-karsi-vaaz-veren-rahip-tutuklandi\/#primaryimage"},"image":{"@id":"https:\/\/batitrakya.live\/index.php\/maske-kullanimina-karsi-vaaz-veren-rahip-tutuklandi\/#primaryimage"},"thumbnailUrl":"https:\/\/batitrakya.live\/wp-content\/uploads\/2020\/09\/rahip_maske.jpg","datePublished":"2020-09-16T09:08:10+00:00","author":{"@id":"https:\/\/batitrakya.live\/#\/schema\/person\/61b86abbc19e5fa0bbc3059670546fe5"},"breadcrumb":{"@id":"https:\/\/batitrakya.live\/index.php\/maske-kullanimina-karsi-vaaz-veren-rahip-tutuklandi\/#breadcrumb"},"inLanguage":"tr","potentialAction":[{"@type":"ReadAction","target":["https:\/\/batitrakya.live\/index.php\/maske-kullanimina-karsi-vaaz-veren-rahip-tutuklandi\/"]}]},{"@type":"ImageObject","inLanguage":"tr","@id":"https:\/\/batitrakya.live\/index.php\/maske-kullanimina-karsi-vaaz-veren-rahip-tutuklandi\/#primaryimage","url":"https:\/\/batitrakya.live\/wp-content\/uploads\/2020\/09\/rahip_maske.jpg","contentUrl":"https:\/\/batitrakya.live\/wp-content\/uploads\/2020\/09\/rahip_maske.jpg","width":720,"height":348},{"@type":"BreadcrumbList","@id":"https:\/\/batitrakya.live\/index.php\/maske-kullanimina-karsi-vaaz-veren-rahip-tutuklandi\/#breadcrumb","itemListElement":[{"@type":"ListItem","position":1,"name":"Anasayfa","item":"https:\/\/batitrakya.live\/"},{"@type":"ListItem","position":2,"name":"Maske kullan\u0131m\u0131na kar\u015f\u0131 vaaz veren rahip tutukland\u0131&#8230;"}]},{"@type":"WebSite","@id":"https:\/\/batitrakya.live\/#website","url":"https:\/\/batitrakya.live\/","name":"Bat\u0131 Trakya Haber","description":"Bat\u0131 Trakyan\u0131n internetteki sesi..","potentialAction":[{"@type":"SearchAction","target":{"@type":"EntryPoint","urlTemplate":"https:\/\/batitrakya.live\/?s={search_term_string}"},"query-input":{"@type":"PropertyValueSpecification","valueRequired":true,"valueName":"search_term_string"}}],"inLanguage":"tr"},{"@type":"Person","@id":"https:\/\/batitrakya.live\/#\/schema\/person\/61b86abbc19e5fa0bbc3059670546fe5","name":"tamer","image":{"@type":"ImageObject","inLanguage":"tr","@id":"https:\/\/secure.gravatar.com\/avatar\/60b0ff14c4376999cea9565d28b91fc61ff0f727c28cd083506a6d83ad6df9c9?s=96&d=mm&r=g","url":"https:\/\/secure.gravatar.com\/avatar\/60b0ff14c4376999cea9565d28b91fc61ff0f727c28cd083506a6d83ad6df9c9?s=96&d=mm&r=g","contentUrl":"https:\/\/secure.gravatar.com\/avatar\/60b0ff14c4376999cea9565d28b91fc61ff0f727c28cd083506a6d83ad6df9c9?s=96&d=mm&r=g","caption":"tamer"},"sameAs":["https:\/\/batitrakya.live"],"url":"https:\/\/batitrakya.live\/index.php\/author\/tamer\/"}]}},"_links":{"self":[{"href":"https:\/\/batitrakya.live\/index.php\/wp-json\/wp\/v2\/posts\/27235","targetHints":{"allow":["GET"]}}],"collection":[{"href":"https:\/\/batitrakya.live\/index.php\/wp-json\/wp\/v2\/posts"}],"about":[{"href":"https:\/\/batitrakya.live\/index.php\/wp-json\/wp\/v2\/types\/post"}],"author":[{"embeddable":true,"href":"https:\/\/batitrakya.live\/index.php\/wp-json\/wp\/v2\/users\/1"}],"replies":[{"embeddable":true,"href":"https:\/\/batitrakya.live\/index.php\/wp-json\/wp\/v2\/comments?post=27235"}],"version-history":[{"count":0,"href":"https:\/\/batitrakya.live\/index.php\/wp-json\/wp\/v2\/posts\/27235\/revisions"}],"wp:featuredmedia":[{"embeddable":true,"href":"https:\/\/batitrakya.live\/index.php\/wp-json\/wp\/v2\/media\/27236"}],"wp:attachment":[{"href":"https:\/\/batitrakya.live\/index.php\/wp-json\/wp\/v2\/media?parent=27235"}],"wp:term":[{"taxonomy":"category","embeddable":true,"href":"https:\/\/batitrakya.live\/index.php\/wp-json\/wp\/v2\/categories?post=27235"},{"taxonomy":"post_tag","embeddable":true,"href":"https:\/\/batitrakya.live\/index.php\/wp-json\/wp\/v2\/tags?post=27235"}],"curies":[{"name":"wp","href":"https:\/\/api.w.org\/{rel}","templated":true}]}}