{"id":27145,"date":"2020-09-09T17:16:47","date_gmt":"2020-09-09T14:16:47","guid":{"rendered":"http:\/\/batitrakya.live\/?p=27145"},"modified":"2020-09-09T17:16:47","modified_gmt":"2020-09-09T14:16:47","slug":"midilli-adasindaki-siginmaci-kampinda-yangin","status":"publish","type":"post","link":"https:\/\/batitrakya.live\/index.php\/midilli-adasindaki-siginmaci-kampinda-yangin\/","title":{"rendered":"Midilli Adas\u0131&#8217;ndaki s\u0131\u011f\u0131nmac\u0131 kamp\u0131nda  yang\u0131n&#8230;"},"content":{"rendered":"<p>Yunanistan&#8217;\u0131n Midilli Adas\u0131&#8217;nda bulunan Moria s\u0131\u011f\u0131nmac\u0131 kamp\u0131nda yang\u0131n \u00e7\u0131kt\u0131\u011f\u0131 bildirildi.<\/p>\n<p>B\u00f6lgeye \u00e7ok say\u0131da polis ve itfaiye ekibi sevk edilirken, yang\u0131nda ilk belirlemelere g\u00f6re, \u00f6len ya da yaralanan olmad\u0131\u011f\u0131 kaydedildi.<\/p>\n<p>Yetkiler, s\u0131\u011f\u0131nmac\u0131lar\u0131n g\u00fcvenli yerlere sevk edildi\u011fini belirtirken, baz\u0131 s\u0131\u011f\u0131nmac\u0131lar\u0131n ise Midilli kent merkezine do\u011fru y\u00fcr\u00fcd\u00fc\u011f\u00fcn\u00fc dile getirdi. Kamp, ge\u00e7en haftadan bu yana tespit edilen 35 yeni tip koronavir\u00fcs (Kovid-19) vakas\u0131 nedeniyle karantinaya al\u0131nm\u0131\u015ft\u0131. Moria kamp\u0131, yakla\u015f\u0131k 12 bin 500 s\u0131\u011f\u0131nmac\u0131ya ev sahipli\u011fi yap\u0131yor.<\/p>\n<p>B\u00f6lgeden gelen ilk bilgilere g\u00f6re yang\u0131n \u00f6ncesinde ak\u015fam 11 civar\u0131nda kampta bir gerginlik ya\u015fand\u0131. Kamptaki 35 ki\u015fide corona vir\u00fcs tespit edildi\u011fi a\u00e7\u0131kland\u0131 ve s\u00f6z konusu ki\u015filer yak\u0131n \u00e7evreleri ile birlikte izole edilmek istendi ancak i\u00e7lerinden baz\u0131lar\u0131 karara itiraz etti.<\/p>\n<p>Ancak bunun t\u00fcm kamp i\u00e7in bir tehlike te\u015fkil etti\u011fini s\u00f6yleyen kamptaki di\u011fer s\u0131\u011f\u0131nmac\u0131lar ile aralar\u0131nda tart\u0131\u015fma \u00e7\u0131kt\u0131. Corona endi\u015fesi ile bir grup s\u0131\u011f\u0131nmac\u0131 kamptan ka\u00e7arak da\u011flara y\u00f6nelmek istedi.<\/p>\n<p>Tart\u0131\u015fman\u0131n ard\u0131ndan \u00f6nce kamp d\u0131\u015f\u0131nda \u00e7\u0131kan yang\u0131n itfaiye ekipleri taraf\u0131ndan s\u00f6nd\u00fcr\u00fcld\u00fc ancak yang\u0131n kamp i\u00e7ine ge\u00e7ince bir grup s\u0131\u011f\u0131nmac\u0131 itfaiyenin \u00e7al\u0131\u015fmas\u0131na engel olmaya \u00e7al\u0131\u015ft\u0131. Bunun \u00fczerine kampta toplanan kalabal\u0131\u011f\u0131 da\u011f\u0131tmak i\u00e7in polis ekipleri biber gaz\u0131 ile m\u00fcdahale etti ancak o zamana kadar t\u00fcm kritik ofisler yanmaya ba\u015flam\u0131\u015ft\u0131.<\/p>\n<p>Yanan kritik ofisler aras\u0131nda Avrupa \u0130ltica Ofisi de vard\u0131. \u00d6te yandan kampta yang\u0131n \u00e7\u0131kt\u0131\u011f\u0131 s\u0131rada t\u00fcm itfaiye personelinin kamptan 70 km mesafede o esnada farkl\u0131 iki cephede (Antisa ve Vatusa) \u00e7\u0131kan yang\u0131n\u0131 s\u00f6nd\u00fcrmeye \u00e7al\u0131\u015ft\u0131\u011f\u0131, kampa sadece 10 ara\u00e7 b\u0131rak\u0131ld\u0131\u011f\u0131 belirtiliyor.<\/p>\n<p>Adadan gelen bilgilere g\u00f6re bir\u00e7ok s\u0131\u011f\u0131nmac\u0131 ise \u015fehir merkezine y\u00f6nelirken polis yolu kapatarak ge\u00e7i\u015fe engel olmaya \u00e7al\u0131\u015ft\u0131.<\/p>\n<p>Uluslararas\u0131 insani yard\u0131m kurulu\u015flar\u0131, kamptaki a\u015f\u0131r\u0131 kalabal\u0131k ve insani olmayan \u015fartlara dikkati \u00e7ekerek, kampta sosyal mesafe ve temel hijyen \u015fartlar\u0131n\u0131 sa\u011flaman\u0131n m\u00fcmk\u00fcn olmad\u0131\u011f\u0131 uyar\u0131s\u0131nda bulunuyor.<\/p>\n\n\n<figure class=\"wp-block-gallery columns-3 is-cropped wp-block-gallery-1 is-layout-flex wp-block-gallery-is-layout-flex\"><ul class=\"blocks-gallery-grid\"><li class=\"blocks-gallery-item\"><figure><a href=\"https:\/\/batitrakya.live\/wp-content\/uploads\/2020\/09\/yangin_mora3.jpg\"><img loading=\"lazy\" decoding=\"async\" width=\"720\" height=\"347\" src=\"https:\/\/batitrakya.live\/wp-content\/uploads\/2020\/09\/yangin_mora3.jpg\" alt=\"\" data-id=\"27149\" data-full-url=\"https:\/\/batitrakya.live\/wp-content\/uploads\/2020\/09\/yangin_mora3.jpg\" data-link=\"http:\/\/batitrakya.live\/?attachment_id=27149\" class=\"wp-image-27149\" srcset=\"https:\/\/batitrakya.live\/wp-content\/uploads\/2020\/09\/yangin_mora3.jpg 720w, https:\/\/batitrakya.live\/wp-content\/uploads\/2020\/09\/yangin_mora3-300x145.jpg 300w\" sizes=\"auto, (max-width: 720px) 100vw, 720px\" \/><\/a><\/figure><\/li><li class=\"blocks-gallery-item\"><figure><a href=\"https:\/\/batitrakya.live\/wp-content\/uploads\/2020\/09\/yangin_mora2.jpg\"><img loading=\"lazy\" decoding=\"async\" width=\"720\" height=\"348\" src=\"https:\/\/batitrakya.live\/wp-content\/uploads\/2020\/09\/yangin_mora2.jpg\" alt=\"\" data-id=\"27148\" data-full-url=\"https:\/\/batitrakya.live\/wp-content\/uploads\/2020\/09\/yangin_mora2.jpg\" data-link=\"http:\/\/batitrakya.live\/?attachment_id=27148\" class=\"wp-image-27148\" srcset=\"https:\/\/batitrakya.live\/wp-content\/uploads\/2020\/09\/yangin_mora2.jpg 720w, https:\/\/batitrakya.live\/wp-content\/uploads\/2020\/09\/yangin_mora2-300x145.jpg 300w\" sizes=\"auto, (max-width: 720px) 100vw, 720px\" \/><\/a><\/figure><\/li><li class=\"blocks-gallery-item\"><figure><a href=\"https:\/\/batitrakya.live\/wp-content\/uploads\/2020\/09\/yangin_mora1.jpg\"><img loading=\"lazy\" decoding=\"async\" width=\"720\" height=\"348\" src=\"https:\/\/batitrakya.live\/wp-content\/uploads\/2020\/09\/yangin_mora1.jpg\" alt=\"\" data-id=\"27147\" data-full-url=\"https:\/\/batitrakya.live\/wp-content\/uploads\/2020\/09\/yangin_mora1.jpg\" data-link=\"http:\/\/batitrakya.live\/?attachment_id=27147\" class=\"wp-image-27147\" srcset=\"https:\/\/batitrakya.live\/wp-content\/uploads\/2020\/09\/yangin_mora1.jpg 720w, https:\/\/batitrakya.live\/wp-content\/uploads\/2020\/09\/yangin_mora1-300x145.jpg 300w\" sizes=\"auto, (max-width: 720px) 100vw, 720px\" \/><\/a><\/figure><\/li><li class=\"blocks-gallery-item\"><figure><a href=\"https:\/\/batitrakya.live\/wp-content\/uploads\/2020\/09\/yangin_mora.jpg\"><img loading=\"lazy\" decoding=\"async\" width=\"720\" height=\"348\" src=\"https:\/\/batitrakya.live\/wp-content\/uploads\/2020\/09\/yangin_mora.jpg\" alt=\"\" data-id=\"27146\" data-full-url=\"https:\/\/batitrakya.live\/wp-content\/uploads\/2020\/09\/yangin_mora.jpg\" data-link=\"http:\/\/batitrakya.live\/?attachment_id=27146\" class=\"wp-image-27146\" srcset=\"https:\/\/batitrakya.live\/wp-content\/uploads\/2020\/09\/yangin_mora.jpg 720w, https:\/\/batitrakya.live\/wp-content\/uploads\/2020\/09\/yangin_mora-300x145.jpg 300w\" sizes=\"auto, (max-width: 720px) 100vw, 720px\" \/><\/a><\/figure><\/li><\/ul><\/figure>\n","protected":false},"excerpt":{"rendered":"<p>Yunanistan&#8217;\u0131n Midilli Adas\u0131&#8217;nda bulunan Moria s\u0131\u011f\u0131nmac\u0131 kamp\u0131nda yang\u0131n \u00e7\u0131kt\u0131\u011f\u0131 bildirildi. B\u00f6lgeye \u00e7ok say\u0131da polis ve itfaiye ekibi sevk edilirken, yang\u0131nda ilk belirlemelere g\u00f6re, \u00f6len ya da yaralanan olmad\u0131\u011f\u0131 kaydedildi. Yetkiler, s\u0131\u011f\u0131nmac\u0131lar\u0131n g\u00fcvenli yerlere sevk edildi\u011fini belirtirken, baz\u0131 s\u0131\u011f\u0131nmac\u0131lar\u0131n ise Midilli kent merkezine do\u011fru y\u00fcr\u00fcd\u00fc\u011f\u00fcn\u00fc dile getirdi. Kamp, ge\u00e7en haftadan bu yana tespit edilen 35 yeni &hellip;<\/p>\n","protected":false},"author":1,"featured_media":27148,"comment_status":"open","ping_status":"open","sticky":false,"template":"","format":"standard","meta":{"footnotes":""},"categories":[57],"tags":[267,109],"class_list":["post-27145","post","type-post","status-publish","format-standard","has-post-thumbnail","hentry","category-yunanistan","tag-multeci","tag-yangin"],"yoast_head":"<!-- This site is optimized with the Yoast SEO Premium plugin v26.3 (Yoast SEO v27.3) - https:\/\/yoast.com\/product\/yoast-seo-premium-wordpress\/ -->\n<title>Midilli Adas\u0131&#039;ndaki s\u0131\u011f\u0131nmac\u0131 kamp\u0131nda yang\u0131n... - Bat\u0131 Trakya Haber<\/title>\n<meta name=\"robots\" content=\"index, follow, max-snippet:-1, max-image-preview:large, max-video-preview:-1\" \/>\n<link rel=\"canonical\" href=\"https:\/\/batitrakya.live\/index.php\/midilli-adasindaki-siginmaci-kampinda-yangin\/\" \/>\n<meta property=\"og:locale\" content=\"tr_TR\" \/>\n<meta property=\"og:type\" content=\"article\" \/>\n<meta property=\"og:title\" content=\"Midilli Adas\u0131&#039;ndaki s\u0131\u011f\u0131nmac\u0131 kamp\u0131nda yang\u0131n...\" \/>\n<meta property=\"og:description\" content=\"Yunanistan&#8217;\u0131n Midilli Adas\u0131&#8217;nda bulunan Moria s\u0131\u011f\u0131nmac\u0131 kamp\u0131nda yang\u0131n \u00e7\u0131kt\u0131\u011f\u0131 bildirildi. B\u00f6lgeye \u00e7ok say\u0131da polis ve itfaiye ekibi sevk edilirken, yang\u0131nda ilk belirlemelere g\u00f6re, \u00f6len ya da yaralanan olmad\u0131\u011f\u0131 kaydedildi. Yetkiler, s\u0131\u011f\u0131nmac\u0131lar\u0131n g\u00fcvenli yerlere sevk edildi\u011fini belirtirken, baz\u0131 s\u0131\u011f\u0131nmac\u0131lar\u0131n ise Midilli kent merkezine do\u011fru y\u00fcr\u00fcd\u00fc\u011f\u00fcn\u00fc dile getirdi. Kamp, ge\u00e7en haftadan bu yana tespit edilen 35 yeni &hellip;\" \/>\n<meta property=\"og:url\" content=\"https:\/\/batitrakya.live\/index.php\/midilli-adasindaki-siginmaci-kampinda-yangin\/\" \/>\n<meta property=\"og:site_name\" content=\"Bat\u0131 Trakya Haber\" \/>\n<meta property=\"article:published_time\" content=\"2020-09-09T14:16:47+00:00\" \/>\n<meta property=\"og:image\" content=\"https:\/\/batitrakya.live\/wp-content\/uploads\/2020\/09\/yangin_mora2.jpg\" \/>\n\t<meta property=\"og:image:width\" content=\"720\" \/>\n\t<meta property=\"og:image:height\" content=\"348\" \/>\n\t<meta property=\"og:image:type\" content=\"image\/jpeg\" \/>\n<meta name=\"author\" content=\"tamer\" \/>\n<meta name=\"twitter:card\" content=\"summary_large_image\" \/>\n<meta name=\"twitter:label1\" content=\"Yazan:\" \/>\n\t<meta name=\"twitter:data1\" content=\"tamer\" \/>\n\t<meta name=\"twitter:label2\" content=\"Tahmini okuma s\u00fcresi\" \/>\n\t<meta name=\"twitter:data2\" content=\"2 dakika\" \/>\n<script type=\"application\/ld+json\" class=\"yoast-schema-graph\">{\"@context\":\"https:\\\/\\\/schema.org\",\"@graph\":[{\"@type\":\"Article\",\"@id\":\"https:\\\/\\\/batitrakya.live\\\/index.php\\\/midilli-adasindaki-siginmaci-kampinda-yangin\\\/#article\",\"isPartOf\":{\"@id\":\"https:\\\/\\\/batitrakya.live\\\/index.php\\\/midilli-adasindaki-siginmaci-kampinda-yangin\\\/\"},\"author\":{\"name\":\"tamer\",\"@id\":\"https:\\\/\\\/batitrakya.live\\\/#\\\/schema\\\/person\\\/61b86abbc19e5fa0bbc3059670546fe5\"},\"headline\":\"Midilli Adas\u0131&#8217;ndaki s\u0131\u011f\u0131nmac\u0131 kamp\u0131nda yang\u0131n&#8230;\",\"datePublished\":\"2020-09-09T14:16:47+00:00\",\"mainEntityOfPage\":{\"@id\":\"https:\\\/\\\/batitrakya.live\\\/index.php\\\/midilli-adasindaki-siginmaci-kampinda-yangin\\\/\"},\"wordCount\":380,\"commentCount\":0,\"image\":{\"@id\":\"https:\\\/\\\/batitrakya.live\\\/index.php\\\/midilli-adasindaki-siginmaci-kampinda-yangin\\\/#primaryimage\"},\"thumbnailUrl\":\"https:\\\/\\\/batitrakya.live\\\/wp-content\\\/uploads\\\/2020\\\/09\\\/yangin_mora2.jpg\",\"keywords\":[\"M\u00fclteci\",\"Yang\u0131n\"],\"articleSection\":[\"Yunanistan Haber\"],\"inLanguage\":\"tr\",\"potentialAction\":[{\"@type\":\"CommentAction\",\"name\":\"Comment\",\"target\":[\"https:\\\/\\\/batitrakya.live\\\/index.php\\\/midilli-adasindaki-siginmaci-kampinda-yangin\\\/#respond\"]}],\"copyrightYear\":\"2020\",\"copyrightHolder\":{\"@id\":\"https:\\\/\\\/batitrakya.live\\\/#organization\"}},{\"@type\":\"WebPage\",\"@id\":\"https:\\\/\\\/batitrakya.live\\\/index.php\\\/midilli-adasindaki-siginmaci-kampinda-yangin\\\/\",\"url\":\"https:\\\/\\\/batitrakya.live\\\/index.php\\\/midilli-adasindaki-siginmaci-kampinda-yangin\\\/\",\"name\":\"Midilli Adas\u0131'ndaki s\u0131\u011f\u0131nmac\u0131 kamp\u0131nda yang\u0131n... - Bat\u0131 Trakya Haber\",\"isPartOf\":{\"@id\":\"https:\\\/\\\/batitrakya.live\\\/#website\"},\"primaryImageOfPage\":{\"@id\":\"https:\\\/\\\/batitrakya.live\\\/index.php\\\/midilli-adasindaki-siginmaci-kampinda-yangin\\\/#primaryimage\"},\"image\":{\"@id\":\"https:\\\/\\\/batitrakya.live\\\/index.php\\\/midilli-adasindaki-siginmaci-kampinda-yangin\\\/#primaryimage\"},\"thumbnailUrl\":\"https:\\\/\\\/batitrakya.live\\\/wp-content\\\/uploads\\\/2020\\\/09\\\/yangin_mora2.jpg\",\"datePublished\":\"2020-09-09T14:16:47+00:00\",\"author\":{\"@id\":\"https:\\\/\\\/batitrakya.live\\\/#\\\/schema\\\/person\\\/61b86abbc19e5fa0bbc3059670546fe5\"},\"breadcrumb\":{\"@id\":\"https:\\\/\\\/batitrakya.live\\\/index.php\\\/midilli-adasindaki-siginmaci-kampinda-yangin\\\/#breadcrumb\"},\"inLanguage\":\"tr\",\"potentialAction\":[{\"@type\":\"ReadAction\",\"target\":[\"https:\\\/\\\/batitrakya.live\\\/index.php\\\/midilli-adasindaki-siginmaci-kampinda-yangin\\\/\"]}]},{\"@type\":\"ImageObject\",\"inLanguage\":\"tr\",\"@id\":\"https:\\\/\\\/batitrakya.live\\\/index.php\\\/midilli-adasindaki-siginmaci-kampinda-yangin\\\/#primaryimage\",\"url\":\"https:\\\/\\\/batitrakya.live\\\/wp-content\\\/uploads\\\/2020\\\/09\\\/yangin_mora2.jpg\",\"contentUrl\":\"https:\\\/\\\/batitrakya.live\\\/wp-content\\\/uploads\\\/2020\\\/09\\\/yangin_mora2.jpg\",\"width\":720,\"height\":348},{\"@type\":\"BreadcrumbList\",\"@id\":\"https:\\\/\\\/batitrakya.live\\\/index.php\\\/midilli-adasindaki-siginmaci-kampinda-yangin\\\/#breadcrumb\",\"itemListElement\":[{\"@type\":\"ListItem\",\"position\":1,\"name\":\"Anasayfa\",\"item\":\"https:\\\/\\\/batitrakya.live\\\/\"},{\"@type\":\"ListItem\",\"position\":2,\"name\":\"Midilli Adas\u0131&#8217;ndaki s\u0131\u011f\u0131nmac\u0131 kamp\u0131nda yang\u0131n&#8230;\"}]},{\"@type\":\"WebSite\",\"@id\":\"https:\\\/\\\/batitrakya.live\\\/#website\",\"url\":\"https:\\\/\\\/batitrakya.live\\\/\",\"name\":\"Bat\u0131 Trakya Haber\",\"description\":\"Bat\u0131 Trakyan\u0131n internetteki sesi..\",\"potentialAction\":[{\"@type\":\"SearchAction\",\"target\":{\"@type\":\"EntryPoint\",\"urlTemplate\":\"https:\\\/\\\/batitrakya.live\\\/?s={search_term_string}\"},\"query-input\":{\"@type\":\"PropertyValueSpecification\",\"valueRequired\":true,\"valueName\":\"search_term_string\"}}],\"inLanguage\":\"tr\"},{\"@type\":\"Person\",\"@id\":\"https:\\\/\\\/batitrakya.live\\\/#\\\/schema\\\/person\\\/61b86abbc19e5fa0bbc3059670546fe5\",\"name\":\"tamer\",\"image\":{\"@type\":\"ImageObject\",\"inLanguage\":\"tr\",\"@id\":\"https:\\\/\\\/secure.gravatar.com\\\/avatar\\\/60b0ff14c4376999cea9565d28b91fc61ff0f727c28cd083506a6d83ad6df9c9?s=96&d=mm&r=g\",\"url\":\"https:\\\/\\\/secure.gravatar.com\\\/avatar\\\/60b0ff14c4376999cea9565d28b91fc61ff0f727c28cd083506a6d83ad6df9c9?s=96&d=mm&r=g\",\"contentUrl\":\"https:\\\/\\\/secure.gravatar.com\\\/avatar\\\/60b0ff14c4376999cea9565d28b91fc61ff0f727c28cd083506a6d83ad6df9c9?s=96&d=mm&r=g\",\"caption\":\"tamer\"},\"sameAs\":[\"https:\\\/\\\/batitrakya.live\"],\"url\":\"https:\\\/\\\/batitrakya.live\\\/index.php\\\/author\\\/tamer\\\/\"}]}<\/script>\n<!-- \/ Yoast SEO Premium plugin. -->","yoast_head_json":{"title":"Midilli Adas\u0131'ndaki s\u0131\u011f\u0131nmac\u0131 kamp\u0131nda yang\u0131n... - Bat\u0131 Trakya Haber","robots":{"index":"index","follow":"follow","max-snippet":"max-snippet:-1","max-image-preview":"max-image-preview:large","max-video-preview":"max-video-preview:-1"},"canonical":"https:\/\/batitrakya.live\/index.php\/midilli-adasindaki-siginmaci-kampinda-yangin\/","og_locale":"tr_TR","og_type":"article","og_title":"Midilli Adas\u0131'ndaki s\u0131\u011f\u0131nmac\u0131 kamp\u0131nda yang\u0131n...","og_description":"Yunanistan&#8217;\u0131n Midilli Adas\u0131&#8217;nda bulunan Moria s\u0131\u011f\u0131nmac\u0131 kamp\u0131nda yang\u0131n \u00e7\u0131kt\u0131\u011f\u0131 bildirildi. B\u00f6lgeye \u00e7ok say\u0131da polis ve itfaiye ekibi sevk edilirken, yang\u0131nda ilk belirlemelere g\u00f6re, \u00f6len ya da yaralanan olmad\u0131\u011f\u0131 kaydedildi. Yetkiler, s\u0131\u011f\u0131nmac\u0131lar\u0131n g\u00fcvenli yerlere sevk edildi\u011fini belirtirken, baz\u0131 s\u0131\u011f\u0131nmac\u0131lar\u0131n ise Midilli kent merkezine do\u011fru y\u00fcr\u00fcd\u00fc\u011f\u00fcn\u00fc dile getirdi. Kamp, ge\u00e7en haftadan bu yana tespit edilen 35 yeni &hellip;","og_url":"https:\/\/batitrakya.live\/index.php\/midilli-adasindaki-siginmaci-kampinda-yangin\/","og_site_name":"Bat\u0131 Trakya Haber","article_published_time":"2020-09-09T14:16:47+00:00","og_image":[{"width":720,"height":348,"url":"https:\/\/batitrakya.live\/wp-content\/uploads\/2020\/09\/yangin_mora2.jpg","type":"image\/jpeg"}],"author":"tamer","twitter_card":"summary_large_image","twitter_misc":{"Yazan:":"tamer","Tahmini okuma s\u00fcresi":"2 dakika"},"schema":{"@context":"https:\/\/schema.org","@graph":[{"@type":"Article","@id":"https:\/\/batitrakya.live\/index.php\/midilli-adasindaki-siginmaci-kampinda-yangin\/#article","isPartOf":{"@id":"https:\/\/batitrakya.live\/index.php\/midilli-adasindaki-siginmaci-kampinda-yangin\/"},"author":{"name":"tamer","@id":"https:\/\/batitrakya.live\/#\/schema\/person\/61b86abbc19e5fa0bbc3059670546fe5"},"headline":"Midilli Adas\u0131&#8217;ndaki s\u0131\u011f\u0131nmac\u0131 kamp\u0131nda yang\u0131n&#8230;","datePublished":"2020-09-09T14:16:47+00:00","mainEntityOfPage":{"@id":"https:\/\/batitrakya.live\/index.php\/midilli-adasindaki-siginmaci-kampinda-yangin\/"},"wordCount":380,"commentCount":0,"image":{"@id":"https:\/\/batitrakya.live\/index.php\/midilli-adasindaki-siginmaci-kampinda-yangin\/#primaryimage"},"thumbnailUrl":"https:\/\/batitrakya.live\/wp-content\/uploads\/2020\/09\/yangin_mora2.jpg","keywords":["M\u00fclteci","Yang\u0131n"],"articleSection":["Yunanistan Haber"],"inLanguage":"tr","potentialAction":[{"@type":"CommentAction","name":"Comment","target":["https:\/\/batitrakya.live\/index.php\/midilli-adasindaki-siginmaci-kampinda-yangin\/#respond"]}],"copyrightYear":"2020","copyrightHolder":{"@id":"https:\/\/batitrakya.live\/#organization"}},{"@type":"WebPage","@id":"https:\/\/batitrakya.live\/index.php\/midilli-adasindaki-siginmaci-kampinda-yangin\/","url":"https:\/\/batitrakya.live\/index.php\/midilli-adasindaki-siginmaci-kampinda-yangin\/","name":"Midilli Adas\u0131'ndaki s\u0131\u011f\u0131nmac\u0131 kamp\u0131nda yang\u0131n... - Bat\u0131 Trakya Haber","isPartOf":{"@id":"https:\/\/batitrakya.live\/#website"},"primaryImageOfPage":{"@id":"https:\/\/batitrakya.live\/index.php\/midilli-adasindaki-siginmaci-kampinda-yangin\/#primaryimage"},"image":{"@id":"https:\/\/batitrakya.live\/index.php\/midilli-adasindaki-siginmaci-kampinda-yangin\/#primaryimage"},"thumbnailUrl":"https:\/\/batitrakya.live\/wp-content\/uploads\/2020\/09\/yangin_mora2.jpg","datePublished":"2020-09-09T14:16:47+00:00","author":{"@id":"https:\/\/batitrakya.live\/#\/schema\/person\/61b86abbc19e5fa0bbc3059670546fe5"},"breadcrumb":{"@id":"https:\/\/batitrakya.live\/index.php\/midilli-adasindaki-siginmaci-kampinda-yangin\/#breadcrumb"},"inLanguage":"tr","potentialAction":[{"@type":"ReadAction","target":["https:\/\/batitrakya.live\/index.php\/midilli-adasindaki-siginmaci-kampinda-yangin\/"]}]},{"@type":"ImageObject","inLanguage":"tr","@id":"https:\/\/batitrakya.live\/index.php\/midilli-adasindaki-siginmaci-kampinda-yangin\/#primaryimage","url":"https:\/\/batitrakya.live\/wp-content\/uploads\/2020\/09\/yangin_mora2.jpg","contentUrl":"https:\/\/batitrakya.live\/wp-content\/uploads\/2020\/09\/yangin_mora2.jpg","width":720,"height":348},{"@type":"BreadcrumbList","@id":"https:\/\/batitrakya.live\/index.php\/midilli-adasindaki-siginmaci-kampinda-yangin\/#breadcrumb","itemListElement":[{"@type":"ListItem","position":1,"name":"Anasayfa","item":"https:\/\/batitrakya.live\/"},{"@type":"ListItem","position":2,"name":"Midilli Adas\u0131&#8217;ndaki s\u0131\u011f\u0131nmac\u0131 kamp\u0131nda yang\u0131n&#8230;"}]},{"@type":"WebSite","@id":"https:\/\/batitrakya.live\/#website","url":"https:\/\/batitrakya.live\/","name":"Bat\u0131 Trakya Haber","description":"Bat\u0131 Trakyan\u0131n internetteki sesi..","potentialAction":[{"@type":"SearchAction","target":{"@type":"EntryPoint","urlTemplate":"https:\/\/batitrakya.live\/?s={search_term_string}"},"query-input":{"@type":"PropertyValueSpecification","valueRequired":true,"valueName":"search_term_string"}}],"inLanguage":"tr"},{"@type":"Person","@id":"https:\/\/batitrakya.live\/#\/schema\/person\/61b86abbc19e5fa0bbc3059670546fe5","name":"tamer","image":{"@type":"ImageObject","inLanguage":"tr","@id":"https:\/\/secure.gravatar.com\/avatar\/60b0ff14c4376999cea9565d28b91fc61ff0f727c28cd083506a6d83ad6df9c9?s=96&d=mm&r=g","url":"https:\/\/secure.gravatar.com\/avatar\/60b0ff14c4376999cea9565d28b91fc61ff0f727c28cd083506a6d83ad6df9c9?s=96&d=mm&r=g","contentUrl":"https:\/\/secure.gravatar.com\/avatar\/60b0ff14c4376999cea9565d28b91fc61ff0f727c28cd083506a6d83ad6df9c9?s=96&d=mm&r=g","caption":"tamer"},"sameAs":["https:\/\/batitrakya.live"],"url":"https:\/\/batitrakya.live\/index.php\/author\/tamer\/"}]}},"_links":{"self":[{"href":"https:\/\/batitrakya.live\/index.php\/wp-json\/wp\/v2\/posts\/27145","targetHints":{"allow":["GET"]}}],"collection":[{"href":"https:\/\/batitrakya.live\/index.php\/wp-json\/wp\/v2\/posts"}],"about":[{"href":"https:\/\/batitrakya.live\/index.php\/wp-json\/wp\/v2\/types\/post"}],"author":[{"embeddable":true,"href":"https:\/\/batitrakya.live\/index.php\/wp-json\/wp\/v2\/users\/1"}],"replies":[{"embeddable":true,"href":"https:\/\/batitrakya.live\/index.php\/wp-json\/wp\/v2\/comments?post=27145"}],"version-history":[{"count":0,"href":"https:\/\/batitrakya.live\/index.php\/wp-json\/wp\/v2\/posts\/27145\/revisions"}],"wp:featuredmedia":[{"embeddable":true,"href":"https:\/\/batitrakya.live\/index.php\/wp-json\/wp\/v2\/media\/27148"}],"wp:attachment":[{"href":"https:\/\/batitrakya.live\/index.php\/wp-json\/wp\/v2\/media?parent=27145"}],"wp:term":[{"taxonomy":"category","embeddable":true,"href":"https:\/\/batitrakya.live\/index.php\/wp-json\/wp\/v2\/categories?post=27145"},{"taxonomy":"post_tag","embeddable":true,"href":"https:\/\/batitrakya.live\/index.php\/wp-json\/wp\/v2\/tags?post=27145"}],"curies":[{"name":"wp","href":"https:\/\/api.w.org\/{rel}","templated":true}]}}