{"id":27098,"date":"2020-09-05T21:17:35","date_gmt":"2020-09-05T18:17:35","guid":{"rendered":"http:\/\/batitrakya.live\/?p=27098"},"modified":"2020-09-05T21:17:35","modified_gmt":"2020-09-05T18:17:35","slug":"yunanistanda-yapilan-anketturkiyeye-karsi-askeri-guc-kullanilsin","status":"publish","type":"post","link":"https:\/\/batitrakya.live\/index.php\/yunanistanda-yapilan-anketturkiyeye-karsi-askeri-guc-kullanilsin\/","title":{"rendered":"Yunanistan&#8217;da yap\u0131lan anket&#8221;T\u00fcrkiye&#8217;ye kar\u015f\u0131 askeri g\u00fc\u00e7 kullan\u0131ls\u0131n&#8221;&#8230;"},"content":{"rendered":"<p>Do\u011fu Akdeniz\u2019de ya\u015fanan gerilimle ilgili Yunanistan\u2019da yap\u0131lan ankette vatanda\u015flar\u0131n y\u00fczde 49.2\u2019si T\u00fcrkiye\u2019ye kar\u015f\u0131 askeri g\u00fc\u00e7 kullan\u0131lmas\u0131 gerekti\u011fini savunuyor. Bu se\u00e7ene\u011fe kar\u015f\u0131 \u00e7\u0131kanlar\u0131n oran\u0131 ise y\u00fczde 47.1.<\/p>\n<p>Yunanistan\u2019\u0131n Ta NEA gazetesinde yay\u0131nlanan bir anket, T\u00fcrkiye-Yunanistan gerilimine ili\u015fkin \u00e7arp\u0131c\u0131 sonu\u00e7lar ortaya koydu. Buna g\u00f6re Yunan halk\u0131n\u0131n y\u00fczde y\u00fczde 49.2\u2019si T\u00fcrkiye\u2019ye kar\u015f\u0131 askeri g\u00fc\u00e7 kullanma se\u00e7ene\u011fine olumlu bakt\u0131\u011f\u0131n\u0131 belirtirken, bu soruya \u2018Hay\u0131r\u2019 yan\u0131t\u0131n\u0131 verenlerin oran\u0131 ise y\u00fczde 47.1 olarak belirlendi.<\/p>\n<p><strong>\u0130ktidar partisine destek y\u00fczde 39<\/strong><br \/>\nT\u00fcrkiye ve Yunanistan aras\u0131ndaki Do\u011fu Akdeniz gerilimi d\u00fcnyan\u0131n g\u00f6z\u00fcn\u00fc b\u00f6lgeye \u00e7evirirken, siyasilerin \u00e7\u0131k\u0131\u015flar\u0131n\u0131n yan\u0131 s\u0131ra kamuoyunun g\u00f6r\u00fc\u015f\u00fc de merak ediliyor. GPO ara\u015ft\u0131rma \u015firketi Yunanistan\u2019\u0131n Ta NEA gazetesi i\u00e7in \u00fclkedeki s\u0131cak geli\u015fmelere ili\u015fkin bir anket d\u00fczenledi. Siyasi partilere verilen deste\u011fin de g\u00f6zler \u00f6n\u00fcne serildi\u011fi ankette, iktidardaki \u2018Yeni Demokrasi\u2019 partisi y\u00fczde 39.5\u2019le ilk s\u0131rada yer ald\u0131.<\/p>\n<p><strong>Mi\u00e7otakis\u2019e b\u00fcy\u00fck destek<\/strong><br \/>\n\u0130kinci s\u0131ray\u0131 y\u00fczde 22.5\u2019le \u2018Radikal Sol Koalisyon\u2019 (Syriza) al\u0131rken, onlar\u0131 s\u0131ras\u0131yla y\u00fczde 7 ile \u2018De\u011fi\u015fim Hareketi\u2019, y\u00fczde 5.2 ile \u2018Yunanistan Kom\u00fcnist Partisi\u2019, y\u00fczde 3.2 ile \u2018Helen \u00c7\u00f6z\u00fcm\u00fc\u2019 ve y\u00fczde 2.5\u2019la MeRA25 takip etti.<\/p>\n<p>Yunanistan Ba\u015fbakan\u0131 Mi\u00e7otakis\u2019i g\u00f6reve uygun bulanlar\u0131n oran\u0131 y\u00fczde 52.3 olurken, Aleksis \u00c7ipras\u2019\u0131 Ba\u015fbakan olarak g\u00f6rmek isteyenler ise y\u00fczde 26.2\u2019de kald\u0131.<\/p>\n<p><strong>Askeri g\u00fc\u00e7 kullan\u0131lmas\u0131n\u0131 isteyenler \u00e7o\u011funlukta<\/strong><br \/>\nAnketin en dikkat \u00e7ekici b\u00f6l\u00fcm\u00fc ise T\u00fcrkiye\u2019yle ilgili sorular\u0131n yer ald\u0131\u011f\u0131 k\u0131s\u0131m oldu.<em><strong> \u2018Yak\u0131n gelecekte T\u00fcrkiye\u2019yle ciddi bir \u00e7at\u0131\u015fma riskini nas\u0131l g\u00f6r\u00fcyorsunuz?\u2019<\/strong><\/em> sorusu \u00fczerine, ankete kat\u0131lanlar\u0131n y\u00fczde 63.7\u2019si riski y\u00fcksek bulurken, y\u00fczde 34.5\u2019i d\u00fc\u015f\u00fck buldu. Kat\u0131l\u0131mc\u0131lar\u0131n y\u00fczde 69.8\u2019i tansiyonu d\u00fc\u015f\u00fcrmek i\u00e7in diyalog \u00e7abalar\u0131n\u0131 faydal\u0131 bulurken, T\u00fcrkiye\u2019ye kar\u015f\u0131 askeri g\u00fc\u00e7 kullanma se\u00e7ene\u011fi y\u00fczde 49.2 \u2018evet\u2019, y\u00fczde 47.1 \u2018hay\u0131r\u2019 olarak \u015fekillendi.<\/p>\n","protected":false},"excerpt":{"rendered":"<p>Do\u011fu Akdeniz\u2019de ya\u015fanan gerilimle ilgili Yunanistan\u2019da yap\u0131lan ankette vatanda\u015flar\u0131n y\u00fczde 49.2\u2019si T\u00fcrkiye\u2019ye kar\u015f\u0131 askeri g\u00fc\u00e7 kullan\u0131lmas\u0131 gerekti\u011fini savunuyor. Bu se\u00e7ene\u011fe kar\u015f\u0131 \u00e7\u0131kanlar\u0131n oran\u0131 ise y\u00fczde 47.1. Yunanistan\u2019\u0131n Ta NEA gazetesinde yay\u0131nlanan bir anket, T\u00fcrkiye-Yunanistan gerilimine ili\u015fkin \u00e7arp\u0131c\u0131 sonu\u00e7lar ortaya koydu. Buna g\u00f6re Yunan halk\u0131n\u0131n y\u00fczde y\u00fczde 49.2\u2019si T\u00fcrkiye\u2019ye kar\u015f\u0131 askeri g\u00fc\u00e7 kullanma se\u00e7ene\u011fine olumlu bakt\u0131\u011f\u0131n\u0131 &hellip;<\/p>\n","protected":false},"author":1,"featured_media":27099,"comment_status":"open","ping_status":"open","sticky":false,"template":"","format":"standard","meta":{"footnotes":""},"categories":[57],"tags":[25,26],"class_list":["post-27098","post","type-post","status-publish","format-standard","has-post-thumbnail","hentry","category-yunanistan","tag-turkiye","tag-yunanistan"],"yoast_head":"<!-- This site is optimized with the Yoast SEO Premium plugin v26.3 (Yoast SEO v27.3) - https:\/\/yoast.com\/product\/yoast-seo-premium-wordpress\/ -->\n<title>Yunanistan&#039;da yap\u0131lan anket&quot;T\u00fcrkiye&#039;ye kar\u015f\u0131 askeri g\u00fc\u00e7 kullan\u0131ls\u0131n&quot;... - Bat\u0131 Trakya Haber<\/title>\n<meta name=\"robots\" content=\"index, follow, max-snippet:-1, max-image-preview:large, max-video-preview:-1\" \/>\n<link rel=\"canonical\" href=\"https:\/\/batitrakya.live\/index.php\/yunanistanda-yapilan-anketturkiyeye-karsi-askeri-guc-kullanilsin\/\" \/>\n<meta property=\"og:locale\" content=\"tr_TR\" \/>\n<meta property=\"og:type\" content=\"article\" \/>\n<meta property=\"og:title\" content=\"Yunanistan&#039;da yap\u0131lan anket&quot;T\u00fcrkiye&#039;ye kar\u015f\u0131 askeri g\u00fc\u00e7 kullan\u0131ls\u0131n&quot;...\" \/>\n<meta property=\"og:description\" content=\"Do\u011fu Akdeniz\u2019de ya\u015fanan gerilimle ilgili Yunanistan\u2019da yap\u0131lan ankette vatanda\u015flar\u0131n y\u00fczde 49.2\u2019si T\u00fcrkiye\u2019ye kar\u015f\u0131 askeri g\u00fc\u00e7 kullan\u0131lmas\u0131 gerekti\u011fini savunuyor. Bu se\u00e7ene\u011fe kar\u015f\u0131 \u00e7\u0131kanlar\u0131n oran\u0131 ise y\u00fczde 47.1. Yunanistan\u2019\u0131n Ta NEA gazetesinde yay\u0131nlanan bir anket, T\u00fcrkiye-Yunanistan gerilimine ili\u015fkin \u00e7arp\u0131c\u0131 sonu\u00e7lar ortaya koydu. Buna g\u00f6re Yunan halk\u0131n\u0131n y\u00fczde y\u00fczde 49.2\u2019si T\u00fcrkiye\u2019ye kar\u015f\u0131 askeri g\u00fc\u00e7 kullanma se\u00e7ene\u011fine olumlu bakt\u0131\u011f\u0131n\u0131 &hellip;\" \/>\n<meta property=\"og:url\" content=\"https:\/\/batitrakya.live\/index.php\/yunanistanda-yapilan-anketturkiyeye-karsi-askeri-guc-kullanilsin\/\" \/>\n<meta property=\"og:site_name\" content=\"Bat\u0131 Trakya Haber\" \/>\n<meta property=\"article:published_time\" content=\"2020-09-05T18:17:35+00:00\" \/>\n<meta property=\"og:image\" content=\"https:\/\/batitrakya.live\/wp-content\/uploads\/2020\/09\/greece_turkey.png\" \/>\n\t<meta property=\"og:image:width\" content=\"720\" \/>\n\t<meta property=\"og:image:height\" content=\"348\" \/>\n\t<meta property=\"og:image:type\" content=\"image\/png\" \/>\n<meta name=\"author\" content=\"tamer\" \/>\n<meta name=\"twitter:card\" content=\"summary_large_image\" \/>\n<meta name=\"twitter:label1\" content=\"Yazan:\" \/>\n\t<meta name=\"twitter:data1\" content=\"tamer\" \/>\n\t<meta name=\"twitter:label2\" content=\"Tahmini okuma s\u00fcresi\" \/>\n\t<meta name=\"twitter:data2\" content=\"2 dakika\" \/>\n<script type=\"application\/ld+json\" class=\"yoast-schema-graph\">{\"@context\":\"https:\\\/\\\/schema.org\",\"@graph\":[{\"@type\":\"Article\",\"@id\":\"https:\\\/\\\/batitrakya.live\\\/index.php\\\/yunanistanda-yapilan-anketturkiyeye-karsi-askeri-guc-kullanilsin\\\/#article\",\"isPartOf\":{\"@id\":\"https:\\\/\\\/batitrakya.live\\\/index.php\\\/yunanistanda-yapilan-anketturkiyeye-karsi-askeri-guc-kullanilsin\\\/\"},\"author\":{\"name\":\"tamer\",\"@id\":\"https:\\\/\\\/batitrakya.live\\\/#\\\/schema\\\/person\\\/61b86abbc19e5fa0bbc3059670546fe5\"},\"headline\":\"Yunanistan&#8217;da yap\u0131lan anket&#8221;T\u00fcrkiye&#8217;ye kar\u015f\u0131 askeri g\u00fc\u00e7 kullan\u0131ls\u0131n&#8221;&#8230;\",\"datePublished\":\"2020-09-05T18:17:35+00:00\",\"mainEntityOfPage\":{\"@id\":\"https:\\\/\\\/batitrakya.live\\\/index.php\\\/yunanistanda-yapilan-anketturkiyeye-karsi-askeri-guc-kullanilsin\\\/\"},\"wordCount\":379,\"commentCount\":0,\"image\":{\"@id\":\"https:\\\/\\\/batitrakya.live\\\/index.php\\\/yunanistanda-yapilan-anketturkiyeye-karsi-askeri-guc-kullanilsin\\\/#primaryimage\"},\"thumbnailUrl\":\"https:\\\/\\\/batitrakya.live\\\/wp-content\\\/uploads\\\/2020\\\/09\\\/greece_turkey.png\",\"keywords\":[\"T\u00fcrkiye\",\"Yunanistan\"],\"articleSection\":[\"Yunanistan Haber\"],\"inLanguage\":\"tr\",\"potentialAction\":[{\"@type\":\"CommentAction\",\"name\":\"Comment\",\"target\":[\"https:\\\/\\\/batitrakya.live\\\/index.php\\\/yunanistanda-yapilan-anketturkiyeye-karsi-askeri-guc-kullanilsin\\\/#respond\"]}],\"copyrightYear\":\"2020\",\"copyrightHolder\":{\"@id\":\"https:\\\/\\\/batitrakya.live\\\/#organization\"}},{\"@type\":\"WebPage\",\"@id\":\"https:\\\/\\\/batitrakya.live\\\/index.php\\\/yunanistanda-yapilan-anketturkiyeye-karsi-askeri-guc-kullanilsin\\\/\",\"url\":\"https:\\\/\\\/batitrakya.live\\\/index.php\\\/yunanistanda-yapilan-anketturkiyeye-karsi-askeri-guc-kullanilsin\\\/\",\"name\":\"Yunanistan'da yap\u0131lan anket\\\"T\u00fcrkiye'ye kar\u015f\u0131 askeri g\u00fc\u00e7 kullan\u0131ls\u0131n\\\"... - Bat\u0131 Trakya Haber\",\"isPartOf\":{\"@id\":\"https:\\\/\\\/batitrakya.live\\\/#website\"},\"primaryImageOfPage\":{\"@id\":\"https:\\\/\\\/batitrakya.live\\\/index.php\\\/yunanistanda-yapilan-anketturkiyeye-karsi-askeri-guc-kullanilsin\\\/#primaryimage\"},\"image\":{\"@id\":\"https:\\\/\\\/batitrakya.live\\\/index.php\\\/yunanistanda-yapilan-anketturkiyeye-karsi-askeri-guc-kullanilsin\\\/#primaryimage\"},\"thumbnailUrl\":\"https:\\\/\\\/batitrakya.live\\\/wp-content\\\/uploads\\\/2020\\\/09\\\/greece_turkey.png\",\"datePublished\":\"2020-09-05T18:17:35+00:00\",\"author\":{\"@id\":\"https:\\\/\\\/batitrakya.live\\\/#\\\/schema\\\/person\\\/61b86abbc19e5fa0bbc3059670546fe5\"},\"breadcrumb\":{\"@id\":\"https:\\\/\\\/batitrakya.live\\\/index.php\\\/yunanistanda-yapilan-anketturkiyeye-karsi-askeri-guc-kullanilsin\\\/#breadcrumb\"},\"inLanguage\":\"tr\",\"potentialAction\":[{\"@type\":\"ReadAction\",\"target\":[\"https:\\\/\\\/batitrakya.live\\\/index.php\\\/yunanistanda-yapilan-anketturkiyeye-karsi-askeri-guc-kullanilsin\\\/\"]}]},{\"@type\":\"ImageObject\",\"inLanguage\":\"tr\",\"@id\":\"https:\\\/\\\/batitrakya.live\\\/index.php\\\/yunanistanda-yapilan-anketturkiyeye-karsi-askeri-guc-kullanilsin\\\/#primaryimage\",\"url\":\"https:\\\/\\\/batitrakya.live\\\/wp-content\\\/uploads\\\/2020\\\/09\\\/greece_turkey.png\",\"contentUrl\":\"https:\\\/\\\/batitrakya.live\\\/wp-content\\\/uploads\\\/2020\\\/09\\\/greece_turkey.png\",\"width\":720,\"height\":348},{\"@type\":\"BreadcrumbList\",\"@id\":\"https:\\\/\\\/batitrakya.live\\\/index.php\\\/yunanistanda-yapilan-anketturkiyeye-karsi-askeri-guc-kullanilsin\\\/#breadcrumb\",\"itemListElement\":[{\"@type\":\"ListItem\",\"position\":1,\"name\":\"Anasayfa\",\"item\":\"https:\\\/\\\/batitrakya.live\\\/\"},{\"@type\":\"ListItem\",\"position\":2,\"name\":\"Yunanistan&#8217;da yap\u0131lan anket&#8221;T\u00fcrkiye&#8217;ye kar\u015f\u0131 askeri g\u00fc\u00e7 kullan\u0131ls\u0131n&#8221;&#8230;\"}]},{\"@type\":\"WebSite\",\"@id\":\"https:\\\/\\\/batitrakya.live\\\/#website\",\"url\":\"https:\\\/\\\/batitrakya.live\\\/\",\"name\":\"Bat\u0131 Trakya Haber\",\"description\":\"Bat\u0131 Trakyan\u0131n internetteki sesi..\",\"potentialAction\":[{\"@type\":\"SearchAction\",\"target\":{\"@type\":\"EntryPoint\",\"urlTemplate\":\"https:\\\/\\\/batitrakya.live\\\/?s={search_term_string}\"},\"query-input\":{\"@type\":\"PropertyValueSpecification\",\"valueRequired\":true,\"valueName\":\"search_term_string\"}}],\"inLanguage\":\"tr\"},{\"@type\":\"Person\",\"@id\":\"https:\\\/\\\/batitrakya.live\\\/#\\\/schema\\\/person\\\/61b86abbc19e5fa0bbc3059670546fe5\",\"name\":\"tamer\",\"image\":{\"@type\":\"ImageObject\",\"inLanguage\":\"tr\",\"@id\":\"https:\\\/\\\/secure.gravatar.com\\\/avatar\\\/60b0ff14c4376999cea9565d28b91fc61ff0f727c28cd083506a6d83ad6df9c9?s=96&d=mm&r=g\",\"url\":\"https:\\\/\\\/secure.gravatar.com\\\/avatar\\\/60b0ff14c4376999cea9565d28b91fc61ff0f727c28cd083506a6d83ad6df9c9?s=96&d=mm&r=g\",\"contentUrl\":\"https:\\\/\\\/secure.gravatar.com\\\/avatar\\\/60b0ff14c4376999cea9565d28b91fc61ff0f727c28cd083506a6d83ad6df9c9?s=96&d=mm&r=g\",\"caption\":\"tamer\"},\"sameAs\":[\"https:\\\/\\\/batitrakya.live\"],\"url\":\"https:\\\/\\\/batitrakya.live\\\/index.php\\\/author\\\/tamer\\\/\"}]}<\/script>\n<!-- \/ Yoast SEO Premium plugin. -->","yoast_head_json":{"title":"Yunanistan'da yap\u0131lan anket\"T\u00fcrkiye'ye kar\u015f\u0131 askeri g\u00fc\u00e7 kullan\u0131ls\u0131n\"... - Bat\u0131 Trakya Haber","robots":{"index":"index","follow":"follow","max-snippet":"max-snippet:-1","max-image-preview":"max-image-preview:large","max-video-preview":"max-video-preview:-1"},"canonical":"https:\/\/batitrakya.live\/index.php\/yunanistanda-yapilan-anketturkiyeye-karsi-askeri-guc-kullanilsin\/","og_locale":"tr_TR","og_type":"article","og_title":"Yunanistan'da yap\u0131lan anket\"T\u00fcrkiye'ye kar\u015f\u0131 askeri g\u00fc\u00e7 kullan\u0131ls\u0131n\"...","og_description":"Do\u011fu Akdeniz\u2019de ya\u015fanan gerilimle ilgili Yunanistan\u2019da yap\u0131lan ankette vatanda\u015flar\u0131n y\u00fczde 49.2\u2019si T\u00fcrkiye\u2019ye kar\u015f\u0131 askeri g\u00fc\u00e7 kullan\u0131lmas\u0131 gerekti\u011fini savunuyor. Bu se\u00e7ene\u011fe kar\u015f\u0131 \u00e7\u0131kanlar\u0131n oran\u0131 ise y\u00fczde 47.1. Yunanistan\u2019\u0131n Ta NEA gazetesinde yay\u0131nlanan bir anket, T\u00fcrkiye-Yunanistan gerilimine ili\u015fkin \u00e7arp\u0131c\u0131 sonu\u00e7lar ortaya koydu. Buna g\u00f6re Yunan halk\u0131n\u0131n y\u00fczde y\u00fczde 49.2\u2019si T\u00fcrkiye\u2019ye kar\u015f\u0131 askeri g\u00fc\u00e7 kullanma se\u00e7ene\u011fine olumlu bakt\u0131\u011f\u0131n\u0131 &hellip;","og_url":"https:\/\/batitrakya.live\/index.php\/yunanistanda-yapilan-anketturkiyeye-karsi-askeri-guc-kullanilsin\/","og_site_name":"Bat\u0131 Trakya Haber","article_published_time":"2020-09-05T18:17:35+00:00","og_image":[{"width":720,"height":348,"url":"https:\/\/batitrakya.live\/wp-content\/uploads\/2020\/09\/greece_turkey.png","type":"image\/png"}],"author":"tamer","twitter_card":"summary_large_image","twitter_misc":{"Yazan:":"tamer","Tahmini okuma s\u00fcresi":"2 dakika"},"schema":{"@context":"https:\/\/schema.org","@graph":[{"@type":"Article","@id":"https:\/\/batitrakya.live\/index.php\/yunanistanda-yapilan-anketturkiyeye-karsi-askeri-guc-kullanilsin\/#article","isPartOf":{"@id":"https:\/\/batitrakya.live\/index.php\/yunanistanda-yapilan-anketturkiyeye-karsi-askeri-guc-kullanilsin\/"},"author":{"name":"tamer","@id":"https:\/\/batitrakya.live\/#\/schema\/person\/61b86abbc19e5fa0bbc3059670546fe5"},"headline":"Yunanistan&#8217;da yap\u0131lan anket&#8221;T\u00fcrkiye&#8217;ye kar\u015f\u0131 askeri g\u00fc\u00e7 kullan\u0131ls\u0131n&#8221;&#8230;","datePublished":"2020-09-05T18:17:35+00:00","mainEntityOfPage":{"@id":"https:\/\/batitrakya.live\/index.php\/yunanistanda-yapilan-anketturkiyeye-karsi-askeri-guc-kullanilsin\/"},"wordCount":379,"commentCount":0,"image":{"@id":"https:\/\/batitrakya.live\/index.php\/yunanistanda-yapilan-anketturkiyeye-karsi-askeri-guc-kullanilsin\/#primaryimage"},"thumbnailUrl":"https:\/\/batitrakya.live\/wp-content\/uploads\/2020\/09\/greece_turkey.png","keywords":["T\u00fcrkiye","Yunanistan"],"articleSection":["Yunanistan Haber"],"inLanguage":"tr","potentialAction":[{"@type":"CommentAction","name":"Comment","target":["https:\/\/batitrakya.live\/index.php\/yunanistanda-yapilan-anketturkiyeye-karsi-askeri-guc-kullanilsin\/#respond"]}],"copyrightYear":"2020","copyrightHolder":{"@id":"https:\/\/batitrakya.live\/#organization"}},{"@type":"WebPage","@id":"https:\/\/batitrakya.live\/index.php\/yunanistanda-yapilan-anketturkiyeye-karsi-askeri-guc-kullanilsin\/","url":"https:\/\/batitrakya.live\/index.php\/yunanistanda-yapilan-anketturkiyeye-karsi-askeri-guc-kullanilsin\/","name":"Yunanistan'da yap\u0131lan anket\"T\u00fcrkiye'ye kar\u015f\u0131 askeri g\u00fc\u00e7 kullan\u0131ls\u0131n\"... - Bat\u0131 Trakya Haber","isPartOf":{"@id":"https:\/\/batitrakya.live\/#website"},"primaryImageOfPage":{"@id":"https:\/\/batitrakya.live\/index.php\/yunanistanda-yapilan-anketturkiyeye-karsi-askeri-guc-kullanilsin\/#primaryimage"},"image":{"@id":"https:\/\/batitrakya.live\/index.php\/yunanistanda-yapilan-anketturkiyeye-karsi-askeri-guc-kullanilsin\/#primaryimage"},"thumbnailUrl":"https:\/\/batitrakya.live\/wp-content\/uploads\/2020\/09\/greece_turkey.png","datePublished":"2020-09-05T18:17:35+00:00","author":{"@id":"https:\/\/batitrakya.live\/#\/schema\/person\/61b86abbc19e5fa0bbc3059670546fe5"},"breadcrumb":{"@id":"https:\/\/batitrakya.live\/index.php\/yunanistanda-yapilan-anketturkiyeye-karsi-askeri-guc-kullanilsin\/#breadcrumb"},"inLanguage":"tr","potentialAction":[{"@type":"ReadAction","target":["https:\/\/batitrakya.live\/index.php\/yunanistanda-yapilan-anketturkiyeye-karsi-askeri-guc-kullanilsin\/"]}]},{"@type":"ImageObject","inLanguage":"tr","@id":"https:\/\/batitrakya.live\/index.php\/yunanistanda-yapilan-anketturkiyeye-karsi-askeri-guc-kullanilsin\/#primaryimage","url":"https:\/\/batitrakya.live\/wp-content\/uploads\/2020\/09\/greece_turkey.png","contentUrl":"https:\/\/batitrakya.live\/wp-content\/uploads\/2020\/09\/greece_turkey.png","width":720,"height":348},{"@type":"BreadcrumbList","@id":"https:\/\/batitrakya.live\/index.php\/yunanistanda-yapilan-anketturkiyeye-karsi-askeri-guc-kullanilsin\/#breadcrumb","itemListElement":[{"@type":"ListItem","position":1,"name":"Anasayfa","item":"https:\/\/batitrakya.live\/"},{"@type":"ListItem","position":2,"name":"Yunanistan&#8217;da yap\u0131lan anket&#8221;T\u00fcrkiye&#8217;ye kar\u015f\u0131 askeri g\u00fc\u00e7 kullan\u0131ls\u0131n&#8221;&#8230;"}]},{"@type":"WebSite","@id":"https:\/\/batitrakya.live\/#website","url":"https:\/\/batitrakya.live\/","name":"Bat\u0131 Trakya Haber","description":"Bat\u0131 Trakyan\u0131n internetteki sesi..","potentialAction":[{"@type":"SearchAction","target":{"@type":"EntryPoint","urlTemplate":"https:\/\/batitrakya.live\/?s={search_term_string}"},"query-input":{"@type":"PropertyValueSpecification","valueRequired":true,"valueName":"search_term_string"}}],"inLanguage":"tr"},{"@type":"Person","@id":"https:\/\/batitrakya.live\/#\/schema\/person\/61b86abbc19e5fa0bbc3059670546fe5","name":"tamer","image":{"@type":"ImageObject","inLanguage":"tr","@id":"https:\/\/secure.gravatar.com\/avatar\/60b0ff14c4376999cea9565d28b91fc61ff0f727c28cd083506a6d83ad6df9c9?s=96&d=mm&r=g","url":"https:\/\/secure.gravatar.com\/avatar\/60b0ff14c4376999cea9565d28b91fc61ff0f727c28cd083506a6d83ad6df9c9?s=96&d=mm&r=g","contentUrl":"https:\/\/secure.gravatar.com\/avatar\/60b0ff14c4376999cea9565d28b91fc61ff0f727c28cd083506a6d83ad6df9c9?s=96&d=mm&r=g","caption":"tamer"},"sameAs":["https:\/\/batitrakya.live"],"url":"https:\/\/batitrakya.live\/index.php\/author\/tamer\/"}]}},"_links":{"self":[{"href":"https:\/\/batitrakya.live\/index.php\/wp-json\/wp\/v2\/posts\/27098","targetHints":{"allow":["GET"]}}],"collection":[{"href":"https:\/\/batitrakya.live\/index.php\/wp-json\/wp\/v2\/posts"}],"about":[{"href":"https:\/\/batitrakya.live\/index.php\/wp-json\/wp\/v2\/types\/post"}],"author":[{"embeddable":true,"href":"https:\/\/batitrakya.live\/index.php\/wp-json\/wp\/v2\/users\/1"}],"replies":[{"embeddable":true,"href":"https:\/\/batitrakya.live\/index.php\/wp-json\/wp\/v2\/comments?post=27098"}],"version-history":[{"count":0,"href":"https:\/\/batitrakya.live\/index.php\/wp-json\/wp\/v2\/posts\/27098\/revisions"}],"wp:featuredmedia":[{"embeddable":true,"href":"https:\/\/batitrakya.live\/index.php\/wp-json\/wp\/v2\/media\/27099"}],"wp:attachment":[{"href":"https:\/\/batitrakya.live\/index.php\/wp-json\/wp\/v2\/media?parent=27098"}],"wp:term":[{"taxonomy":"category","embeddable":true,"href":"https:\/\/batitrakya.live\/index.php\/wp-json\/wp\/v2\/categories?post=27098"},{"taxonomy":"post_tag","embeddable":true,"href":"https:\/\/batitrakya.live\/index.php\/wp-json\/wp\/v2\/tags?post=27098"}],"curies":[{"name":"wp","href":"https:\/\/api.w.org\/{rel}","templated":true}]}}