{"id":24972,"date":"2020-05-27T14:46:16","date_gmt":"2020-05-27T11:46:16","guid":{"rendered":"http:\/\/batitrakya.online\/?p=24972"},"modified":"2020-05-27T14:46:16","modified_gmt":"2020-05-27T11:46:16","slug":"cocuklar-d-vitamini-icin-gunesli-gunlerde-balkona-cikarilmali","status":"publish","type":"post","link":"https:\/\/batitrakya.live\/index.php\/cocuklar-d-vitamini-icin-gunesli-gunlerde-balkona-cikarilmali\/","title":{"rendered":"\u00c7ocuklar D vitamini i\u00e7in g\u00fcne\u015fli g\u00fcnlerde balkona \u00e7\u0131kar\u0131lmal\u0131&#8230;"},"content":{"rendered":"<p>Uzmanlar yeni tip koronavir\u00fcs salg\u0131n\u0131yla m\u00fccadele kapsam\u0131nda soka\u011fa \u00e7\u0131kmalar\u0131 k\u0131s\u0131tlanan \u00e7ocuklar\u0131n D vitaminine ihtiya\u00e7 duydu\u011funu belirtiyor.<\/p>\n<p>\u00c7ocuk Sa\u011fl\u0131\u011f\u0131 ve Hastal\u0131klar\u0131 Uzman\u0131 Do\u00e7. Dr. Akg\u00fcl Akp\u0131narl\u0131 Antony, yeni tip koronavir\u00fcs salg\u0131n\u0131yla m\u00fccadele kapsam\u0131nda soka\u011fa \u00e7\u0131kmalar\u0131 k\u0131s\u0131tlanan \u00e7ocuklar\u0131n daha az g\u00fcne\u015fe maruz kald\u0131klar\u0131 i\u00e7in daha az D vitamini \u00fcrettiklerini belirterek, &#8220;Oysa D vitamini en fazla sentezleyebilece\u011fimiz yaz g\u00fcnlerindeyiz. Bu nedenle her g\u00fcn \u00e7ocuklar\u0131 mutlaka belli aral\u0131klarla g\u00fcne\u015fe \u00e7\u0131karmak gerekiyor. Bunun i\u00e7in balkonlar\u0131m\u0131z varsa onlar\u0131 kullanaca\u011f\u0131z ya da cam\u0131 a\u00e7\u0131p \u00e7ocuklar\u0131m\u0131z\u0131n g\u00fcne\u015f \u0131\u015f\u0131\u011f\u0131 almalar\u0131n\u0131 sa\u011flayaca\u011f\u0131z.&#8221; dedi.<\/p>\n<p>\u00c7ocuk sa\u011fl\u0131\u011f\u0131, imm\u00fcnoloji ve alerji alan\u0131nda \u00e7al\u0131\u015fan Akp\u0131narl\u0131, yapt\u0131\u011f\u0131 a\u00e7\u0131klamada, may\u0131s ay\u0131yla birlikte g\u00fcne\u015fin y\u00fcz\u00fcn\u00fc g\u00f6stermeye ba\u015flad\u0131\u011f\u0131n\u0131 s\u00f6yledi.<\/p>\n<p>D vitaminin tek kayna\u011f\u0131n\u0131n g\u00fcne\u015f oldu\u011funu vurgulayan Akp\u0131narl\u0131, \u00c7in&#8217;de ba\u015flayan ve t\u00fcm d\u00fcnyaya yay\u0131lan koronavir\u00fcs nedeniyle evlere kapan\u0131lan bug\u00fcnlerde bir\u00e7ok insan\u0131n g\u00fcne\u015fin yararl\u0131 etkilerinden mahrum kald\u0131\u011f\u0131n\u0131 belirtti.<\/p>\n<p>Akp\u0131narl\u0131, D vitamini \u00fczerine yap\u0131lan ara\u015ft\u0131rmalara de\u011finerek, &#8220;Yeni \u00e7al\u0131\u015fmalar g\u00f6steriyor ki g\u00fcne\u015f \u0131\u015f\u0131nlar\u0131ndan elde etti\u011fimiz D vitamini yaln\u0131zca kemik ve kalsiyum metabolizmas\u0131 i\u00e7in de\u011fil, ba\u011f\u0131\u015f\u0131kl\u0131k sistemini i\u00e7in de \u00f6nemli rol oynuyor. Ebeveynler \u00e7ocuklar\u0131n\u0131 bu de\u011ferli vitaminden mahrum b\u0131rakmamal\u0131lar.&#8221; diye konu\u015ftu.<\/p>\n<p>G\u00fcne\u015f \u0131\u015f\u0131nlar\u0131n\u0131n etkisini g\u00f6stermeye ba\u015flad\u0131\u011f\u0131na dikkati \u00e7eken, Akp\u0131narl\u0131, &#8220;Kemik ve kalsiyum metabolizmas\u0131 i\u00e7in de\u011ferli g\u00f6r\u00fclen D vitaminin al\u0131m\u0131 i\u00e7inse en do\u011fal kaynak g\u00fcne\u015f \u0131\u015f\u0131nlar\u0131 olarak g\u00f6steriliyor. Atalar\u0131m\u0131z, &#8216;G\u00fcne\u015f girmeyen eve doktor girer.&#8217; derler.<\/p>\n<p>D vitamini yaln\u0131zca kemik ve kalsiyum metabolizmas\u0131n\u0131 de\u011fil, v\u00fccuttaki hemen hemen her sistemi olumlu etkiliyor. \u00d6zellikle g\u00fc\u00e7l\u00fc ve sa\u011fl\u0131kl\u0131 bir ba\u011f\u0131\u015f\u0131kl\u0131k sistemi i\u00e7in D vitaminine ihtiyac\u0131m\u0131z var.&#8221; ifadelerini kulland\u0131.<\/p>\n<p><strong>&#8220;\u00c7ocuklar\u0131n\u0131z\u0131 D vitamininden mahrum b\u0131rakmay\u0131n&#8221;<\/strong><br \/>\nKoronavir\u00fcs nedeniyle ba\u015fta ya\u015fl\u0131lar ve \u00e7ocuklar olmak \u00fczere insanlar\u0131n b\u00fcy\u00fck bir b\u00f6l\u00fcm\u00fcn\u00fcn evlere kapand\u0131\u011f\u0131n\u0131 an\u0131msatan Akp\u0131narl\u0131, bu nedenle d\u0131\u015far\u0131 \u00e7\u0131k\u0131lamad\u0131\u011f\u0131 g\u00fcnlerde farkl\u0131 yollarla insanlar\u0131n g\u00fcne\u015f \u0131\u015f\u0131nlar\u0131n\u0131 almas\u0131 gerekti\u011fini dile getirdi.<\/p>\n<p><em><strong>Akp\u0131narl\u0131, yeteri kadar g\u00fcne\u015f \u0131\u015f\u0131\u011f\u0131 alamaman\u0131n \u00e7e\u015fitli sa\u011fl\u0131k sorunlar\u0131na yol a\u00e7aca\u011f\u0131na vurgu yaparak, \u015funlar\u0131 kaydetti:<\/strong><\/em><\/p>\n<p>&#8220;Kovid-19 nedeniyle evlere kapand\u0131\u011f\u0131m\u0131z bug\u00fcnlerde \u00e7ocuklar\u0131m\u0131z yeterince d\u0131\u015far\u0131ya \u00e7\u0131kamad\u0131\u011f\u0131 i\u00e7in her g\u00fcn d\u00fczenli olarak aileleri taraf\u0131ndan g\u00fcne\u015flendirilmeli. D vitamini olduk\u00e7a hayati bir vitamin. G\u00fcne\u015flenerek D vitamini almalar\u0131n\u0131 sa\u011flamam\u0131z gerekiyor.<\/p>\n<p>D vitaminini g\u00fcne\u015f \u0131\u015f\u0131nlar\u0131n\u0131n derimize temas etmesiyle elde ederiz ve g\u00fcne\u015f arac\u0131l\u0131\u011f\u0131yla elde etti\u011fimiz D vitamini, ihtiyac\u0131m\u0131z\u0131n y\u00fczde 90 ila 95&#8217;ini kar\u015f\u0131lar.<\/p>\n<p>G\u00fcn\u00fcm\u00fcz \u015fartlar\u0131nda \u00e7ocuklar\u0131m\u0131z maalesef d\u0131\u015far\u0131ya \u00e7\u0131kam\u0131yor. Daha az g\u00fcne\u015fe maruz kal\u0131p daha az D vitamini \u00fcretiyorlar. Oysa D vitaminini en fazla sentezleyebilece\u011fimiz yaz g\u00fcnlerindeyiz.<\/p>\n<p>Bu nedenle her g\u00fcn \u00e7ocuklar\u0131 mutlaka belli aral\u0131klarla g\u00fcne\u015fe \u00e7\u0131karmak gerekiyor. Bunun i\u00e7in balkonlar\u0131m\u0131z varsa onlar\u0131 kullanaca\u011f\u0131z ya da cam\u0131 a\u00e7\u0131p \u00e7ocuklar\u0131m\u0131z\u0131n g\u00fcne\u015f \u0131\u015f\u0131\u011f\u0131 almalar\u0131n\u0131 sa\u011flayaca\u011f\u0131z.&#8221;<\/p>\n<p><strong>&#8220;G\u00fcne\u015flenirken koruma kullanmay\u0131n&#8221;<\/strong><br \/>\nD vitamini \u00fcretimi i\u00e7in g\u00fcne\u015f \u0131\u015f\u0131nlar\u0131n\u0131n do\u011frudan deriye n\u00fcfuz etmesi gerekti\u011finin alt\u0131n\u0131 \u00e7izen Do\u00e7. Dr. Akp\u0131narl\u0131, &#8220;G\u00fcne\u015flenirken, g\u00fcne\u015f ile derimiz aras\u0131nda pencere, k\u0131yafet, g\u00fcne\u015f kremi gibi \u015feylerin olmamas\u0131 gerekiyor. G\u00fcne\u015flenme i\u00e7in en uygun saat g\u00fcne\u015f \u0131\u015f\u0131klar\u0131n\u0131n en dik geldi\u011fi \u00f6\u011flen saatleridir. O nedenle saat 12.00, g\u00fcne\u015flenmek i\u00e7in en uygun saattir. 11.00 ila 13.00 aras\u0131 D vitamini \u00fcretimi i\u00e7in \u00f6nerilen saatlerdir.&#8221; bilgisini verdi.<\/p>\n<p><em><strong>\u00c7ocuklar\u0131n g\u00fcne\u015fin zararl\u0131 etkilerinden korunmas\u0131 i\u00e7in yap\u0131lmas\u0131 gerekenleri de anlatan Akp\u0131narl\u0131, s\u00f6zlerini \u015f\u00f6yle tamamlad\u0131:<\/strong><\/em><\/p>\n<p>&#8220;G\u00fcne\u015f \u0131\u015f\u0131nlar\u0131n\u0131n \u00e7ocuklar\u0131n derisine zarar vermemesi i\u00e7in g\u00fcne\u015flendirme i\u015flemini al\u0131\u015ft\u0131rarak yapmak gerekir. \u0130lk g\u00fcn 3 dakika, ikinci g\u00fcn 5 dakika, \u00fc\u00e7\u00fcnc\u00fc g\u00fcn 7 dakika, d\u00f6rd\u00fcnc\u00fc g\u00fcn 10 dakika, be\u015finci g\u00fcn 15 dakika, alt\u0131nc\u0131 g\u00fcn 20 dakika, yedinci g\u00fcn 25 dakika ve \u00e7ocuk al\u0131\u015ft\u0131ktan sonra her g\u00fcn d\u00fczenli olarak 20-25 dakika g\u00fcne\u015flendirme yaparsak g\u00fcne\u015fin zararl\u0131 etkilerinden korunmu\u015f oluruz.&#8221;<\/p>\n","protected":false},"excerpt":{"rendered":"<p>Uzmanlar yeni tip koronavir\u00fcs salg\u0131n\u0131yla m\u00fccadele kapsam\u0131nda soka\u011fa \u00e7\u0131kmalar\u0131 k\u0131s\u0131tlanan \u00e7ocuklar\u0131n D vitaminine ihtiya\u00e7 duydu\u011funu belirtiyor. \u00c7ocuk Sa\u011fl\u0131\u011f\u0131 ve Hastal\u0131klar\u0131 Uzman\u0131 Do\u00e7. Dr. Akg\u00fcl Akp\u0131narl\u0131 Antony, yeni tip koronavir\u00fcs salg\u0131n\u0131yla m\u00fccadele kapsam\u0131nda soka\u011fa \u00e7\u0131kmalar\u0131 k\u0131s\u0131tlanan \u00e7ocuklar\u0131n daha az g\u00fcne\u015fe maruz kald\u0131klar\u0131 i\u00e7in daha az D vitamini \u00fcrettiklerini belirterek, &#8220;Oysa D vitamini en fazla sentezleyebilece\u011fimiz yaz &hellip;<\/p>\n","protected":false},"author":1,"featured_media":33083,"comment_status":"open","ping_status":"open","sticky":false,"template":"","format":"standard","meta":{"footnotes":""},"categories":[239],"tags":[583,146],"class_list":["post-24972","post","type-post","status-publish","format-standard","has-post-thumbnail","hentry","category-saglikyasam","tag-gunes","tag-saglik"],"yoast_head":"<!-- This site is optimized with the Yoast SEO Premium plugin v26.3 (Yoast SEO v27.3) - https:\/\/yoast.com\/product\/yoast-seo-premium-wordpress\/ -->\n<title>\u00c7ocuklar D vitamini i\u00e7in g\u00fcne\u015fli g\u00fcnlerde balkona \u00e7\u0131kar\u0131lmal\u0131... - Bat\u0131 Trakya Haber<\/title>\n<meta name=\"robots\" content=\"index, follow, max-snippet:-1, max-image-preview:large, max-video-preview:-1\" \/>\n<link rel=\"canonical\" href=\"https:\/\/batitrakya.live\/index.php\/cocuklar-d-vitamini-icin-gunesli-gunlerde-balkona-cikarilmali\/\" \/>\n<meta property=\"og:locale\" content=\"tr_TR\" \/>\n<meta property=\"og:type\" content=\"article\" \/>\n<meta property=\"og:title\" content=\"\u00c7ocuklar D vitamini i\u00e7in g\u00fcne\u015fli g\u00fcnlerde balkona \u00e7\u0131kar\u0131lmal\u0131...\" \/>\n<meta property=\"og:description\" content=\"Uzmanlar yeni tip koronavir\u00fcs salg\u0131n\u0131yla m\u00fccadele kapsam\u0131nda soka\u011fa \u00e7\u0131kmalar\u0131 k\u0131s\u0131tlanan \u00e7ocuklar\u0131n D vitaminine ihtiya\u00e7 duydu\u011funu belirtiyor. \u00c7ocuk Sa\u011fl\u0131\u011f\u0131 ve Hastal\u0131klar\u0131 Uzman\u0131 Do\u00e7. Dr. Akg\u00fcl Akp\u0131narl\u0131 Antony, yeni tip koronavir\u00fcs salg\u0131n\u0131yla m\u00fccadele kapsam\u0131nda soka\u011fa \u00e7\u0131kmalar\u0131 k\u0131s\u0131tlanan \u00e7ocuklar\u0131n daha az g\u00fcne\u015fe maruz kald\u0131klar\u0131 i\u00e7in daha az D vitamini \u00fcrettiklerini belirterek, &#8220;Oysa D vitamini en fazla sentezleyebilece\u011fimiz yaz &hellip;\" \/>\n<meta property=\"og:url\" content=\"https:\/\/batitrakya.live\/index.php\/cocuklar-d-vitamini-icin-gunesli-gunlerde-balkona-cikarilmali\/\" \/>\n<meta property=\"og:site_name\" content=\"Bat\u0131 Trakya Haber\" \/>\n<meta property=\"article:published_time\" content=\"2020-05-27T11:46:16+00:00\" \/>\n<meta property=\"og:image\" content=\"https:\/\/batitrakya.live\/wp-content\/uploads\/2020\/05\/d_vitamini.jpg\" \/>\n\t<meta property=\"og:image:width\" content=\"720\" \/>\n\t<meta property=\"og:image:height\" content=\"348\" \/>\n\t<meta property=\"og:image:type\" content=\"image\/jpeg\" \/>\n<meta name=\"author\" content=\"tamer\" \/>\n<meta name=\"twitter:card\" content=\"summary_large_image\" \/>\n<meta name=\"twitter:label1\" content=\"Yazan:\" \/>\n\t<meta name=\"twitter:data1\" content=\"tamer\" \/>\n\t<meta name=\"twitter:label2\" content=\"Tahmini okuma s\u00fcresi\" \/>\n\t<meta name=\"twitter:data2\" content=\"4 dakika\" \/>\n<script type=\"application\/ld+json\" class=\"yoast-schema-graph\">{\"@context\":\"https:\\\/\\\/schema.org\",\"@graph\":[{\"@type\":\"Article\",\"@id\":\"https:\\\/\\\/batitrakya.live\\\/index.php\\\/cocuklar-d-vitamini-icin-gunesli-gunlerde-balkona-cikarilmali\\\/#article\",\"isPartOf\":{\"@id\":\"https:\\\/\\\/batitrakya.live\\\/index.php\\\/cocuklar-d-vitamini-icin-gunesli-gunlerde-balkona-cikarilmali\\\/\"},\"author\":{\"name\":\"tamer\",\"@id\":\"https:\\\/\\\/batitrakya.live\\\/#\\\/schema\\\/person\\\/61b86abbc19e5fa0bbc3059670546fe5\"},\"headline\":\"\u00c7ocuklar D vitamini i\u00e7in g\u00fcne\u015fli g\u00fcnlerde balkona \u00e7\u0131kar\u0131lmal\u0131&#8230;\",\"datePublished\":\"2020-05-27T11:46:16+00:00\",\"mainEntityOfPage\":{\"@id\":\"https:\\\/\\\/batitrakya.live\\\/index.php\\\/cocuklar-d-vitamini-icin-gunesli-gunlerde-balkona-cikarilmali\\\/\"},\"wordCount\":807,\"commentCount\":0,\"image\":{\"@id\":\"https:\\\/\\\/batitrakya.live\\\/index.php\\\/cocuklar-d-vitamini-icin-gunesli-gunlerde-balkona-cikarilmali\\\/#primaryimage\"},\"thumbnailUrl\":\"https:\\\/\\\/batitrakya.live\\\/wp-content\\\/uploads\\\/2020\\\/05\\\/d_vitamini.jpg\",\"keywords\":[\"G\u00fcne\u015f\",\"Sa\u011fl\u0131k\"],\"articleSection\":[\"Sa\u011fl\u0131k | Ya\u015fam\"],\"inLanguage\":\"tr\",\"potentialAction\":[{\"@type\":\"CommentAction\",\"name\":\"Comment\",\"target\":[\"https:\\\/\\\/batitrakya.live\\\/index.php\\\/cocuklar-d-vitamini-icin-gunesli-gunlerde-balkona-cikarilmali\\\/#respond\"]}],\"copyrightYear\":\"2020\",\"copyrightHolder\":{\"@id\":\"https:\\\/\\\/batitrakya.live\\\/#organization\"}},{\"@type\":\"WebPage\",\"@id\":\"https:\\\/\\\/batitrakya.live\\\/index.php\\\/cocuklar-d-vitamini-icin-gunesli-gunlerde-balkona-cikarilmali\\\/\",\"url\":\"https:\\\/\\\/batitrakya.live\\\/index.php\\\/cocuklar-d-vitamini-icin-gunesli-gunlerde-balkona-cikarilmali\\\/\",\"name\":\"\u00c7ocuklar D vitamini i\u00e7in g\u00fcne\u015fli g\u00fcnlerde balkona \u00e7\u0131kar\u0131lmal\u0131... - Bat\u0131 Trakya Haber\",\"isPartOf\":{\"@id\":\"https:\\\/\\\/batitrakya.live\\\/#website\"},\"primaryImageOfPage\":{\"@id\":\"https:\\\/\\\/batitrakya.live\\\/index.php\\\/cocuklar-d-vitamini-icin-gunesli-gunlerde-balkona-cikarilmali\\\/#primaryimage\"},\"image\":{\"@id\":\"https:\\\/\\\/batitrakya.live\\\/index.php\\\/cocuklar-d-vitamini-icin-gunesli-gunlerde-balkona-cikarilmali\\\/#primaryimage\"},\"thumbnailUrl\":\"https:\\\/\\\/batitrakya.live\\\/wp-content\\\/uploads\\\/2020\\\/05\\\/d_vitamini.jpg\",\"datePublished\":\"2020-05-27T11:46:16+00:00\",\"author\":{\"@id\":\"https:\\\/\\\/batitrakya.live\\\/#\\\/schema\\\/person\\\/61b86abbc19e5fa0bbc3059670546fe5\"},\"breadcrumb\":{\"@id\":\"https:\\\/\\\/batitrakya.live\\\/index.php\\\/cocuklar-d-vitamini-icin-gunesli-gunlerde-balkona-cikarilmali\\\/#breadcrumb\"},\"inLanguage\":\"tr\",\"potentialAction\":[{\"@type\":\"ReadAction\",\"target\":[\"https:\\\/\\\/batitrakya.live\\\/index.php\\\/cocuklar-d-vitamini-icin-gunesli-gunlerde-balkona-cikarilmali\\\/\"]}]},{\"@type\":\"ImageObject\",\"inLanguage\":\"tr\",\"@id\":\"https:\\\/\\\/batitrakya.live\\\/index.php\\\/cocuklar-d-vitamini-icin-gunesli-gunlerde-balkona-cikarilmali\\\/#primaryimage\",\"url\":\"https:\\\/\\\/batitrakya.live\\\/wp-content\\\/uploads\\\/2020\\\/05\\\/d_vitamini.jpg\",\"contentUrl\":\"https:\\\/\\\/batitrakya.live\\\/wp-content\\\/uploads\\\/2020\\\/05\\\/d_vitamini.jpg\",\"width\":720,\"height\":348},{\"@type\":\"BreadcrumbList\",\"@id\":\"https:\\\/\\\/batitrakya.live\\\/index.php\\\/cocuklar-d-vitamini-icin-gunesli-gunlerde-balkona-cikarilmali\\\/#breadcrumb\",\"itemListElement\":[{\"@type\":\"ListItem\",\"position\":1,\"name\":\"Anasayfa\",\"item\":\"https:\\\/\\\/batitrakya.live\\\/\"},{\"@type\":\"ListItem\",\"position\":2,\"name\":\"\u00c7ocuklar D vitamini i\u00e7in g\u00fcne\u015fli g\u00fcnlerde balkona \u00e7\u0131kar\u0131lmal\u0131&#8230;\"}]},{\"@type\":\"WebSite\",\"@id\":\"https:\\\/\\\/batitrakya.live\\\/#website\",\"url\":\"https:\\\/\\\/batitrakya.live\\\/\",\"name\":\"Bat\u0131 Trakya Haber\",\"description\":\"Bat\u0131 Trakyan\u0131n internetteki sesi..\",\"potentialAction\":[{\"@type\":\"SearchAction\",\"target\":{\"@type\":\"EntryPoint\",\"urlTemplate\":\"https:\\\/\\\/batitrakya.live\\\/?s={search_term_string}\"},\"query-input\":{\"@type\":\"PropertyValueSpecification\",\"valueRequired\":true,\"valueName\":\"search_term_string\"}}],\"inLanguage\":\"tr\"},{\"@type\":\"Person\",\"@id\":\"https:\\\/\\\/batitrakya.live\\\/#\\\/schema\\\/person\\\/61b86abbc19e5fa0bbc3059670546fe5\",\"name\":\"tamer\",\"image\":{\"@type\":\"ImageObject\",\"inLanguage\":\"tr\",\"@id\":\"https:\\\/\\\/secure.gravatar.com\\\/avatar\\\/60b0ff14c4376999cea9565d28b91fc61ff0f727c28cd083506a6d83ad6df9c9?s=96&d=mm&r=g\",\"url\":\"https:\\\/\\\/secure.gravatar.com\\\/avatar\\\/60b0ff14c4376999cea9565d28b91fc61ff0f727c28cd083506a6d83ad6df9c9?s=96&d=mm&r=g\",\"contentUrl\":\"https:\\\/\\\/secure.gravatar.com\\\/avatar\\\/60b0ff14c4376999cea9565d28b91fc61ff0f727c28cd083506a6d83ad6df9c9?s=96&d=mm&r=g\",\"caption\":\"tamer\"},\"sameAs\":[\"https:\\\/\\\/batitrakya.live\"],\"url\":\"https:\\\/\\\/batitrakya.live\\\/index.php\\\/author\\\/tamer\\\/\"}]}<\/script>\n<!-- \/ Yoast SEO Premium plugin. -->","yoast_head_json":{"title":"\u00c7ocuklar D vitamini i\u00e7in g\u00fcne\u015fli g\u00fcnlerde balkona \u00e7\u0131kar\u0131lmal\u0131... - Bat\u0131 Trakya Haber","robots":{"index":"index","follow":"follow","max-snippet":"max-snippet:-1","max-image-preview":"max-image-preview:large","max-video-preview":"max-video-preview:-1"},"canonical":"https:\/\/batitrakya.live\/index.php\/cocuklar-d-vitamini-icin-gunesli-gunlerde-balkona-cikarilmali\/","og_locale":"tr_TR","og_type":"article","og_title":"\u00c7ocuklar D vitamini i\u00e7in g\u00fcne\u015fli g\u00fcnlerde balkona \u00e7\u0131kar\u0131lmal\u0131...","og_description":"Uzmanlar yeni tip koronavir\u00fcs salg\u0131n\u0131yla m\u00fccadele kapsam\u0131nda soka\u011fa \u00e7\u0131kmalar\u0131 k\u0131s\u0131tlanan \u00e7ocuklar\u0131n D vitaminine ihtiya\u00e7 duydu\u011funu belirtiyor. \u00c7ocuk Sa\u011fl\u0131\u011f\u0131 ve Hastal\u0131klar\u0131 Uzman\u0131 Do\u00e7. Dr. Akg\u00fcl Akp\u0131narl\u0131 Antony, yeni tip koronavir\u00fcs salg\u0131n\u0131yla m\u00fccadele kapsam\u0131nda soka\u011fa \u00e7\u0131kmalar\u0131 k\u0131s\u0131tlanan \u00e7ocuklar\u0131n daha az g\u00fcne\u015fe maruz kald\u0131klar\u0131 i\u00e7in daha az D vitamini \u00fcrettiklerini belirterek, &#8220;Oysa D vitamini en fazla sentezleyebilece\u011fimiz yaz &hellip;","og_url":"https:\/\/batitrakya.live\/index.php\/cocuklar-d-vitamini-icin-gunesli-gunlerde-balkona-cikarilmali\/","og_site_name":"Bat\u0131 Trakya Haber","article_published_time":"2020-05-27T11:46:16+00:00","og_image":[{"width":720,"height":348,"url":"https:\/\/batitrakya.live\/wp-content\/uploads\/2020\/05\/d_vitamini.jpg","type":"image\/jpeg"}],"author":"tamer","twitter_card":"summary_large_image","twitter_misc":{"Yazan:":"tamer","Tahmini okuma s\u00fcresi":"4 dakika"},"schema":{"@context":"https:\/\/schema.org","@graph":[{"@type":"Article","@id":"https:\/\/batitrakya.live\/index.php\/cocuklar-d-vitamini-icin-gunesli-gunlerde-balkona-cikarilmali\/#article","isPartOf":{"@id":"https:\/\/batitrakya.live\/index.php\/cocuklar-d-vitamini-icin-gunesli-gunlerde-balkona-cikarilmali\/"},"author":{"name":"tamer","@id":"https:\/\/batitrakya.live\/#\/schema\/person\/61b86abbc19e5fa0bbc3059670546fe5"},"headline":"\u00c7ocuklar D vitamini i\u00e7in g\u00fcne\u015fli g\u00fcnlerde balkona \u00e7\u0131kar\u0131lmal\u0131&#8230;","datePublished":"2020-05-27T11:46:16+00:00","mainEntityOfPage":{"@id":"https:\/\/batitrakya.live\/index.php\/cocuklar-d-vitamini-icin-gunesli-gunlerde-balkona-cikarilmali\/"},"wordCount":807,"commentCount":0,"image":{"@id":"https:\/\/batitrakya.live\/index.php\/cocuklar-d-vitamini-icin-gunesli-gunlerde-balkona-cikarilmali\/#primaryimage"},"thumbnailUrl":"https:\/\/batitrakya.live\/wp-content\/uploads\/2020\/05\/d_vitamini.jpg","keywords":["G\u00fcne\u015f","Sa\u011fl\u0131k"],"articleSection":["Sa\u011fl\u0131k | Ya\u015fam"],"inLanguage":"tr","potentialAction":[{"@type":"CommentAction","name":"Comment","target":["https:\/\/batitrakya.live\/index.php\/cocuklar-d-vitamini-icin-gunesli-gunlerde-balkona-cikarilmali\/#respond"]}],"copyrightYear":"2020","copyrightHolder":{"@id":"https:\/\/batitrakya.live\/#organization"}},{"@type":"WebPage","@id":"https:\/\/batitrakya.live\/index.php\/cocuklar-d-vitamini-icin-gunesli-gunlerde-balkona-cikarilmali\/","url":"https:\/\/batitrakya.live\/index.php\/cocuklar-d-vitamini-icin-gunesli-gunlerde-balkona-cikarilmali\/","name":"\u00c7ocuklar D vitamini i\u00e7in g\u00fcne\u015fli g\u00fcnlerde balkona \u00e7\u0131kar\u0131lmal\u0131... - Bat\u0131 Trakya Haber","isPartOf":{"@id":"https:\/\/batitrakya.live\/#website"},"primaryImageOfPage":{"@id":"https:\/\/batitrakya.live\/index.php\/cocuklar-d-vitamini-icin-gunesli-gunlerde-balkona-cikarilmali\/#primaryimage"},"image":{"@id":"https:\/\/batitrakya.live\/index.php\/cocuklar-d-vitamini-icin-gunesli-gunlerde-balkona-cikarilmali\/#primaryimage"},"thumbnailUrl":"https:\/\/batitrakya.live\/wp-content\/uploads\/2020\/05\/d_vitamini.jpg","datePublished":"2020-05-27T11:46:16+00:00","author":{"@id":"https:\/\/batitrakya.live\/#\/schema\/person\/61b86abbc19e5fa0bbc3059670546fe5"},"breadcrumb":{"@id":"https:\/\/batitrakya.live\/index.php\/cocuklar-d-vitamini-icin-gunesli-gunlerde-balkona-cikarilmali\/#breadcrumb"},"inLanguage":"tr","potentialAction":[{"@type":"ReadAction","target":["https:\/\/batitrakya.live\/index.php\/cocuklar-d-vitamini-icin-gunesli-gunlerde-balkona-cikarilmali\/"]}]},{"@type":"ImageObject","inLanguage":"tr","@id":"https:\/\/batitrakya.live\/index.php\/cocuklar-d-vitamini-icin-gunesli-gunlerde-balkona-cikarilmali\/#primaryimage","url":"https:\/\/batitrakya.live\/wp-content\/uploads\/2020\/05\/d_vitamini.jpg","contentUrl":"https:\/\/batitrakya.live\/wp-content\/uploads\/2020\/05\/d_vitamini.jpg","width":720,"height":348},{"@type":"BreadcrumbList","@id":"https:\/\/batitrakya.live\/index.php\/cocuklar-d-vitamini-icin-gunesli-gunlerde-balkona-cikarilmali\/#breadcrumb","itemListElement":[{"@type":"ListItem","position":1,"name":"Anasayfa","item":"https:\/\/batitrakya.live\/"},{"@type":"ListItem","position":2,"name":"\u00c7ocuklar D vitamini i\u00e7in g\u00fcne\u015fli g\u00fcnlerde balkona \u00e7\u0131kar\u0131lmal\u0131&#8230;"}]},{"@type":"WebSite","@id":"https:\/\/batitrakya.live\/#website","url":"https:\/\/batitrakya.live\/","name":"Bat\u0131 Trakya Haber","description":"Bat\u0131 Trakyan\u0131n internetteki sesi..","potentialAction":[{"@type":"SearchAction","target":{"@type":"EntryPoint","urlTemplate":"https:\/\/batitrakya.live\/?s={search_term_string}"},"query-input":{"@type":"PropertyValueSpecification","valueRequired":true,"valueName":"search_term_string"}}],"inLanguage":"tr"},{"@type":"Person","@id":"https:\/\/batitrakya.live\/#\/schema\/person\/61b86abbc19e5fa0bbc3059670546fe5","name":"tamer","image":{"@type":"ImageObject","inLanguage":"tr","@id":"https:\/\/secure.gravatar.com\/avatar\/60b0ff14c4376999cea9565d28b91fc61ff0f727c28cd083506a6d83ad6df9c9?s=96&d=mm&r=g","url":"https:\/\/secure.gravatar.com\/avatar\/60b0ff14c4376999cea9565d28b91fc61ff0f727c28cd083506a6d83ad6df9c9?s=96&d=mm&r=g","contentUrl":"https:\/\/secure.gravatar.com\/avatar\/60b0ff14c4376999cea9565d28b91fc61ff0f727c28cd083506a6d83ad6df9c9?s=96&d=mm&r=g","caption":"tamer"},"sameAs":["https:\/\/batitrakya.live"],"url":"https:\/\/batitrakya.live\/index.php\/author\/tamer\/"}]}},"_links":{"self":[{"href":"https:\/\/batitrakya.live\/index.php\/wp-json\/wp\/v2\/posts\/24972","targetHints":{"allow":["GET"]}}],"collection":[{"href":"https:\/\/batitrakya.live\/index.php\/wp-json\/wp\/v2\/posts"}],"about":[{"href":"https:\/\/batitrakya.live\/index.php\/wp-json\/wp\/v2\/types\/post"}],"author":[{"embeddable":true,"href":"https:\/\/batitrakya.live\/index.php\/wp-json\/wp\/v2\/users\/1"}],"replies":[{"embeddable":true,"href":"https:\/\/batitrakya.live\/index.php\/wp-json\/wp\/v2\/comments?post=24972"}],"version-history":[{"count":0,"href":"https:\/\/batitrakya.live\/index.php\/wp-json\/wp\/v2\/posts\/24972\/revisions"}],"wp:featuredmedia":[{"embeddable":true,"href":"https:\/\/batitrakya.live\/index.php\/wp-json\/wp\/v2\/media\/33083"}],"wp:attachment":[{"href":"https:\/\/batitrakya.live\/index.php\/wp-json\/wp\/v2\/media?parent=24972"}],"wp:term":[{"taxonomy":"category","embeddable":true,"href":"https:\/\/batitrakya.live\/index.php\/wp-json\/wp\/v2\/categories?post=24972"},{"taxonomy":"post_tag","embeddable":true,"href":"https:\/\/batitrakya.live\/index.php\/wp-json\/wp\/v2\/tags?post=24972"}],"curies":[{"name":"wp","href":"https:\/\/api.w.org\/{rel}","templated":true}]}}