{"id":18957,"date":"2020-02-22T16:02:03","date_gmt":"2020-02-22T16:02:03","guid":{"rendered":"http:\/\/batitrakya.online\/?p=18957"},"modified":"2020-02-22T16:02:03","modified_gmt":"2020-02-22T16:02:03","slug":"cumhurbaskanimiz-mehmetoglu-hafiz-salih-efendiyi-rahmetle-aniyoruz","status":"publish","type":"post","link":"https:\/\/batitrakya.live\/index.php\/cumhurbaskanimiz-mehmetoglu-hafiz-salih-efendiyi-rahmetle-aniyoruz\/","title":{"rendered":"Mehmeto\u011flu Haf\u0131z Salih Efendi\u2019yi Rahmetle An\u0131yoruz&#8230;"},"content":{"rendered":"\n\n\n<p>A\u011fustos 1913 tarihinde Bat\u0131 Trakya\u2019da kurulan ve 56 g\u00fcn hayatta kalabilen Bat\u0131 Trakya T\u00fcrk Cumhuriyeti\u2019nin ilk Cumhurba\u015fkan\u0131 M\u00fcderris Haf\u0131z Salih Efendi\u2019yi vefat\u0131n\u0131n 86. y\u0131l\u0131nda (22 \u015eubat 1934) rahmetle an\u0131yoruz.<\/p>\n\n\n\n<p>Bug\u00fcn asl\u0131nda biz Bat\u0131 Trakya T\u00fcrkleri i\u00e7in \u00f6nmeli bir g\u00fcn. Bat\u0131 Trakya\u2019da 31 A\u011fustos 1913\u2019te kurulan \u201cT\u00fcrk Cumhuriyeti\u2019nin Cumhurba\u015fkan\u0131\u201d n\u0131n 81. \u00f6l\u00fcm y\u0131ld\u00f6n\u00fcm\u00fc 22 \u015eubat Pazar g\u00fcn\u00fc, yani bug\u00fcn. Bizler de B\u0130RL\u0130K Gazetesi olarak bu muhterem b\u00fcy\u00fc\u011f\u00fcm\u00fcz\u00fcn 86. \u00f6l\u00fcm y\u0131ld\u00f6n\u00fcm\u00fc m\u00fcnasebetiyle, hayat\u0131n\u0131 sizlerle payla\u015fal\u0131m dedik.<ins><\/ins><\/p>\n\n\n\n<h2 class=\"wp-block-heading\"><strong>Haf\u0131z Salih Efendi kimdi?<\/strong><\/h2>\n\n\n\n<p>Cumhurba\u015fkan\u0131 Haf\u0131z Salih efendi 1869 y\u0131l\u0131nda, \u015fimdi Bulgaristan\u2019da kalan Ahi \u00c7elebi\u2019de do\u011fdu ve 22 \u015eubat 1934\u2019te G\u00fcm\u00fclcine\u2019de \u00f6ld\u00fc. Kabri G\u00fcm\u00fclcine\u2019de Po\u015fpo\u015f mezarl\u0131\u011f\u0131ndad\u0131r.<\/p>\n\n\n\n<p>Haf\u0131z Salih Efendi, Terzi \u00d6ren Medresesi\u2019nden mezun olduktan sonra K\u0131rcaali M\u00fcft\u00fcs\u00fc Hac\u0131 Ahmet efendiden de icazet al\u0131r ve G\u00fcm\u00fclcine\u2019ye gelerek yerle\u015ftikten sonra da Kayal\u0131 Medresesi M\u00fcderrisi olur.<\/p>\n\n\n\n<p>Haf\u0131z Salih Efendi, Kayal\u0131 Medresesi\u2019nde g\u00f6rev yapt\u0131\u011f\u0131 d\u00f6nemde 1. Balkan Sava\u015f\u0131 cereyan etmi\u015f ve bu sava\u015f sonunda Osmanl\u0131 \u0130mparatorlu\u011fu Balkanlar\u2019dan \u00e7ekilmeye ba\u015flam\u0131\u015ft\u0131r.<\/p>\n\n\n\n<p>Ancak, Birinci Balkan Sava\u015f\u0131 sonunda Osmanl\u0131 devletinden ayr\u0131lan k\u00fc\u00e7\u00fck Balkan \u00fclkeleri kendi aralar\u0131nda kavgaya ba\u015flam\u0131\u015flar, Osmanl\u0131 T\u00fcrk ordusu da bunu f\u0131rsat bilerek, bir askeri manevra ile hem Edirne\u2019yi geri alm\u0131\u015f, hem de hudut s\u0131n\u0131rlar\u0131n\u0131 geni\u015fletmi\u015ftir.<\/p>\n\n\n\n<p>\u0130\u015fte bu karmakar\u0131\u015f\u0131k Balkan devletleri aras\u0131 anla\u015fmazl\u0131\u011f\u0131n\u0131 f\u0131rsat bilerek o devre T\u00fcrk Ordusu kurmaylar\u0131 Bat\u0131 Trakya\u2019y\u0131 da i\u00e7ine alan Bat\u0131 Trakya T\u00fcrk Cumhuriyeti\u2019ni kurmaya arac\u0131 olmu\u015flard\u0131r.<\/p>\n\n\n\n<p>T\u00fcrkiye\u2019den gelen subay ve sivil memur kadrosu \u201cGarbi Trakya H\u00fck\u00fcmet-\u0130 Muvakkatesi\u201d, daha sonra g\u00f6r\u00fclen l\u00fczum \u00fczerine \u201cGarbi Trakya H\u00fck\u00fcmet-\u0130 M\u00fcstakilesi\u201d kurulmu\u015ftur. Bu h\u00fck\u00fcmetin Cumhurba\u015fkanl\u0131\u011f\u0131\u2019na G\u00fcm\u00fclcine Kayal\u0131 Medresesi M\u00fcderrisi \u201cMehmeto\u011flu Haf\u0131z Salih\u201d efendi getirilmi\u015ftir.<\/p>\n\n\n\n<p>Bu devletin paras\u0131 hari\u00e7 her \u015feyi vard\u0131. Bat\u0131 Trakya T\u00fcrk Cumhuriyeti\u2019ni Osmanl\u0131 \u0130mparatorlu\u011fu ve Yunanistan da tan\u0131m\u0131\u015ft\u0131r. Bununla ilgili halen g\u00fcn\u00fcm\u00fczde T\u00fcrk \u2013 Yunan kaynaklar\u0131nda geni\u015f bir bilgiler mevcuttur.<\/p>\n\n\n\n<div class=\"wp-block-image\">\n<figure class=\"aligncenter size-large\"><img decoding=\"async\" class=\"wp-image-18958\" src=\"http:\/\/batitrakya.live\/wp-content\/uploads\/2020\/02\/gumulcine-728x410-1.jpg\" alt=\"\" \/><\/figure>\n<\/div>\n\n\n\n<p>Bat\u0131 Trakya T\u00fcrk Cumhuriyeti\u2019nin Cumhurba\u015fkan\u0131 M\u00fcderris Mehmeto\u011flu Haf\u0131z Salih Efendi Cumhurba\u015fkanl\u0131\u011f\u0131 g\u00f6revinden ba\u015fka g\u00f6revlerde de bulunmu\u015ftur:<\/p>\n\n\n\n<p>\u2013 1 Kas\u0131m 1920\u2019de Bat\u0131 Trakya\u2019dan Yunan Parlamentosuna Milletvekili se\u00e7ilmi\u015ftir.<\/p>\n\n\n\n<p>\u2013 21 Nisan 1929\u2019da Yunan Ayan Meclisine Bat\u0131 Trakya T\u00fcrkleri\u2019ni temsilen \u201cSenat\u00f6r\u201d se\u00e7ilmi\u015ftir. M\u00fcderris Haf\u0131z Salih Efendi, 22 \u015eubat 1934\u2019te \u00f6ld\u00fc\u011f\u00fc zaman Senat\u00f6r idi.<\/p>\n\n\n\n<p>M\u00fcderris Haf\u0131z Salih efendi, baz\u0131 k\u0131sa aral\u0131klar hari\u00e7 1922-1929 aras\u0131 G\u00fcm\u00fclcine tayinli Cemaat Ba\u015fkan\u0131 olarak da g\u00f6rev yapt\u0131.<\/p>\n\n\n\n<p>1919\u2019da Bulgarlar, G\u00fcm\u00fclcine\u2019den- Sofya\u2019ya kadar yaya olarak g\u00fcnlerce y\u00fcr\u00fcterek s\u00fcrg\u00fcn etmi\u015flerdir.<\/p>\n\n\n\n<p>Birinci D\u00fcnya Sava\u015f\u0131\u2019ndan sonra Bat\u0131-Kuzey ve Do\u011fu Trakya Frans\u0131z idaresine verilince ancak G\u00fcm\u00fclcine\u2019ye d\u00f6nebilmi\u015ftir.<\/p>\n\n\n\n<div class=\"wp-block-image\">\n<figure class=\"alignleft size-large\"><img decoding=\"async\" class=\"wp-image-18959\" src=\"http:\/\/batitrakya.live\/wp-content\/uploads\/2020\/02\/M\u00dcDERIS_HAFIZ_SALIH.jpg\" alt=\"\" \/><\/figure>\n<\/div>\n\n\n\n<p>1 Kas\u0131m 1920\u2019de yap\u0131lan milletvekili se\u00e7imlerinde Haf\u0131z Salih Efendi Milletvekili se\u00e7ilmi\u015ftir.<\/p>\n\n\n\n<p>Daha evvel Bat\u0131 Trakya T\u00fcrk Cumhuriyeti, Osmanl\u0131 h\u00fck\u00fcmetini y\u00f6neten \u00fc\u00e7 pa\u015fadan CEMAL Pa\u015fa ve TALAT Pa\u015fa ile Cumhurba\u015fkan\u0131 Haf\u0131z Salih Efendi aras\u0131nda \u0130stanbul\u2019da yap\u0131lan g\u00f6r\u00fc\u015fmelerin sonucunda 31 A\u011fustos 1913\u2019te kurulan \u201cGarbi Trakya T\u00fcrk Cumhuriyeti\u201d h\u00fck\u00fcmeti sona ermi\u015ftir. Bu T\u00fcrk Cumhuriyeti, kimilerine g\u00f6re 56 g\u00fcn, kimilerine g\u00f6re ise 58 g\u00fcn s\u00fcrm\u00fc\u015ft\u00fcr.<\/p>\n\n\n\n<p>Son olarak bakt\u0131\u011f\u0131m\u0131zda bug\u00fcn G\u00fcm\u00fclcine\u2019de Po\u015f Po\u015f Mezarl\u0131\u011f\u0131nda s\u0131radan bir mezarda yatan Mehmeto\u011flu Haf\u0131z Salih Efendi;<\/p>\n\n\n\n<p>Cumhurba\u015fkan\u0131, Ayan \u00dcyesi-Senat\u00f6r, Milletvekili, Cemaat Ba\u015fkan\u0131 G\u00fcm\u00fclcine Kayal\u0131 Medresesi M\u00fcderrisi Haf\u0131z Salih Efendi, 22 \u015eubat 1934\u2019te vefat etmi\u015ftir.<\/p>\n\n\n\n<p>G\u00fcm\u00fclcine Po\u015fpo\u015f mezarl\u0131\u011f\u0131ndaki sade mezar ta\u015f\u0131nda yer alan kitabeyi rahmetli \u0130smail B\u0131\u00e7ak\u00e7\u0131 kay\u0131t alt\u0131na alm\u0131\u015ft\u0131.<\/p>\n\n\n\n<p>Cumhurba\u015fkan\u0131 Haf\u0131z Salih Efendi\u2019nin mezar ta\u015f\u0131 kitabesi \u015f\u00f6yledir:<\/p>\n\n\n\n<p>Alim, fad\u0131l hem idi Haf\u0131z-\u0131 Kur\u2019an Mecaz ile muhayyer olup, eylerdi her ilmi beyan.<\/p>\n\n\n\n<p>Ne\u015fr-i ulumdan istifade ederdi nice ehli irfan.<\/p>\n\n\n\n<p>Millete hizmetle \u00f6mr\u00fcn\u00fc ifna eyledi heman.<\/p>\n\n\n\n<p>Reis ve mebus oldu, hem idi ayan.<\/p>\n\n\n\n<p>Ne \u00e7aredir ki fanidir bu cihan.<\/p>\n\n\n\n<p>Nihayet \u201c\u0130rcii\u201d emri celili oldu zahir-\u00fcn n\u00fcmayan.<\/p>\n\n\n\n<p>Ona ni\u015fan tarihi oldu \u201cGaferehullah\u201dey ihvan!<\/p>\n\n\n\n<p>Hem rahmetiyle eyleye idhal dar-i cinan.<\/p>\n\n\n\n<p>G\u00fcm\u00fclcine Kayal\u0131 Medresesi M\u00fcderrisi ayan Haf\u0131z SAL\u0130H efendinin ruhuna Fatiha.<\/p>\n\n\n\n<p>&nbsp;<\/p>\n","protected":false},"excerpt":{"rendered":"<p>A\u011fustos 1913 tarihinde Bat\u0131 Trakya\u2019da kurulan ve 56 g\u00fcn hayatta kalabilen Bat\u0131 Trakya T\u00fcrk Cumhuriyeti\u2019nin ilk Cumhurba\u015fkan\u0131 M\u00fcderris Haf\u0131z Salih Efendi\u2019yi vefat\u0131n\u0131n 86. y\u0131l\u0131nda (22 \u015eubat 1934) rahmetle an\u0131yoruz. Bug\u00fcn asl\u0131nda biz Bat\u0131 Trakya T\u00fcrkleri i\u00e7in \u00f6nmeli bir g\u00fcn. Bat\u0131 Trakya\u2019da 31 A\u011fustos 1913\u2019te kurulan \u201cT\u00fcrk Cumhuriyeti\u2019nin Cumhurba\u015fkan\u0131\u201d n\u0131n 81. \u00f6l\u00fcm y\u0131ld\u00f6n\u00fcm\u00fc 22 \u015eubat Pazar &hellip;<\/p>\n","protected":false},"author":1,"featured_media":33080,"comment_status":"open","ping_status":"open","sticky":false,"template":"","format":"standard","meta":{"footnotes":""},"categories":[134],"tags":[48,204],"class_list":["post-18957","post","type-post","status-publish","format-standard","has-post-thumbnail","hentry","category-tarihkultur","tag-bati-trakya","tag-tarih"],"yoast_head":"<!-- This site is optimized with the Yoast SEO Premium plugin v26.3 (Yoast SEO v27.3) - https:\/\/yoast.com\/product\/yoast-seo-premium-wordpress\/ -->\n<title>Mehmeto\u011flu Haf\u0131z Salih Efendi\u2019yi Rahmetle An\u0131yoruz... - Bat\u0131 Trakya Haber<\/title>\n<meta name=\"robots\" content=\"index, follow, max-snippet:-1, max-image-preview:large, max-video-preview:-1\" \/>\n<link rel=\"canonical\" href=\"https:\/\/batitrakya.live\/index.php\/cumhurbaskanimiz-mehmetoglu-hafiz-salih-efendiyi-rahmetle-aniyoruz\/\" \/>\n<meta property=\"og:locale\" content=\"tr_TR\" \/>\n<meta property=\"og:type\" content=\"article\" \/>\n<meta property=\"og:title\" content=\"Mehmeto\u011flu Haf\u0131z Salih Efendi\u2019yi Rahmetle An\u0131yoruz...\" \/>\n<meta property=\"og:description\" content=\"A\u011fustos 1913 tarihinde Bat\u0131 Trakya\u2019da kurulan ve 56 g\u00fcn hayatta kalabilen Bat\u0131 Trakya T\u00fcrk Cumhuriyeti\u2019nin ilk Cumhurba\u015fkan\u0131 M\u00fcderris Haf\u0131z Salih Efendi\u2019yi vefat\u0131n\u0131n 86. y\u0131l\u0131nda (22 \u015eubat 1934) rahmetle an\u0131yoruz. Bug\u00fcn asl\u0131nda biz Bat\u0131 Trakya T\u00fcrkleri i\u00e7in \u00f6nmeli bir g\u00fcn. Bat\u0131 Trakya\u2019da 31 A\u011fustos 1913\u2019te kurulan \u201cT\u00fcrk Cumhuriyeti\u2019nin Cumhurba\u015fkan\u0131\u201d n\u0131n 81. \u00f6l\u00fcm y\u0131ld\u00f6n\u00fcm\u00fc 22 \u015eubat Pazar &hellip;\" \/>\n<meta property=\"og:url\" content=\"https:\/\/batitrakya.live\/index.php\/cumhurbaskanimiz-mehmetoglu-hafiz-salih-efendiyi-rahmetle-aniyoruz\/\" \/>\n<meta property=\"og:site_name\" content=\"Bat\u0131 Trakya Haber\" \/>\n<meta property=\"article:published_time\" content=\"2020-02-22T16:02:03+00:00\" \/>\n<meta property=\"og:image\" content=\"https:\/\/batitrakya.live\/wp-content\/uploads\/2020\/02\/salih_efendi.jpg\" \/>\n\t<meta property=\"og:image:width\" content=\"720\" \/>\n\t<meta property=\"og:image:height\" content=\"348\" \/>\n\t<meta property=\"og:image:type\" content=\"image\/jpeg\" \/>\n<meta name=\"author\" content=\"tamer\" \/>\n<meta name=\"twitter:card\" content=\"summary_large_image\" \/>\n<meta name=\"twitter:label1\" content=\"Yazan:\" \/>\n\t<meta name=\"twitter:data1\" content=\"tamer\" \/>\n\t<meta name=\"twitter:label2\" content=\"Tahmini okuma s\u00fcresi\" \/>\n\t<meta name=\"twitter:data2\" content=\"3 dakika\" \/>\n<script type=\"application\/ld+json\" class=\"yoast-schema-graph\">{\"@context\":\"https:\\\/\\\/schema.org\",\"@graph\":[{\"@type\":\"Article\",\"@id\":\"https:\\\/\\\/batitrakya.live\\\/index.php\\\/cumhurbaskanimiz-mehmetoglu-hafiz-salih-efendiyi-rahmetle-aniyoruz\\\/#article\",\"isPartOf\":{\"@id\":\"https:\\\/\\\/batitrakya.live\\\/index.php\\\/cumhurbaskanimiz-mehmetoglu-hafiz-salih-efendiyi-rahmetle-aniyoruz\\\/\"},\"author\":{\"name\":\"tamer\",\"@id\":\"https:\\\/\\\/batitrakya.live\\\/#\\\/schema\\\/person\\\/61b86abbc19e5fa0bbc3059670546fe5\"},\"headline\":\"Mehmeto\u011flu Haf\u0131z Salih Efendi\u2019yi Rahmetle An\u0131yoruz&#8230;\",\"datePublished\":\"2020-02-22T16:02:03+00:00\",\"mainEntityOfPage\":{\"@id\":\"https:\\\/\\\/batitrakya.live\\\/index.php\\\/cumhurbaskanimiz-mehmetoglu-hafiz-salih-efendiyi-rahmetle-aniyoruz\\\/\"},\"wordCount\":805,\"commentCount\":0,\"image\":{\"@id\":\"https:\\\/\\\/batitrakya.live\\\/index.php\\\/cumhurbaskanimiz-mehmetoglu-hafiz-salih-efendiyi-rahmetle-aniyoruz\\\/#primaryimage\"},\"thumbnailUrl\":\"https:\\\/\\\/batitrakya.live\\\/wp-content\\\/uploads\\\/2020\\\/02\\\/salih_efendi.jpg\",\"keywords\":[\"Bat\u0131 Trakya\",\"Tarih\"],\"articleSection\":[\"Tarih | K\u00fclt\u00fcr\"],\"inLanguage\":\"tr\",\"potentialAction\":[{\"@type\":\"CommentAction\",\"name\":\"Comment\",\"target\":[\"https:\\\/\\\/batitrakya.live\\\/index.php\\\/cumhurbaskanimiz-mehmetoglu-hafiz-salih-efendiyi-rahmetle-aniyoruz\\\/#respond\"]}],\"copyrightYear\":\"2020\",\"copyrightHolder\":{\"@id\":\"https:\\\/\\\/batitrakya.live\\\/#organization\"}},{\"@type\":\"WebPage\",\"@id\":\"https:\\\/\\\/batitrakya.live\\\/index.php\\\/cumhurbaskanimiz-mehmetoglu-hafiz-salih-efendiyi-rahmetle-aniyoruz\\\/\",\"url\":\"https:\\\/\\\/batitrakya.live\\\/index.php\\\/cumhurbaskanimiz-mehmetoglu-hafiz-salih-efendiyi-rahmetle-aniyoruz\\\/\",\"name\":\"Mehmeto\u011flu Haf\u0131z Salih Efendi\u2019yi Rahmetle An\u0131yoruz... - Bat\u0131 Trakya Haber\",\"isPartOf\":{\"@id\":\"https:\\\/\\\/batitrakya.live\\\/#website\"},\"primaryImageOfPage\":{\"@id\":\"https:\\\/\\\/batitrakya.live\\\/index.php\\\/cumhurbaskanimiz-mehmetoglu-hafiz-salih-efendiyi-rahmetle-aniyoruz\\\/#primaryimage\"},\"image\":{\"@id\":\"https:\\\/\\\/batitrakya.live\\\/index.php\\\/cumhurbaskanimiz-mehmetoglu-hafiz-salih-efendiyi-rahmetle-aniyoruz\\\/#primaryimage\"},\"thumbnailUrl\":\"https:\\\/\\\/batitrakya.live\\\/wp-content\\\/uploads\\\/2020\\\/02\\\/salih_efendi.jpg\",\"datePublished\":\"2020-02-22T16:02:03+00:00\",\"author\":{\"@id\":\"https:\\\/\\\/batitrakya.live\\\/#\\\/schema\\\/person\\\/61b86abbc19e5fa0bbc3059670546fe5\"},\"breadcrumb\":{\"@id\":\"https:\\\/\\\/batitrakya.live\\\/index.php\\\/cumhurbaskanimiz-mehmetoglu-hafiz-salih-efendiyi-rahmetle-aniyoruz\\\/#breadcrumb\"},\"inLanguage\":\"tr\",\"potentialAction\":[{\"@type\":\"ReadAction\",\"target\":[\"https:\\\/\\\/batitrakya.live\\\/index.php\\\/cumhurbaskanimiz-mehmetoglu-hafiz-salih-efendiyi-rahmetle-aniyoruz\\\/\"]}]},{\"@type\":\"ImageObject\",\"inLanguage\":\"tr\",\"@id\":\"https:\\\/\\\/batitrakya.live\\\/index.php\\\/cumhurbaskanimiz-mehmetoglu-hafiz-salih-efendiyi-rahmetle-aniyoruz\\\/#primaryimage\",\"url\":\"https:\\\/\\\/batitrakya.live\\\/wp-content\\\/uploads\\\/2020\\\/02\\\/salih_efendi.jpg\",\"contentUrl\":\"https:\\\/\\\/batitrakya.live\\\/wp-content\\\/uploads\\\/2020\\\/02\\\/salih_efendi.jpg\",\"width\":720,\"height\":348},{\"@type\":\"BreadcrumbList\",\"@id\":\"https:\\\/\\\/batitrakya.live\\\/index.php\\\/cumhurbaskanimiz-mehmetoglu-hafiz-salih-efendiyi-rahmetle-aniyoruz\\\/#breadcrumb\",\"itemListElement\":[{\"@type\":\"ListItem\",\"position\":1,\"name\":\"Anasayfa\",\"item\":\"https:\\\/\\\/batitrakya.live\\\/\"},{\"@type\":\"ListItem\",\"position\":2,\"name\":\"Mehmeto\u011flu Haf\u0131z Salih Efendi\u2019yi Rahmetle An\u0131yoruz&#8230;\"}]},{\"@type\":\"WebSite\",\"@id\":\"https:\\\/\\\/batitrakya.live\\\/#website\",\"url\":\"https:\\\/\\\/batitrakya.live\\\/\",\"name\":\"Bat\u0131 Trakya Haber\",\"description\":\"Bat\u0131 Trakyan\u0131n internetteki sesi..\",\"potentialAction\":[{\"@type\":\"SearchAction\",\"target\":{\"@type\":\"EntryPoint\",\"urlTemplate\":\"https:\\\/\\\/batitrakya.live\\\/?s={search_term_string}\"},\"query-input\":{\"@type\":\"PropertyValueSpecification\",\"valueRequired\":true,\"valueName\":\"search_term_string\"}}],\"inLanguage\":\"tr\"},{\"@type\":\"Person\",\"@id\":\"https:\\\/\\\/batitrakya.live\\\/#\\\/schema\\\/person\\\/61b86abbc19e5fa0bbc3059670546fe5\",\"name\":\"tamer\",\"image\":{\"@type\":\"ImageObject\",\"inLanguage\":\"tr\",\"@id\":\"https:\\\/\\\/secure.gravatar.com\\\/avatar\\\/60b0ff14c4376999cea9565d28b91fc61ff0f727c28cd083506a6d83ad6df9c9?s=96&d=mm&r=g\",\"url\":\"https:\\\/\\\/secure.gravatar.com\\\/avatar\\\/60b0ff14c4376999cea9565d28b91fc61ff0f727c28cd083506a6d83ad6df9c9?s=96&d=mm&r=g\",\"contentUrl\":\"https:\\\/\\\/secure.gravatar.com\\\/avatar\\\/60b0ff14c4376999cea9565d28b91fc61ff0f727c28cd083506a6d83ad6df9c9?s=96&d=mm&r=g\",\"caption\":\"tamer\"},\"sameAs\":[\"https:\\\/\\\/batitrakya.live\"],\"url\":\"https:\\\/\\\/batitrakya.live\\\/index.php\\\/author\\\/tamer\\\/\"}]}<\/script>\n<!-- \/ Yoast SEO Premium plugin. -->","yoast_head_json":{"title":"Mehmeto\u011flu Haf\u0131z Salih Efendi\u2019yi Rahmetle An\u0131yoruz... - Bat\u0131 Trakya Haber","robots":{"index":"index","follow":"follow","max-snippet":"max-snippet:-1","max-image-preview":"max-image-preview:large","max-video-preview":"max-video-preview:-1"},"canonical":"https:\/\/batitrakya.live\/index.php\/cumhurbaskanimiz-mehmetoglu-hafiz-salih-efendiyi-rahmetle-aniyoruz\/","og_locale":"tr_TR","og_type":"article","og_title":"Mehmeto\u011flu Haf\u0131z Salih Efendi\u2019yi Rahmetle An\u0131yoruz...","og_description":"A\u011fustos 1913 tarihinde Bat\u0131 Trakya\u2019da kurulan ve 56 g\u00fcn hayatta kalabilen Bat\u0131 Trakya T\u00fcrk Cumhuriyeti\u2019nin ilk Cumhurba\u015fkan\u0131 M\u00fcderris Haf\u0131z Salih Efendi\u2019yi vefat\u0131n\u0131n 86. y\u0131l\u0131nda (22 \u015eubat 1934) rahmetle an\u0131yoruz. Bug\u00fcn asl\u0131nda biz Bat\u0131 Trakya T\u00fcrkleri i\u00e7in \u00f6nmeli bir g\u00fcn. Bat\u0131 Trakya\u2019da 31 A\u011fustos 1913\u2019te kurulan \u201cT\u00fcrk Cumhuriyeti\u2019nin Cumhurba\u015fkan\u0131\u201d n\u0131n 81. \u00f6l\u00fcm y\u0131ld\u00f6n\u00fcm\u00fc 22 \u015eubat Pazar &hellip;","og_url":"https:\/\/batitrakya.live\/index.php\/cumhurbaskanimiz-mehmetoglu-hafiz-salih-efendiyi-rahmetle-aniyoruz\/","og_site_name":"Bat\u0131 Trakya Haber","article_published_time":"2020-02-22T16:02:03+00:00","og_image":[{"width":720,"height":348,"url":"https:\/\/batitrakya.live\/wp-content\/uploads\/2020\/02\/salih_efendi.jpg","type":"image\/jpeg"}],"author":"tamer","twitter_card":"summary_large_image","twitter_misc":{"Yazan:":"tamer","Tahmini okuma s\u00fcresi":"3 dakika"},"schema":{"@context":"https:\/\/schema.org","@graph":[{"@type":"Article","@id":"https:\/\/batitrakya.live\/index.php\/cumhurbaskanimiz-mehmetoglu-hafiz-salih-efendiyi-rahmetle-aniyoruz\/#article","isPartOf":{"@id":"https:\/\/batitrakya.live\/index.php\/cumhurbaskanimiz-mehmetoglu-hafiz-salih-efendiyi-rahmetle-aniyoruz\/"},"author":{"name":"tamer","@id":"https:\/\/batitrakya.live\/#\/schema\/person\/61b86abbc19e5fa0bbc3059670546fe5"},"headline":"Mehmeto\u011flu Haf\u0131z Salih Efendi\u2019yi Rahmetle An\u0131yoruz&#8230;","datePublished":"2020-02-22T16:02:03+00:00","mainEntityOfPage":{"@id":"https:\/\/batitrakya.live\/index.php\/cumhurbaskanimiz-mehmetoglu-hafiz-salih-efendiyi-rahmetle-aniyoruz\/"},"wordCount":805,"commentCount":0,"image":{"@id":"https:\/\/batitrakya.live\/index.php\/cumhurbaskanimiz-mehmetoglu-hafiz-salih-efendiyi-rahmetle-aniyoruz\/#primaryimage"},"thumbnailUrl":"https:\/\/batitrakya.live\/wp-content\/uploads\/2020\/02\/salih_efendi.jpg","keywords":["Bat\u0131 Trakya","Tarih"],"articleSection":["Tarih | K\u00fclt\u00fcr"],"inLanguage":"tr","potentialAction":[{"@type":"CommentAction","name":"Comment","target":["https:\/\/batitrakya.live\/index.php\/cumhurbaskanimiz-mehmetoglu-hafiz-salih-efendiyi-rahmetle-aniyoruz\/#respond"]}],"copyrightYear":"2020","copyrightHolder":{"@id":"https:\/\/batitrakya.live\/#organization"}},{"@type":"WebPage","@id":"https:\/\/batitrakya.live\/index.php\/cumhurbaskanimiz-mehmetoglu-hafiz-salih-efendiyi-rahmetle-aniyoruz\/","url":"https:\/\/batitrakya.live\/index.php\/cumhurbaskanimiz-mehmetoglu-hafiz-salih-efendiyi-rahmetle-aniyoruz\/","name":"Mehmeto\u011flu Haf\u0131z Salih Efendi\u2019yi Rahmetle An\u0131yoruz... - Bat\u0131 Trakya Haber","isPartOf":{"@id":"https:\/\/batitrakya.live\/#website"},"primaryImageOfPage":{"@id":"https:\/\/batitrakya.live\/index.php\/cumhurbaskanimiz-mehmetoglu-hafiz-salih-efendiyi-rahmetle-aniyoruz\/#primaryimage"},"image":{"@id":"https:\/\/batitrakya.live\/index.php\/cumhurbaskanimiz-mehmetoglu-hafiz-salih-efendiyi-rahmetle-aniyoruz\/#primaryimage"},"thumbnailUrl":"https:\/\/batitrakya.live\/wp-content\/uploads\/2020\/02\/salih_efendi.jpg","datePublished":"2020-02-22T16:02:03+00:00","author":{"@id":"https:\/\/batitrakya.live\/#\/schema\/person\/61b86abbc19e5fa0bbc3059670546fe5"},"breadcrumb":{"@id":"https:\/\/batitrakya.live\/index.php\/cumhurbaskanimiz-mehmetoglu-hafiz-salih-efendiyi-rahmetle-aniyoruz\/#breadcrumb"},"inLanguage":"tr","potentialAction":[{"@type":"ReadAction","target":["https:\/\/batitrakya.live\/index.php\/cumhurbaskanimiz-mehmetoglu-hafiz-salih-efendiyi-rahmetle-aniyoruz\/"]}]},{"@type":"ImageObject","inLanguage":"tr","@id":"https:\/\/batitrakya.live\/index.php\/cumhurbaskanimiz-mehmetoglu-hafiz-salih-efendiyi-rahmetle-aniyoruz\/#primaryimage","url":"https:\/\/batitrakya.live\/wp-content\/uploads\/2020\/02\/salih_efendi.jpg","contentUrl":"https:\/\/batitrakya.live\/wp-content\/uploads\/2020\/02\/salih_efendi.jpg","width":720,"height":348},{"@type":"BreadcrumbList","@id":"https:\/\/batitrakya.live\/index.php\/cumhurbaskanimiz-mehmetoglu-hafiz-salih-efendiyi-rahmetle-aniyoruz\/#breadcrumb","itemListElement":[{"@type":"ListItem","position":1,"name":"Anasayfa","item":"https:\/\/batitrakya.live\/"},{"@type":"ListItem","position":2,"name":"Mehmeto\u011flu Haf\u0131z Salih Efendi\u2019yi Rahmetle An\u0131yoruz&#8230;"}]},{"@type":"WebSite","@id":"https:\/\/batitrakya.live\/#website","url":"https:\/\/batitrakya.live\/","name":"Bat\u0131 Trakya Haber","description":"Bat\u0131 Trakyan\u0131n internetteki sesi..","potentialAction":[{"@type":"SearchAction","target":{"@type":"EntryPoint","urlTemplate":"https:\/\/batitrakya.live\/?s={search_term_string}"},"query-input":{"@type":"PropertyValueSpecification","valueRequired":true,"valueName":"search_term_string"}}],"inLanguage":"tr"},{"@type":"Person","@id":"https:\/\/batitrakya.live\/#\/schema\/person\/61b86abbc19e5fa0bbc3059670546fe5","name":"tamer","image":{"@type":"ImageObject","inLanguage":"tr","@id":"https:\/\/secure.gravatar.com\/avatar\/60b0ff14c4376999cea9565d28b91fc61ff0f727c28cd083506a6d83ad6df9c9?s=96&d=mm&r=g","url":"https:\/\/secure.gravatar.com\/avatar\/60b0ff14c4376999cea9565d28b91fc61ff0f727c28cd083506a6d83ad6df9c9?s=96&d=mm&r=g","contentUrl":"https:\/\/secure.gravatar.com\/avatar\/60b0ff14c4376999cea9565d28b91fc61ff0f727c28cd083506a6d83ad6df9c9?s=96&d=mm&r=g","caption":"tamer"},"sameAs":["https:\/\/batitrakya.live"],"url":"https:\/\/batitrakya.live\/index.php\/author\/tamer\/"}]}},"_links":{"self":[{"href":"https:\/\/batitrakya.live\/index.php\/wp-json\/wp\/v2\/posts\/18957","targetHints":{"allow":["GET"]}}],"collection":[{"href":"https:\/\/batitrakya.live\/index.php\/wp-json\/wp\/v2\/posts"}],"about":[{"href":"https:\/\/batitrakya.live\/index.php\/wp-json\/wp\/v2\/types\/post"}],"author":[{"embeddable":true,"href":"https:\/\/batitrakya.live\/index.php\/wp-json\/wp\/v2\/users\/1"}],"replies":[{"embeddable":true,"href":"https:\/\/batitrakya.live\/index.php\/wp-json\/wp\/v2\/comments?post=18957"}],"version-history":[{"count":0,"href":"https:\/\/batitrakya.live\/index.php\/wp-json\/wp\/v2\/posts\/18957\/revisions"}],"wp:featuredmedia":[{"embeddable":true,"href":"https:\/\/batitrakya.live\/index.php\/wp-json\/wp\/v2\/media\/33080"}],"wp:attachment":[{"href":"https:\/\/batitrakya.live\/index.php\/wp-json\/wp\/v2\/media?parent=18957"}],"wp:term":[{"taxonomy":"category","embeddable":true,"href":"https:\/\/batitrakya.live\/index.php\/wp-json\/wp\/v2\/categories?post=18957"},{"taxonomy":"post_tag","embeddable":true,"href":"https:\/\/batitrakya.live\/index.php\/wp-json\/wp\/v2\/tags?post=18957"}],"curies":[{"name":"wp","href":"https:\/\/api.w.org\/{rel}","templated":true}]}}